{"id":26351,"date":"2014-04-11T21:42:53","date_gmt":"2014-04-12T00:42:53","guid":{"rendered":"http:\/\/aconteceunovale.com.br\/portal\/?p=26351"},"modified":"2014-04-11T21:42:53","modified_gmt":"2014-04-12T00:42:53","slug":"novas-unidades-da-uaitec-sao-inauguradas-no-norte-de-minas-e-no-vale-do-jequitinhonha","status":"publish","type":"post","link":"https:\/\/aconteceunovale.com.br\/portal\/?p=26351","title":{"rendered":"Novas unidades da Uaitec s\u00e3o inauguradas no Norte de Minas e no Vale do Jequitinhonha"},"content":{"rendered":"<p>Tr\u00eas novas unidades da Universidade Aberta e Integrada de Minas Gerais (Uaitec) ser\u00e3o inauguras em V\u00e1rzea da Palma, nesta sexta-feira (11\/04); Pirapora, nesse s\u00e1bado (12\/04), e na segunda-feira (14\/04), em Diamantina.<\/p>\n<p>O Uaitec \u00e9 um programa gratuito do Governo de Minas, desenvolvido pela Secretaria de Estado de Ci\u00eancia, Tecnologia e Ensino Superior (Sectes), que est\u00e1 sendo implantado em todas as regi\u00f5es do Estado. A meta da Sectes \u00e9 inaugurar 100 polos de educa\u00e7\u00e3o a dist\u00e2ncia at\u00e9 o fim de 2014 e ampliar significativamente o n\u00famero de profissionais devidamente qualificados.  Atualmente est\u00e3o sendo oferecidos \u00e0 popula\u00e7\u00e3o cursos de idiomas (portugu\u00eas e espanhol); Tecnologia da Informa\u00e7\u00e3o (vocepontocom, profissional em ti ponto com e professor ponto com); al\u00e9m dos MOOCs &#8211; Cursos abertos online e o in\u00e9dito MBA em Engenharia e Inova\u00e7\u00e3o.<\/p>\n<p>Em agosto, ser\u00e3o ofertados seis cursos de gradua\u00e7\u00e3o tecnol\u00f3gica, cuja dura\u00e7\u00e3o ser\u00e1 de tr\u00eas anos. O edital do vestibular est\u00e1 sendo elaborado pela Subsecretaria de Ensino Superior. Os cursos atender\u00e3o a tr\u00eas eixos tem\u00e1ticos: Sustentabilidade (Superior de Tecnologia em Agroecologia e Tecnologia em Gest\u00e3o Ambiental); Gest\u00e3o (Gest\u00e3o P\u00fablica e Gest\u00e3o de Sa\u00fade P\u00fablica) e Tecnologia da Informa\u00e7\u00e3o (Tecnologia em Sistema para Internet e Tecnologia em An\u00e1lise e Desenvolvimento de sistemas). J\u00e1 est\u00e1 definida uma parceria efetiva com as universidades p\u00fablicas estaduais e federais.<\/p>\n<h4><strong>Espa\u00e7o Cultural<\/strong><\/h4>\n<p>Em cada uma das unidades da rede Uaitec, a Sectes destina um espa\u00e7o cultural, com o objetivo de homenagear uma personalidade do munic\u00edpio ligada \u00e0 educa\u00e7\u00e3o, \u00e0 cultura ou \u00e0 produ\u00e7\u00e3o do conhecimento. Em V\u00e1rzea da Palma, o homenageado ser\u00e1 o poeta Jadir Vilela de Souza; em Pirapora, o cantor e compositor Renato Teixeira, e em Diamantina, a ex-escrava e personagem do per\u00edodo colonial brasileiro, Chica da Silva.  <\/p>\n<h4><strong>Servi\u00e7o:<\/strong><\/h4>\n<p><strong>Inaugura\u00e7\u00e3o da Uaitec de V\u00e1rzea da Palma<\/strong><\/p>\n<p>Data: 11 de abril de 2014<\/p>\n<p>Hor\u00e1rio: 18h<\/p>\n<p>Local: Avenida Dr. Antonio Gomes Pinto, 1414 \u2013 Centro<\/p>\n<p><strong>Inaugura\u00e7\u00e3o da Uaitec de Pirapora<\/strong><\/p>\n<p>Data: 12 de abril de 2014<\/p>\n<p>Hor\u00e1rio: 10h30<\/p>\n<p>Local: Pra\u00e7a da Esta\u00e7\u00e3o, 10 \u2013 Centro<\/p>\n<p><strong>Inaugura\u00e7\u00e3o da Uaitec de Diamantina<\/strong><\/p>\n<p>Data: 14 de abril (segunda-feira)<\/p>\n<p>Hor\u00e1rio: 16h<\/p>\n<p>Local: Pra\u00e7a Doutor Prado, 99 &#8211; Centro <\/p>\n","protected":false},"excerpt":{"rendered":"<p>Tr\u00eas novas unidades da Universidade Aberta e Integrada de Minas Gerais (Uaitec) ser\u00e3o inauguras em V\u00e1rzea da Palma, nesta sexta-feira (11\/04); Pirapora, nesse s\u00e1bado (12\/04), e na segunda-feira (14\/04), em Diamantina. O Uaitec \u00e9 um programa gratuito do Governo de Minas, desenvolvido pela Secretaria de Estado de Ci\u00eancia, Tecnologia e Ensino Superior (Sectes), que est\u00e1 [&hellip;]<\/p>\n","protected":false},"author":1,"featured_media":26352,"comment_status":"open","ping_status":"closed","sticky":false,"template":"","format":"standard","meta":{"amp_status":"","footnotes":""},"categories":[123],"tags":[198,6512,254,6513,6514,6515,6516,1340],"class_list":["post-26351","post","type-post","status-publish","format-standard","has-post-thumbnail","hentry","category-gerais","tag-diamantina","tag-novas-unidades-da-uaitec-sao-inauguradas-no-norte-de-minas-e-no-vale-do-jequitinhonha","tag-pirapora","tag-uaitec","tag-uaitec-de-diamantina","tag-uaitec-de-pirapora","tag-uaitec-de-varzea-da-palma","tag-varzea-da-palma"],"_links":{"self":[{"href":"https:\/\/aconteceunovale.com.br\/portal\/index.php?rest_route=\/wp\/v2\/posts\/26351","targetHints":{"allow":["GET"]}}],"collection":[{"href":"https:\/\/aconteceunovale.com.br\/portal\/index.php?rest_route=\/wp\/v2\/posts"}],"about":[{"href":"https:\/\/aconteceunovale.com.br\/portal\/index.php?rest_route=\/wp\/v2\/types\/post"}],"author":[{"embeddable":true,"href":"https:\/\/aconteceunovale.com.br\/portal\/index.php?rest_route=\/wp\/v2\/users\/1"}],"replies":[{"embeddable":true,"href":"https:\/\/aconteceunovale.com.br\/portal\/index.php?rest_route=%2Fwp%2Fv2%2Fcomments&post=26351"}],"version-history":[{"count":0,"href":"https:\/\/aconteceunovale.com.br\/portal\/index.php?rest_route=\/wp\/v2\/posts\/26351\/revisions"}],"wp:featuredmedia":[{"embeddable":true,"href":"https:\/\/aconteceunovale.com.br\/portal\/index.php?rest_route=\/wp\/v2\/media\/26352"}],"wp:attachment":[{"href":"https:\/\/aconteceunovale.com.br\/portal\/index.php?rest_route=%2Fwp%2Fv2%2Fmedia&parent=26351"}],"wp:term":[{"taxonomy":"category","embeddable":true,"href":"https:\/\/aconteceunovale.com.br\/portal\/index.php?rest_route=%2Fwp%2Fv2%2Fcategories&post=26351"},{"taxonomy":"post_tag","embeddable":true,"href":"https:\/\/aconteceunovale.com.br\/portal\/index.php?rest_route=%2Fwp%2Fv2%2Ftags&post=26351"}],"curies":[{"name":"wp","href":"https:\/\/api.w.org\/{rel}","templated":true}]}}