{"id":26338,"date":"2014-04-11T13:53:34","date_gmt":"2014-04-11T16:53:34","guid":{"rendered":"http:\/\/aconteceunovale.com.br\/portal\/?p=26338"},"modified":"2014-04-11T13:53:34","modified_gmt":"2014-04-11T16:53:34","slug":"indiano-de-179-anos-afirma-que-a-morte-o-esqueceu-no-mundo","status":"publish","type":"post","link":"https:\/\/aconteceunovale.com.br\/portal\/?p=26338","title":{"rendered":"Indiano de 179 anos afirma que a morte o esqueceu no mundo"},"content":{"rendered":"<p>Quem v\u00ea a imagem desse velhinho nem imagina que ele vive um dilema existencial, isso mesmo, um dilema existencial. O dilema desse senhor \u00e9 que ao que parece a morte esqueceu ele, disse em entrevista.<\/p>\n<p>Um sapateiro reformado da \u00cdndia alega ter nascido em Janeiro de 1835, o que faz de Mahashta M\u00fbrasi n\u00e3o s\u00f3 o ser humano mais velho do mundo, mas tamb\u00e9m o homem que mais anos viveu na Hist\u00f3ria, de acordo com o Guinness World Records.<\/p>\n<p>As autoridades indianas dizem que o homem nasceu numa casa em Bangalore no dia 6 de Janeiro de 1835. A partir de 1903 passou a viver em Varanasi. Trabalhou nessa cidade at\u00e9 1957, altura em que se reformou\u2026 aos 122 anos.<\/p>\n<p>\u201cEstou vivo h\u00e1 tanto tempo que os meus bisnetos j\u00e1 morreram h\u00e1 anos\u201d, explicou M\u00fbrasi.<\/p>\n<p>\u201cDe algum modo, a Morte esqueceu-se de mim. E agora j\u00e1 n\u00e3o tenho esperan\u00e7a. Ao olhar para as estat\u00edsticas, ningu\u00e9m morre com mais de 150 anos, muito menos com mais de 170. Neste ponto acho que sou imortal ou algo assim\u201d, disse o senhor em uma entrevista.<\/p>\n<p>Segundo o World News Daily Report.com, todos os documentos de identifica\u00e7\u00e3o do homem confirmam a sua vers\u00e3o, mas at\u00e9 ao momento, nenhum exame m\u00e9dico confirmou a veracidade da sua alega\u00e7\u00e3o. O \u00faltimo profissional de sa\u00fade que M\u00fbrasi visitou morreu em 1971, de modo que s\u00e3o escassas as informa\u00e7\u00f5es sobre o seu historial m\u00e9dico.<\/p>\n<p><img decoding=\"async\" src=\"http:\/\/aconteceunovale.com.br\/portal\/wp-content\/uploads\/2014\/04\/homem_de_179_anos.jpg\" alt=\"\" \/><\/p>\n","protected":false},"excerpt":{"rendered":"<p>Quem v\u00ea a imagem desse velhinho nem imagina que ele vive um dilema existencial, isso mesmo, um dilema existencial. O dilema desse senhor \u00e9 que ao que parece a morte esqueceu ele, disse em entrevista. Um sapateiro reformado da \u00cdndia alega ter nascido em Janeiro de 1835, o que faz de Mahashta M\u00fbrasi n\u00e3o s\u00f3 [&hellip;]<\/p>\n","protected":false},"author":1,"featured_media":26335,"comment_status":"open","ping_status":"closed","sticky":false,"template":"","format":"standard","meta":{"amp_status":"","footnotes":""},"categories":[6],"tags":[1018,6505,6503,6504,6506],"class_list":["post-26338","post","type-post","status-publish","format-standard","has-post-thumbnail","hentry","category-br","tag-destaque","tag-indiano-de-179-anos","tag-indiano-de-179-anos-afirma-que-a-forma-o-esqueceu-no-mundo","tag-mahashta-murasi","tag-mahashta-murasi-o-indiano-de-179-anos-de-idade"],"_links":{"self":[{"href":"https:\/\/aconteceunovale.com.br\/portal\/index.php?rest_route=\/wp\/v2\/posts\/26338","targetHints":{"allow":["GET"]}}],"collection":[{"href":"https:\/\/aconteceunovale.com.br\/portal\/index.php?rest_route=\/wp\/v2\/posts"}],"about":[{"href":"https:\/\/aconteceunovale.com.br\/portal\/index.php?rest_route=\/wp\/v2\/types\/post"}],"author":[{"embeddable":true,"href":"https:\/\/aconteceunovale.com.br\/portal\/index.php?rest_route=\/wp\/v2\/users\/1"}],"replies":[{"embeddable":true,"href":"https:\/\/aconteceunovale.com.br\/portal\/index.php?rest_route=%2Fwp%2Fv2%2Fcomments&post=26338"}],"version-history":[{"count":0,"href":"https:\/\/aconteceunovale.com.br\/portal\/index.php?rest_route=\/wp\/v2\/posts\/26338\/revisions"}],"wp:featuredmedia":[{"embeddable":true,"href":"https:\/\/aconteceunovale.com.br\/portal\/index.php?rest_route=\/wp\/v2\/media\/26335"}],"wp:attachment":[{"href":"https:\/\/aconteceunovale.com.br\/portal\/index.php?rest_route=%2Fwp%2Fv2%2Fmedia&parent=26338"}],"wp:term":[{"taxonomy":"category","embeddable":true,"href":"https:\/\/aconteceunovale.com.br\/portal\/index.php?rest_route=%2Fwp%2Fv2%2Fcategories&post=26338"},{"taxonomy":"post_tag","embeddable":true,"href":"https:\/\/aconteceunovale.com.br\/portal\/index.php?rest_route=%2Fwp%2Fv2%2Ftags&post=26338"}],"curies":[{"name":"wp","href":"https:\/\/api.w.org\/{rel}","templated":true}]}}