{"id":26327,"date":"2014-04-11T13:04:27","date_gmt":"2014-04-11T16:04:27","guid":{"rendered":"http:\/\/aconteceunovale.com.br\/portal\/?p=26327"},"modified":"2014-04-11T13:04:27","modified_gmt":"2014-04-11T16:04:27","slug":"menores-de-13-e-14-anos-furtam-cofre-de-igreja-em-coracao-de-jesus","status":"publish","type":"post","link":"https:\/\/aconteceunovale.com.br\/portal\/?p=26327","title":{"rendered":"Menores de 13 e 14 anos furtam cofre de igreja em Cora\u00e7\u00e3o de Jesus"},"content":{"rendered":"<p>A Pol\u00edcia Militar de Cora\u00e7\u00e3o de Jesus (MG) apreendeu, nesta sexta-feira (11), um menor de 13 anos, suspeito de furtar o cofre da igreja matriz da cidade. Segundo a PM ele teve a ajuda de outro adolescente, de 14.<\/p>\n<p>De acordo com a PM, os menores abriram a porta da igreja com uma serra e usaram uma bomba caseira para arrombarem o cofre. Eles conseguiram levar R$ 40 arrecadas das ofertas e quatro auto-falantes, utilizados no sino.<\/p>\n<p>O menor de 13 anos foi apreendido em casa e apontou o matagal, onde os auto-falantes estavam. Parte do dinheiro foi recuperado, mas os pais do adolescentes se comprometeram a pagar o que faltava.<\/p>\n<p>O outro menor ainda n\u00e3o foi encontrado pela pol\u00edcia.<\/p>\n","protected":false},"excerpt":{"rendered":"<p>A Pol\u00edcia Militar de Cora\u00e7\u00e3o de Jesus (MG) apreendeu, nesta sexta-feira (11), um menor de 13 anos, suspeito de furtar o cofre da igreja matriz da cidade. Segundo a PM ele teve a ajuda de outro adolescente, de 14. De acordo com a PM, os menores abriram a porta da igreja com uma serra e [&hellip;]<\/p>\n","protected":false},"author":1,"featured_media":26328,"comment_status":"open","ping_status":"closed","sticky":false,"template":"","format":"standard","meta":{"amp_status":"","footnotes":""},"categories":[1236],"tags":[1801,6498],"class_list":["post-26327","post","type-post","status-publish","format-standard","has-post-thumbnail","hentry","category-norte_de_minas","tag-coracao-de-jesus","tag-menores-de-13-e-14-anos-furtam-cofre-de-igreja-em-coracao-de-jesus"],"_links":{"self":[{"href":"https:\/\/aconteceunovale.com.br\/portal\/index.php?rest_route=\/wp\/v2\/posts\/26327","targetHints":{"allow":["GET"]}}],"collection":[{"href":"https:\/\/aconteceunovale.com.br\/portal\/index.php?rest_route=\/wp\/v2\/posts"}],"about":[{"href":"https:\/\/aconteceunovale.com.br\/portal\/index.php?rest_route=\/wp\/v2\/types\/post"}],"author":[{"embeddable":true,"href":"https:\/\/aconteceunovale.com.br\/portal\/index.php?rest_route=\/wp\/v2\/users\/1"}],"replies":[{"embeddable":true,"href":"https:\/\/aconteceunovale.com.br\/portal\/index.php?rest_route=%2Fwp%2Fv2%2Fcomments&post=26327"}],"version-history":[{"count":0,"href":"https:\/\/aconteceunovale.com.br\/portal\/index.php?rest_route=\/wp\/v2\/posts\/26327\/revisions"}],"wp:featuredmedia":[{"embeddable":true,"href":"https:\/\/aconteceunovale.com.br\/portal\/index.php?rest_route=\/wp\/v2\/media\/26328"}],"wp:attachment":[{"href":"https:\/\/aconteceunovale.com.br\/portal\/index.php?rest_route=%2Fwp%2Fv2%2Fmedia&parent=26327"}],"wp:term":[{"taxonomy":"category","embeddable":true,"href":"https:\/\/aconteceunovale.com.br\/portal\/index.php?rest_route=%2Fwp%2Fv2%2Fcategories&post=26327"},{"taxonomy":"post_tag","embeddable":true,"href":"https:\/\/aconteceunovale.com.br\/portal\/index.php?rest_route=%2Fwp%2Fv2%2Ftags&post=26327"}],"curies":[{"name":"wp","href":"https:\/\/api.w.org\/{rel}","templated":true}]}}