{"id":26312,"date":"2014-04-11T10:09:46","date_gmt":"2014-04-11T13:09:46","guid":{"rendered":"http:\/\/aconteceunovale.com.br\/portal\/?p=26312"},"modified":"2014-04-11T10:10:26","modified_gmt":"2014-04-11T13:10:26","slug":"casas-historicas-do-vilarejo-do-biribiri-a-venda-em-diamantina","status":"publish","type":"post","link":"https:\/\/aconteceunovale.com.br\/portal\/?p=26312","title":{"rendered":"Casas hist\u00f3ricas do vilarejo do Biribiri \u00e0 venda em Diamantina"},"content":{"rendered":"<p>O cen\u00e1rio da pacata Vila do Biribiri, localizada a dez quil\u00f4metros de Diamantina, na regi\u00e3o Central de Minas Gerais, est\u00e1 prestes a mudar. Trinta casas constru\u00eddas ainda no s\u00e9culo XIX e abandonadas por d\u00e9cadas est\u00e3o ganhando novos moradores. Uma mudan\u00e7a e tanto para um vilarejo que, incrivelmente, s\u00f3 contava com duas fam\u00edlias habitantes at\u00e9 pouco tempo atr\u00e1s.<\/p>\n<p>Idealizado pelo arcebispo Jo\u00e3o Ant\u00f4nio Fel\u00edcio, o local foi fundado em 1876 para abrigar uma f\u00e1brica de tecidos \u2013 a Estamparia S\/A, pertencente \u00e0 fam\u00edlia Mascarenhas \u2013 e acolher mulheres pobres do Vale do Jequitinhonha. Nos anos \u00e1ureos, chegou a ter mais de mil moradores que, com o passar do tempo e o fechamento da ind\u00fastria, foram se mudando para lugares mais urbanizados.<\/p>\n<p>As constru\u00e7\u00f5es, no entanto, resistem no local. E, mesmo que deterioradas, ainda mant\u00e9m caracter\u00edsticas originais, como as cores branco e azul. Agora, os im\u00f3veis est\u00e3o \u00e0 venda.<\/p>\n<p>O respons\u00e1vel pelos neg\u00f3cios \u00e9 o corretor Roosewelt Gon\u00e7alves. \u201cA ideia era vender a vila inteira para uma s\u00f3 pessoa, mas ningu\u00e9m estaria disposto a investir R$ 10 milh\u00f5es em im\u00f3veis vazios h\u00e1 mais de 40 anos\u201d, explica. A alternativa, ent\u00e3o, foi vender as casas individualmente.<\/p>\n<p>Com 60 a 100 metros quadrados, o valor das resid\u00eancias varia de R$ 110 mil a R$ 210 mil. Mesmo com estragos provocados pela a\u00e7\u00e3o do tempo, t\u00eam atra\u00eddo muitos compradores. \u201cJ\u00e1 fechei mais de 15 neg\u00f3cios. O investimento \u00e9 feito porque as pessoas t\u00eam um v\u00ednculo com esse lugar e desejam preserv\u00e1-lo. N\u00e3o necessariamente est\u00e3o pensando nas condi\u00e7\u00f5es da casa\u201d, diz o corretor.<\/p>\n<p>Entre os que fazem planos de se mudar est\u00e1 Juscelino Brasiliano, de 50 anos, que trabalha em projetos sociais na cidade. \u201cVisito Biribiri com minha fam\u00edlia h\u00e1 anos. \u00c9 um lugar de paz e posso garantir que o investimento foi pequeno perto da satisfa\u00e7\u00e3o\u201d, afirma.<\/p>\n<p><img decoding=\"async\" src=\"http:\/\/aconteceunovale.com.br\/portal\/wp-content\/uploads\/2014\/04\/vila_biribiri_dtna_a_venda.jpg\" alt=\"\" \/><br \/>\n<\/br><\/p>\n<h4><strong>Obras devem seguir regras do Iepha para preservar o patrim\u00f4nio<\/strong><\/h4>\n<p>Apesar das boas inten\u00e7\u00f5es dos novos moradores da Vila do Biribiri,[\/LEAD] a venda dos casar\u00f5es esbarra em quest\u00f5es legais que podem inviabilizar o futuro dos neg\u00f3cios.<\/p>\n<p>O vilarejo \u00e9 tombado pelo Instituto Estadual do Patrim\u00f4nio Hist\u00f3rico e Art\u00edstico de Minas Gerais (Iepha) desde 1998 e qualquer interven\u00e7\u00e3o precisa passar pela avalia\u00e7\u00e3o do \u00f3rg\u00e3o. A medida \u00e9 tomada para evitar a descaracteriza\u00e7\u00e3o de bens hist\u00f3ricos.<\/p>\n<p>O corretor Roosewelt garante que a regra foi seguida. Mas, segundo o Iepha, as obras come\u00e7aram enquanto os projetos ainda estavam em an\u00e1lise. Agora, determinou a paralisa\u00e7\u00e3o das obras que teriam sido iniciadas sem anu\u00eancia do \u00f3rg\u00e3o de prote\u00e7\u00e3o.<\/p>\n<p>Em nota, o Iepha esclarece que solicitou \u201ca elabora\u00e7\u00e3o de um projeto de urbaniza\u00e7\u00e3o, tendo em vista que o bem tombado \u00e9 um Conjunto Arquitet\u00f4nico-Paisag\u00edstico e n\u00e3o somente casas isoladas\u201d. Se a proposta seguir as diretrizes indicadas no processo de tombamento, a institui\u00e7\u00e3o dar\u00e1 in\u00edcio \u00e0s analises das demandas isoladas dos novos propriet\u00e1rios.<\/p>\n<p>A Vila do Biribiri tamb\u00e9m est\u00e1 na mira do Minist\u00e9rio P\u00fablico Estadual (MPE). Coordenador regional das Promotorias de Justi\u00e7a de Meio Ambiente das Bacias dos Rios Jequitinhonha e Mucuri, Felipe Faria de Oliveira afirma que as vendas foram feitas de forma irregular. \u201cQuando um bem \u00e9 tombado, a lei prev\u00ea que seja dada prefer\u00eancia de aquisi\u00e7\u00e3o ao pr\u00f3prio Estado. N\u00e3o temos not\u00edcia de que isso ocorreu\u201d.<\/p>\n<p>Ele cita tamb\u00e9m que, como o local encontra-se em zona de amortecimento de uma unidade de conserva\u00e7\u00e3o (o Parque Estadual do Biribiri), o loteamento deveria ser licenciado pelos \u00f3rg\u00e3os ambientais respons\u00e1veis.<\/p>\n<p>Uma reuni\u00e3o marcada para este m\u00eas \u2013 a data n\u00e3o foi definida \u2013 ir\u00e1 discutir o futuro da Vila do Biribiri com os envolvidos na venda e compra dos im\u00f3veis.<\/p>\n<p>A import\u00e2ncia cultural e hist\u00f3rica do vilarejo \u00e9 reconhecida pelo secret\u00e1rio de Cultura, Turismo e Patrim\u00f4nio de Diamantina, Walter J\u00fanior. \u201cEsse lugar teve um papel social muito importante. Ainda hoje conserva um potencial tur\u00edstico muito grande\u201d, comenta.<\/p>\n<p>Cercado por montanhas e pr\u00f3ximo a cachoeiras, a Vila do Biribiri tamb\u00e9m j\u00e1 serviu como cen\u00e1rio para v\u00e1rias encena\u00e7\u00f5es, como o filme A Dan\u00e7a dos Bonecos e a novela Irm\u00e3os Coragem.<\/p>\n<p>Ao todo s\u00e3o 33 casas, das quais 30 est\u00e3o \u00e0 venda \u2013 outras tr\u00eas j\u00e1 est\u00e3o ocupadas. Na vila ainda existem o im\u00f3vel da f\u00e1brica, uma escola, um clube e a \u00fanica igreja em estilo rococ\u00f3 de Diamantina. (Hoje em Dia)<\/p>\n","protected":false},"excerpt":{"rendered":"<p>O cen\u00e1rio da pacata Vila do Biribiri, localizada a dez quil\u00f4metros de Diamantina, na regi\u00e3o Central de Minas Gerais, est\u00e1 prestes a mudar. Trinta casas constru\u00eddas ainda no s\u00e9culo XIX e abandonadas por d\u00e9cadas est\u00e3o ganhando novos moradores. Uma mudan\u00e7a e tanto para um vilarejo que, incrivelmente, s\u00f3 contava com duas fam\u00edlias habitantes at\u00e9 pouco [&hellip;]<\/p>\n","protected":false},"author":1,"featured_media":26313,"comment_status":"open","ping_status":"closed","sticky":false,"template":"","format":"standard","meta":{"amp_status":"","footnotes":""},"categories":[120],"tags":[6489,198,6490],"class_list":["post-26312","post","type-post","status-publish","format-standard","has-post-thumbnail","hentry","category-jequi","tag-casas-historicas-do-vilarejo-do-biribiri-a-venda-em-diamantina","tag-diamantina","tag-vila-do-biribiri"],"_links":{"self":[{"href":"https:\/\/aconteceunovale.com.br\/portal\/index.php?rest_route=\/wp\/v2\/posts\/26312","targetHints":{"allow":["GET"]}}],"collection":[{"href":"https:\/\/aconteceunovale.com.br\/portal\/index.php?rest_route=\/wp\/v2\/posts"}],"about":[{"href":"https:\/\/aconteceunovale.com.br\/portal\/index.php?rest_route=\/wp\/v2\/types\/post"}],"author":[{"embeddable":true,"href":"https:\/\/aconteceunovale.com.br\/portal\/index.php?rest_route=\/wp\/v2\/users\/1"}],"replies":[{"embeddable":true,"href":"https:\/\/aconteceunovale.com.br\/portal\/index.php?rest_route=%2Fwp%2Fv2%2Fcomments&post=26312"}],"version-history":[{"count":0,"href":"https:\/\/aconteceunovale.com.br\/portal\/index.php?rest_route=\/wp\/v2\/posts\/26312\/revisions"}],"wp:featuredmedia":[{"embeddable":true,"href":"https:\/\/aconteceunovale.com.br\/portal\/index.php?rest_route=\/wp\/v2\/media\/26313"}],"wp:attachment":[{"href":"https:\/\/aconteceunovale.com.br\/portal\/index.php?rest_route=%2Fwp%2Fv2%2Fmedia&parent=26312"}],"wp:term":[{"taxonomy":"category","embeddable":true,"href":"https:\/\/aconteceunovale.com.br\/portal\/index.php?rest_route=%2Fwp%2Fv2%2Fcategories&post=26312"},{"taxonomy":"post_tag","embeddable":true,"href":"https:\/\/aconteceunovale.com.br\/portal\/index.php?rest_route=%2Fwp%2Fv2%2Ftags&post=26312"}],"curies":[{"name":"wp","href":"https:\/\/api.w.org\/{rel}","templated":true}]}}