{"id":26305,"date":"2014-04-11T09:52:46","date_gmt":"2014-04-11T12:52:46","guid":{"rendered":"http:\/\/aconteceunovale.com.br\/portal\/?p=26305"},"modified":"2014-04-12T13:00:33","modified_gmt":"2014-04-12T16:00:33","slug":"incendio-destroi-47-onibus-em-montes-claros","status":"publish","type":"post","link":"https:\/\/aconteceunovale.com.br\/portal\/?p=26305","title":{"rendered":"Inc\u00eandio destr\u00f3i 43 \u00f4nibus em Montes Claros"},"content":{"rendered":"<p>Os ve\u00edculos n\u00e3o eram mais utilizados e estavam estacionados em um garagem da empresa, para ser vendidos, no bairro Santo In\u00e1cio.<\/p>\n<p>De acordo com o comandante do S\u00e9timo Batalh\u00e3o do Corpo de Bombeiros, major Waldeci Gouveia, o  fogo se alastrou rapidamente devido ao material altamente inflam\u00e1vel dos ve\u00edculos.<\/p>\n<p>\u201cComo o material \u00e9 inflam\u00e1vel nossa preocupa\u00e7\u00e3o se baseou em n\u00e3o deixar o fogo se espalhar e chegar at\u00e9 as resid\u00eancias pr\u00f3ximas daqui\u201d, disse o comandante.<\/p>\n<p>A fuma\u00e7a preocupou moradores da regi\u00e3o. \u201cMinha preocupa\u00e7\u00e3o era somente com minha fam\u00edlia. Estou a cerca de 30 metros do local do inc\u00eandio. Fiquei com medo da fuma\u00e7a causar problemas para a sa\u00fade. Por isso, fomos para outro lugar\u201d, afirma o morador Ademir de Oliveira.<\/p>\n<p>A Pol\u00edcia Militar n\u00e3o confirmou a possibilidade de que o inc\u00eandio tenha sido provocado por uma a\u00e7\u00e3o criminosa. \u201cN\u00f3s estamos trabalhando no rastreamento no sentido de localizar os supostos indiv\u00edduos que poderiam ter provocado esse inc\u00eandio, mas somente ap\u00f3s a per\u00edcia da Pol\u00edcia Civil \u00e9 que se pode afirmar que ele tenha sido provocado criminalmente\u201d, afirmou o aspirante a oficial, Augusto Pena Figueiredo.<\/p>\n<p><img decoding=\"async\" src=\"http:\/\/aconteceunovale.com.br\/portal\/wp-content\/uploads\/2014\/04\/incendio_bus_moc_11_04.jpg\" alt=\"\" \/><em>(Foto: Valdivan Veloso \/ G1)<\/em><\/p>\n","protected":false},"excerpt":{"rendered":"<p>Os ve\u00edculos n\u00e3o eram mais utilizados e estavam estacionados em um garagem da empresa, para ser vendidos, no bairro Santo In\u00e1cio. De acordo com o comandante do S\u00e9timo Batalh\u00e3o do Corpo de Bombeiros, major Waldeci Gouveia, o fogo se alastrou rapidamente devido ao material altamente inflam\u00e1vel dos ve\u00edculos. \u201cComo o material \u00e9 inflam\u00e1vel nossa preocupa\u00e7\u00e3o [&hellip;]<\/p>\n","protected":false},"author":1,"featured_media":26306,"comment_status":"open","ping_status":"closed","sticky":false,"template":"","format":"standard","meta":{"amp_status":"","footnotes":""},"categories":[1236],"tags":[1018,6535,6487,210],"class_list":["post-26305","post","type-post","status-publish","format-standard","has-post-thumbnail","hentry","category-norte_de_minas","tag-destaque","tag-incendio-destroi-43-onibus-em-montes-claros","tag-incendio-destroi-47-onibus-em-montes-claros","tag-montes-claros"],"_links":{"self":[{"href":"https:\/\/aconteceunovale.com.br\/portal\/index.php?rest_route=\/wp\/v2\/posts\/26305","targetHints":{"allow":["GET"]}}],"collection":[{"href":"https:\/\/aconteceunovale.com.br\/portal\/index.php?rest_route=\/wp\/v2\/posts"}],"about":[{"href":"https:\/\/aconteceunovale.com.br\/portal\/index.php?rest_route=\/wp\/v2\/types\/post"}],"author":[{"embeddable":true,"href":"https:\/\/aconteceunovale.com.br\/portal\/index.php?rest_route=\/wp\/v2\/users\/1"}],"replies":[{"embeddable":true,"href":"https:\/\/aconteceunovale.com.br\/portal\/index.php?rest_route=%2Fwp%2Fv2%2Fcomments&post=26305"}],"version-history":[{"count":0,"href":"https:\/\/aconteceunovale.com.br\/portal\/index.php?rest_route=\/wp\/v2\/posts\/26305\/revisions"}],"wp:featuredmedia":[{"embeddable":true,"href":"https:\/\/aconteceunovale.com.br\/portal\/index.php?rest_route=\/wp\/v2\/media\/26306"}],"wp:attachment":[{"href":"https:\/\/aconteceunovale.com.br\/portal\/index.php?rest_route=%2Fwp%2Fv2%2Fmedia&parent=26305"}],"wp:term":[{"taxonomy":"category","embeddable":true,"href":"https:\/\/aconteceunovale.com.br\/portal\/index.php?rest_route=%2Fwp%2Fv2%2Fcategories&post=26305"},{"taxonomy":"post_tag","embeddable":true,"href":"https:\/\/aconteceunovale.com.br\/portal\/index.php?rest_route=%2Fwp%2Fv2%2Ftags&post=26305"}],"curies":[{"name":"wp","href":"https:\/\/api.w.org\/{rel}","templated":true}]}}