{"id":26302,"date":"2014-04-11T09:47:24","date_gmt":"2014-04-11T12:47:24","guid":{"rendered":"http:\/\/aconteceunovale.com.br\/portal\/?p=26302"},"modified":"2014-04-11T12:45:56","modified_gmt":"2014-04-11T15:45:56","slug":"caminhao-carregado-com-carvao-tomba-na-mg-259","status":"publish","type":"post","link":"https:\/\/aconteceunovale.com.br\/portal\/?p=26302","title":{"rendered":"Caminh\u00e3o carregado com carv\u00e3o tomba na MG-129"},"content":{"rendered":"<p>A Pol\u00edcia Rodovi\u00e1ria Estadual registrou mais um acidente na MG-129 na noite dessa quinta-feira, 10 de abril. Um caminh\u00e3o carregado com carv\u00e3o tombou no KM 8 da rodovia, pr\u00f3ximo \u00e0 entrada para a rampa de voo livre, em Itabira.<\/p>\n<p>O motorista Marcos Roberto de Jesus Pereira, 32 anos, disse que seguia sentido Parque de Exposi\u00e7\u00f5es. Ao passar por um quebra-molas, o caminh\u00e3o s\u00e3o suportou o peso da carga e acabou tombando para o lado direito da pista. O condutor n\u00e3o se feriu.<\/p>\n<p>Outro caminh\u00e3o foi disponibilizado para fazer o transbordo da carga. Os militares acionaram um reboque para retirar o ve\u00edculo acidentado.<\/p>\n<p><img decoding=\"async\" src=\"http:\/\/aconteceunovale.com.br\/portal\/wp-content\/uploads\/2014\/04\/acidente_caminhao_de_carvao_259.jpg\" alt=\"\" \/><em>(Foto: Silvio Andrade\/Dedato)<\/em><br \/>\n<\/br><\/p>\n<p><strong>(DeFato Online)<\/strong><\/p>\n","protected":false},"excerpt":{"rendered":"<p>A Pol\u00edcia Rodovi\u00e1ria Estadual registrou mais um acidente na MG-129 na noite dessa quinta-feira, 10 de abril. Um caminh\u00e3o carregado com carv\u00e3o tombou no KM 8 da rodovia, pr\u00f3ximo \u00e0 entrada para a rampa de voo livre, em Itabira. O motorista Marcos Roberto de Jesus Pereira, 32 anos, disse que seguia sentido Parque de Exposi\u00e7\u00f5es. [&hellip;]<\/p>\n","protected":false},"author":1,"featured_media":26303,"comment_status":"open","ping_status":"closed","sticky":false,"template":"","format":"standard","meta":{"amp_status":"","footnotes":""},"categories":[123],"tags":[6485,1018,202,6486],"class_list":["post-26302","post","type-post","status-publish","format-standard","has-post-thumbnail","hentry","category-gerais","tag-caminhao-carregado-com-carvao-tomba-na-mg-259","tag-destaque","tag-itabira","tag-marcos-roberto-de-jesus-pereira"],"_links":{"self":[{"href":"https:\/\/aconteceunovale.com.br\/portal\/index.php?rest_route=\/wp\/v2\/posts\/26302","targetHints":{"allow":["GET"]}}],"collection":[{"href":"https:\/\/aconteceunovale.com.br\/portal\/index.php?rest_route=\/wp\/v2\/posts"}],"about":[{"href":"https:\/\/aconteceunovale.com.br\/portal\/index.php?rest_route=\/wp\/v2\/types\/post"}],"author":[{"embeddable":true,"href":"https:\/\/aconteceunovale.com.br\/portal\/index.php?rest_route=\/wp\/v2\/users\/1"}],"replies":[{"embeddable":true,"href":"https:\/\/aconteceunovale.com.br\/portal\/index.php?rest_route=%2Fwp%2Fv2%2Fcomments&post=26302"}],"version-history":[{"count":0,"href":"https:\/\/aconteceunovale.com.br\/portal\/index.php?rest_route=\/wp\/v2\/posts\/26302\/revisions"}],"wp:featuredmedia":[{"embeddable":true,"href":"https:\/\/aconteceunovale.com.br\/portal\/index.php?rest_route=\/wp\/v2\/media\/26303"}],"wp:attachment":[{"href":"https:\/\/aconteceunovale.com.br\/portal\/index.php?rest_route=%2Fwp%2Fv2%2Fmedia&parent=26302"}],"wp:term":[{"taxonomy":"category","embeddable":true,"href":"https:\/\/aconteceunovale.com.br\/portal\/index.php?rest_route=%2Fwp%2Fv2%2Fcategories&post=26302"},{"taxonomy":"post_tag","embeddable":true,"href":"https:\/\/aconteceunovale.com.br\/portal\/index.php?rest_route=%2Fwp%2Fv2%2Ftags&post=26302"}],"curies":[{"name":"wp","href":"https:\/\/api.w.org\/{rel}","templated":true}]}}