{"id":26285,"date":"2014-04-11T09:40:11","date_gmt":"2014-04-11T12:40:11","guid":{"rendered":"http:\/\/aconteceunovale.com.br\/portal\/?p=26285"},"modified":"2014-04-11T09:40:11","modified_gmt":"2014-04-11T12:40:11","slug":"manifestacao-pede-o-cancelamento-da-interdicao-da-cadeia-publica-de-sabinopolis","status":"publish","type":"post","link":"https:\/\/aconteceunovale.com.br\/portal\/?p=26285","title":{"rendered":"Manifesta\u00e7\u00e3o pede o cancelamento da interdi\u00e7\u00e3o da Cadeia P\u00fablica de Sabin\u00f3polis"},"content":{"rendered":"<p><em><\/p>\n<h4><strong>Parentes de detentos da cadeia p\u00fablica de Sabin\u00f3polis realizaram no dia de ontem, 10\/04, uma manifesta\u00e7\u00e3o pac\u00edfica reivindicando do poder judici\u00e1rio, uma revis\u00e3o na decis\u00e3o tomada em favor da interdi\u00e7\u00e3o do albergue.<\/strong><\/h4>\n<p><\/em><\/p>\n<p><img decoding=\"async\" src=\"http:\/\/aconteceunovale.com.br\/portal\/wp-content\/uploads\/2014\/04\/interdicao_cadeia_sabinopolis_10_04_1.jpg\" alt=\"\" \/><br \/>\n<\/br><\/p>\n<p>Na manh\u00e3 de 10\/04, aproveitando o dia de visita, familiares dos presos, se organizaram para uma manifesta\u00e7\u00e3o pac\u00edfica com o objetivo de colher da justi\u00e7a informa\u00e7\u00f5es sobre a decis\u00e3o de interdi\u00e7\u00e3o da cadeia p\u00fablica da Comarca de Sabin\u00f3polis e reivindicar o direito dos seus parentes presos, de cumprirem suas penas, perto da fam\u00edlia. <\/p>\n<p>Poucos minutos antes do in\u00edcio das visitas, os familiares dos presos tiveram uma conversa com o Dr. Cristiano Casteluci Arantes, delegado da Pol\u00edcia Civil, que os orientou quanto \u00e0 decis\u00e3o da justi\u00e7a e necessidade de se fazer urgentemente uma reforma no local, pois o pr\u00e9dio encontra-se em condi\u00e7\u00f5es desumanas e sem qualquer seguran\u00e7a para todas as partes envolvidas. (<a href=\"https:\/\/www.youtube.com\/watch?v=IzeAd_CnNyM\" target=\"_blank\"><strong>VER V\u00cdDEO<\/strong><\/a>)<\/p>\n<p>Ap\u00f3s a visita, todos seguiram em dire\u00e7\u00e3o ao F\u00f3rum da cidade, local onde foi realizada a manifesta\u00e7\u00e3o.  Ap\u00f3s o in\u00edcio do movimento, uma comiss\u00e3o formada por alguns familiares, foi recebida pelo Juiz e a Promotora de Justi\u00e7a e em uma reuni\u00e3o de portas fechadas, foram esclarecidas as d\u00favidas e discutidas as a\u00e7\u00f5es a serem tomadas pelas partes.<\/p>\n<p><img decoding=\"async\" src=\"http:\/\/aconteceunovale.com.br\/portal\/wp-content\/uploads\/2014\/04\/interdicao_cadeia_sabinopolis_10_04_15.jpg\" alt=\"\" \/><br \/>\n<div id='gallery-1' class='gallery galleryid-26285 gallery-columns-4 gallery-size-thumbnail'><figure class='gallery-item'>\n\t\t\t<div class='gallery-icon landscape'>\n\t\t\t\t<a href='https:\/\/aconteceunovale.com.br\/portal\/wp-content\/uploads\/2014\/04\/interdicao_cadeia_sabinopolis_10_04_2.jpg'><img loading=\"lazy\" decoding=\"async\" width=\"150\" height=\"150\" src=\"https:\/\/aconteceunovale.com.br\/portal\/wp-content\/uploads\/2014\/04\/interdicao_cadeia_sabinopolis_10_04_2-150x150.jpg\" class=\"attachment-thumbnail size-thumbnail\" alt=\"\" \/><\/a>\n\t\t\t<\/div><\/figure><figure class='gallery-item'>\n\t\t\t<div class='gallery-icon landscape'>\n\t\t\t\t<a href='https:\/\/aconteceunovale.com.br\/portal\/wp-content\/uploads\/2014\/04\/interdicao_cadeia_sabinopolis_10_04_3.jpg'><img loading=\"lazy\" decoding=\"async\" width=\"150\" height=\"150\" src=\"https:\/\/aconteceunovale.com.br\/portal\/wp-content\/uploads\/2014\/04\/interdicao_cadeia_sabinopolis_10_04_3-150x150.jpg\" class=\"attachment-thumbnail size-thumbnail\" alt=\"\" \/><\/a>\n\t\t\t<\/div><\/figure><figure class='gallery-item'>\n\t\t\t<div class='gallery-icon landscape'>\n\t\t\t\t<a href='https:\/\/aconteceunovale.com.br\/portal\/wp-content\/uploads\/2014\/04\/interdicao_cadeia_sabinopolis_10_04_4.jpg'><img loading=\"lazy\" decoding=\"async\" width=\"150\" height=\"150\" src=\"https:\/\/aconteceunovale.com.br\/portal\/wp-content\/uploads\/2014\/04\/interdicao_cadeia_sabinopolis_10_04_4-150x150.jpg\" class=\"attachment-thumbnail size-thumbnail\" alt=\"\" \/><\/a>\n\t\t\t<\/div><\/figure><figure class='gallery-item'>\n\t\t\t<div class='gallery-icon landscape'>\n\t\t\t\t<a href='https:\/\/aconteceunovale.com.br\/portal\/wp-content\/uploads\/2014\/04\/interdicao_cadeia_sabinopolis_10_04_5.jpg'><img loading=\"lazy\" decoding=\"async\" width=\"150\" height=\"150\" src=\"https:\/\/aconteceunovale.com.br\/portal\/wp-content\/uploads\/2014\/04\/interdicao_cadeia_sabinopolis_10_04_5-150x150.jpg\" class=\"attachment-thumbnail size-thumbnail\" alt=\"\" \/><\/a>\n\t\t\t<\/div><\/figure><figure class='gallery-item'>\n\t\t\t<div class='gallery-icon landscape'>\n\t\t\t\t<a href='https:\/\/aconteceunovale.com.br\/portal\/wp-content\/uploads\/2014\/04\/interdicao_cadeia_sabinopolis_10_04_6.jpg'><img loading=\"lazy\" decoding=\"async\" width=\"150\" height=\"150\" src=\"https:\/\/aconteceunovale.com.br\/portal\/wp-content\/uploads\/2014\/04\/interdicao_cadeia_sabinopolis_10_04_6-150x150.jpg\" class=\"attachment-thumbnail size-thumbnail\" alt=\"\" \/><\/a>\n\t\t\t<\/div><\/figure><figure class='gallery-item'>\n\t\t\t<div class='gallery-icon landscape'>\n\t\t\t\t<a href='https:\/\/aconteceunovale.com.br\/portal\/wp-content\/uploads\/2014\/04\/interdicao_cadeia_sabinopolis_10_04_7.jpg'><img loading=\"lazy\" decoding=\"async\" width=\"150\" height=\"150\" src=\"https:\/\/aconteceunovale.com.br\/portal\/wp-content\/uploads\/2014\/04\/interdicao_cadeia_sabinopolis_10_04_7-150x150.jpg\" class=\"attachment-thumbnail size-thumbnail\" alt=\"\" \/><\/a>\n\t\t\t<\/div><\/figure><figure class='gallery-item'>\n\t\t\t<div class='gallery-icon landscape'>\n\t\t\t\t<a href='https:\/\/aconteceunovale.com.br\/portal\/wp-content\/uploads\/2014\/04\/interdicao_cadeia_sabinopolis_10_04_8.jpg'><img loading=\"lazy\" decoding=\"async\" width=\"150\" height=\"150\" src=\"https:\/\/aconteceunovale.com.br\/portal\/wp-content\/uploads\/2014\/04\/interdicao_cadeia_sabinopolis_10_04_8-150x150.jpg\" class=\"attachment-thumbnail size-thumbnail\" alt=\"\" \/><\/a>\n\t\t\t<\/div><\/figure><figure class='gallery-item'>\n\t\t\t<div class='gallery-icon landscape'>\n\t\t\t\t<a href='https:\/\/aconteceunovale.com.br\/portal\/wp-content\/uploads\/2014\/04\/interdicao_cadeia_sabinopolis_10_04_15.jpg'><img loading=\"lazy\" decoding=\"async\" width=\"150\" height=\"150\" src=\"https:\/\/aconteceunovale.com.br\/portal\/wp-content\/uploads\/2014\/04\/interdicao_cadeia_sabinopolis_10_04_15-150x150.jpg\" class=\"attachment-thumbnail size-thumbnail\" alt=\"\" \/><\/a>\n\t\t\t<\/div><\/figure>\n\t\t<\/div>\n<\/p>\n<p>De acordo com a lideran\u00e7a da manifesta\u00e7\u00e3o, o objetivo n\u00e3o era fazer baderna e sim entender e buscar uma solu\u00e7\u00e3o para o caso. \u201cA conversa com o Juiz e a promotora nos tirou d\u00favidas, mas nos deixou apreensivas quanto \u00e0 decis\u00e3o tomada. Resolvemos ent\u00e3o colher algumas assinaturas junto aos familiares dos presos e de membros da sociedade sabinopolense, que tamb\u00e9m ser\u00e1 prejudicada, para que possamos estar enviando ao Governo do Estado, que \u00e9 o respons\u00e1vel pela reestrutura\u00e7\u00e3o ou constru\u00e7\u00e3o, se for o caso, de uma nova cadeia p\u00fablica.\u201d &#8211; Comentou a l\u00edder do manifesto.<\/p>\n<p>Em conversa com a reportagem da TV Em Foco e do Aconteceu no Vale, o Juiz da comarca de Sabin\u00f3polis, o merit\u00edssimo Dr. Maur\u00edcio Sim\u00f5es Coelho J\u00fanior, relatou que esta decis\u00e3o n\u00e3o foi uma atitude tomada de um dia para a noite, h\u00e1 um ano que ele se encontra \u00e0 frente da comarca, e neste per\u00edodo, vem tentando de todas as maneiras melhorar as condi\u00e7\u00f5es da cadeia e a situa\u00e7\u00e3o de c\u00e1rceres, que de acordo com ele, \u00e9 desumana e de risco para os presos e para a sociedade. Conforme Dr. Maur\u00edcio, todos estes problemas s\u00e3o bem antigos e alguns anos atr\u00e1s houve tentativa de uma como\u00e7\u00e3o entre os munic\u00edpios integrantes da comarca, Sabin\u00f3polis, Materl\u00e2ndia e Paulistas e realizado um acordo entre eles para uma parceria no intuito de se fazer uma reestrutura\u00e7\u00e3o no pr\u00e9dio penitenci\u00e1rio, justamente para n\u00e3o ocorrer \u00e0 interdi\u00e7\u00e3o. Afirmou ainda, que houve tentativas por parte dele e dos ju\u00edzes anteriores procurando solucionar a situa\u00e7\u00e3o, mas nada foi feito. Conforme DR. Maur\u00edcio, a responsabilidade pela cadeia p\u00fablica n\u00e3o \u00e9 do munic\u00edpio e sim do Estado. E diante desta situa\u00e7\u00e3o e da den\u00fancia do Minist\u00e9rio P\u00fabico, dos laudos do Corpo de Bombeiro, ele n\u00e3o viu outra maneira a n\u00e3o ser decidir pela interdi\u00e7\u00e3o. Foi dado um prazo de 30 dias para que o Governo do Estado assuma sua responsabilidade junto \u00e0 comarca, o que lhe cabe recurso, mas vencido o prazo sem nenhuma a\u00e7\u00e3o concreta, os presos ter\u00e3o que ser removidos para outras cadeias e que as atitudes ser\u00e3o tomadas de maneira cuidadosa, dentro da razoabilidade e proporcionalidade, afetando o m\u00ednimo poss\u00edvel \u00e0 sociedade. <\/p>\n<h4><strong>Laudo T\u00e9cnico pericial<\/strong><\/h4>\n<p><img decoding=\"async\" src=\"http:\/\/aconteceunovale.com.br\/portal\/wp-content\/uploads\/2014\/04\/interdicao_cadeia_sabinopolis_10_04_13.jpg\" alt=\"\" \/><br \/>\n<\/br><\/p>\n<p>O Laudo t\u00e9cnico da Pol\u00edcia Civil requisitado pela delegada regional Dr\u00aa Ana Paula Passagli da Cruz e executado pelo perito Paulo Ant\u00f4nio Sette de Abril, juntamente com o Boletim de ocorr\u00eancia do Corpo de Bombeiros de Diamantina que esteve no local atendendo ao pedido da promotora de Justi\u00e7a, Sra. Kelly Maria de Ara\u00fajo, apontaram in\u00fameras irregularidades, dentre elas:<\/p>\n<p>\u2022 Constru\u00e7\u00e3o antiga, com material de baixa qualidade, apresentando trincas verticais e horizontais  em diversas partes;<br \/>\n\u2022 Selas sem ventila\u00e7\u00e3o;<br \/>\n\u2022 Instala\u00e7\u00f5es  sanit\u00e1rias sem a m\u00ednima condi\u00e7\u00e3o de higiene, mal cheio, insetos e at\u00e9 ratos;<br \/>\n\u2022 Muros posteriores com alturas reduzidas, fora do padr\u00e3o normal, que facilita as ocorr\u00eancias de fuga;<br \/>\n\u2022 Madeiras do telhado, apresentando carunchos;<br \/>\n\u2022 Cobertura com amianto em p\u00e9ssimo estado;<br \/>\n\u2022 Fia\u00e7\u00e3o el\u00e9trica exposta;<br \/>\n\u2022 Sem acesso de viaturas nas edifica\u00e7\u00f5es e \u00e1reas de risco. Brigada de inc\u00eandio, ilumina\u00e7\u00e3o de emerg\u00eancia, sa\u00edda de emerg\u00eancia, sinaliza\u00e7\u00e3o de emerg\u00eancia, extintores de inc\u00eandio;<br \/>\n\u2022 Infiltra\u00e7\u00f5es em paredes e teto;<br \/>\n\u2022 Rebocos se soltando;<br \/>\n\u2022 Vasos sanit\u00e1rios soltos;<br \/>\n\u2022 \u00c1rea administrativa dos agentes funciona em local de pouca ventila\u00e7\u00e3o, etc&#8230;<br \/>\nCom base nestes laudos e diante das provas exposta pela per\u00edcia, \u00e9 que foi tomada a decis\u00e3o de interditar o pr\u00e9dio da cadeia p\u00fablica de Sabin\u00f3polis.<\/p>\n<p><img decoding=\"async\" src=\"http:\/\/aconteceunovale.com.br\/portal\/wp-content\/uploads\/2014\/04\/interdicao_cadeia_sabinopolis_10_04_13.jpg\" alt=\"\" \/><br \/>\n<div id='gallery-2' class='gallery galleryid-26285 gallery-columns-4 gallery-size-thumbnail'><figure class='gallery-item'>\n\t\t\t<div class='gallery-icon landscape'>\n\t\t\t\t<a href='https:\/\/aconteceunovale.com.br\/portal\/wp-content\/uploads\/2014\/04\/interdicao_cadeia_sabinopolis_10_04_11.jpg'><img loading=\"lazy\" decoding=\"async\" width=\"150\" height=\"150\" src=\"https:\/\/aconteceunovale.com.br\/portal\/wp-content\/uploads\/2014\/04\/interdicao_cadeia_sabinopolis_10_04_11-150x150.jpg\" class=\"attachment-thumbnail size-thumbnail\" alt=\"\" \/><\/a>\n\t\t\t<\/div><\/figure><figure class='gallery-item'>\n\t\t\t<div class='gallery-icon landscape'>\n\t\t\t\t<a href='https:\/\/aconteceunovale.com.br\/portal\/wp-content\/uploads\/2014\/04\/interdicao_cadeia_sabinopolis_10_04_9.jpg'><img loading=\"lazy\" decoding=\"async\" width=\"150\" height=\"150\" src=\"https:\/\/aconteceunovale.com.br\/portal\/wp-content\/uploads\/2014\/04\/interdicao_cadeia_sabinopolis_10_04_9-150x150.jpg\" class=\"attachment-thumbnail size-thumbnail\" alt=\"\" \/><\/a>\n\t\t\t<\/div><\/figure><figure class='gallery-item'>\n\t\t\t<div class='gallery-icon landscape'>\n\t\t\t\t<a href='https:\/\/aconteceunovale.com.br\/portal\/wp-content\/uploads\/2014\/04\/interdicao_cadeia_sabinopolis_10_04_10.jpg'><img loading=\"lazy\" decoding=\"async\" width=\"150\" height=\"150\" src=\"https:\/\/aconteceunovale.com.br\/portal\/wp-content\/uploads\/2014\/04\/interdicao_cadeia_sabinopolis_10_04_10-150x150.jpg\" class=\"attachment-thumbnail size-thumbnail\" alt=\"\" \/><\/a>\n\t\t\t<\/div><\/figure><figure class='gallery-item'>\n\t\t\t<div class='gallery-icon landscape'>\n\t\t\t\t<a href='https:\/\/aconteceunovale.com.br\/portal\/wp-content\/uploads\/2014\/04\/interdicao_cadeia_sabinopolis_10_04_12.jpg'><img loading=\"lazy\" decoding=\"async\" width=\"150\" height=\"150\" src=\"https:\/\/aconteceunovale.com.br\/portal\/wp-content\/uploads\/2014\/04\/interdicao_cadeia_sabinopolis_10_04_12-150x150.jpg\" class=\"attachment-thumbnail size-thumbnail\" alt=\"\" \/><\/a>\n\t\t\t<\/div><\/figure>\n\t\t<\/div>\n<\/p>\n<h4><strong>Sistema prisional carregado:<\/strong><\/h4>\n<p>Atualmente a cadeia p\u00fablica de Sabin\u00f3polis est\u00e1 com 39 presos, sendo 29 j\u00e1 julgados e condenados pela justi\u00e7a por crismes dos mais variados, como: homic\u00eddio, roubo, estupro, Tr\u00e1fico de Drogas, latroc\u00ednio e estupro, les\u00e3o corporal, etc&#8230; As penas variam de 6 anos  a 39 anos e 8 meses. Presos que conforme a lei, j\u00e1 deveriam ter sido transferidos para um pres\u00eddio do Estado.  <\/p>\n<p>Outros 10 em regime provis\u00f3rio, que aguardam da justi\u00e7a o julgamento pelos seus crimes, como: Maria da Penha, Roubos, Flagrante, Pens\u00e3o aliment\u00edcia etc&#8230; Estes sim, que de acordo com a justi\u00e7a deveriam permanecer na cadeia, conforme a lei n\u00ba 7210  de 11 de julho de 1984 &#8211; Institui a Lei de Execu\u00e7\u00e3o Penal, Artigos: <\/p>\n<p>Art. 84. O preso provis\u00f3rio ficar\u00e1 separado do condenado por senten\u00e7a transitada em julgado.  \t<\/p>\n<p>Art. 102. A cadeia p\u00fablica destina-se ao recolhimento de presos provis\u00f3rios.<br \/>\nO condenado ser\u00e1 alojado em cela individual que conter\u00e1 dormit\u00f3rio, aparelho sanit\u00e1rio e lavat\u00f3rio.<\/p>\n<p>Par\u00e1grafo \u00fanico. S\u00e3o requisitos b\u00e1sicos da unidade celular:<br \/>\na) salubridade do ambiente pela concorr\u00eancia dos fatores de aera\u00e7\u00e3o, insola\u00e7\u00e3o e condicionamento t\u00e9rmico adequado \u00e0 exist\u00eancia humana;<br \/>\nb) \u00e1rea m\u00ednima de 6,00m2 (seis metros quadrados). <\/p>\n<p>Art. 102. A cadeia p\u00fablica destina-se ao recolhimento de presos provis\u00f3rios. <\/p>\n<p>Art. 103. Cada comarca ter\u00e1, pelo menos 1 (uma) cadeia p\u00fablica a fim de resguardar o interesse da Administra\u00e7\u00e3o da Justi\u00e7a Criminal e a perman\u00eancia do preso em local pr\u00f3ximo ao seu meio social e familiar.<\/p>\n<p>Obs.: At\u00e9 o momento do fechamento da edi\u00e7\u00e3o, nenhuma autoridade do poder Executivo ou do Legislativo municipal se manifestou com rela\u00e7\u00e3o a esta situa\u00e7\u00e3o.<\/p>\n","protected":false},"excerpt":{"rendered":"<p>Parentes de detentos da cadeia p\u00fablica de Sabin\u00f3polis realizaram no dia de ontem, 10\/04, uma manifesta\u00e7\u00e3o pac\u00edfica reivindicando do poder judici\u00e1rio, uma revis\u00e3o na decis\u00e3o tomada em favor da interdi\u00e7\u00e3o do albergue. Na manh\u00e3 de 10\/04, aproveitando o dia de visita, familiares dos presos, se organizaram para uma manifesta\u00e7\u00e3o pac\u00edfica com o objetivo de colher [&hellip;]<\/p>\n","protected":false},"author":1,"featured_media":26287,"comment_status":"open","ping_status":"closed","sticky":false,"template":"","format":"standard","meta":{"amp_status":"","footnotes":""},"categories":[121],"tags":[1018,6484,301,445,310],"class_list":["post-26285","post","type-post","status-publish","format-standard","has-post-thumbnail","hentry","category-leste","tag-destaque","tag-manifestacao-pede-o-cancelamento-da-interdicao-da-cadeia-publica-de-sabinopolis","tag-materlandia","tag-rio-vermelho","tag-sabinopolis"],"_links":{"self":[{"href":"https:\/\/aconteceunovale.com.br\/portal\/index.php?rest_route=\/wp\/v2\/posts\/26285","targetHints":{"allow":["GET"]}}],"collection":[{"href":"https:\/\/aconteceunovale.com.br\/portal\/index.php?rest_route=\/wp\/v2\/posts"}],"about":[{"href":"https:\/\/aconteceunovale.com.br\/portal\/index.php?rest_route=\/wp\/v2\/types\/post"}],"author":[{"embeddable":true,"href":"https:\/\/aconteceunovale.com.br\/portal\/index.php?rest_route=\/wp\/v2\/users\/1"}],"replies":[{"embeddable":true,"href":"https:\/\/aconteceunovale.com.br\/portal\/index.php?rest_route=%2Fwp%2Fv2%2Fcomments&post=26285"}],"version-history":[{"count":0,"href":"https:\/\/aconteceunovale.com.br\/portal\/index.php?rest_route=\/wp\/v2\/posts\/26285\/revisions"}],"wp:featuredmedia":[{"embeddable":true,"href":"https:\/\/aconteceunovale.com.br\/portal\/index.php?rest_route=\/wp\/v2\/media\/26287"}],"wp:attachment":[{"href":"https:\/\/aconteceunovale.com.br\/portal\/index.php?rest_route=%2Fwp%2Fv2%2Fmedia&parent=26285"}],"wp:term":[{"taxonomy":"category","embeddable":true,"href":"https:\/\/aconteceunovale.com.br\/portal\/index.php?rest_route=%2Fwp%2Fv2%2Fcategories&post=26285"},{"taxonomy":"post_tag","embeddable":true,"href":"https:\/\/aconteceunovale.com.br\/portal\/index.php?rest_route=%2Fwp%2Fv2%2Ftags&post=26285"}],"curies":[{"name":"wp","href":"https:\/\/api.w.org\/{rel}","templated":true}]}}