{"id":26282,"date":"2014-04-10T23:41:36","date_gmt":"2014-04-11T02:41:36","guid":{"rendered":"http:\/\/aconteceunovale.com.br\/portal\/?p=26282"},"modified":"2014-04-10T23:41:36","modified_gmt":"2014-04-11T02:41:36","slug":"policia-prende-quadrilha-que-roubava-carros-na-grande-bh-para-desmanchar-no-norte-de-minas","status":"publish","type":"post","link":"https:\/\/aconteceunovale.com.br\/portal\/?p=26282","title":{"rendered":"Pol\u00edcia prende quadrilha que roubava carros na Grande BH para desmanchar no Norte de Minas"},"content":{"rendered":"<h4><strong>Os bandidos retiravam as pe\u00e7as em Ja\u00edba. Os equipamentos eram vendidos em outros munic\u00edpios da regi\u00e3o como Jana\u00faba e Manga<\/strong><\/h4>\n<p>A Pol\u00edcia Civil (PC) de Minas Gerais desarticulou uma quadrilha que enviava ve\u00edculos roubados e furtados em Belo Horizonte e tamb\u00e9m na regi\u00e3o metropolitana, para o Norte do Estado. Os ve\u00edculos eram desmanchados e tinham as pe\u00e7as revendidas para oficinas de ferro-velho nas cidades de Ja\u00edba, Jana\u00faba e Manga. <\/p>\n<p>F\u00e1bio Pires da Silva, de 43 anos, Antides Bitencourt, de 29, e S\u00e9rgio Nunes de Oliveira, de 42, foram presos em flagrante no \u00faltimo dia 4 pelo crime de recepta\u00e7\u00e3o e foram apresentados na tarde desta quinta-feira (10). Eles foram presos no momento em que conduziam dois ve\u00edculos que tinham sido furtados no dia 1\u00ba de abril e em 16 de janeiro.<\/p>\n<p>Um quarto membro da quadrilha, Raylander Aparecido da Silva, foi detido no \u00faltimo dia 5, durante cumprimento de mandado de pris\u00e3o tempor\u00e1ria expedido pela Justi\u00e7a. A equipe da PC ainda cumpriu um mandado de busca e apreens\u00e3o na casa do suspeito, onde foram apreendidos diversos objetos de ve\u00edculos furtados.<\/p>\n<p>Durante as investiga\u00e7\u00f5es, a equipe do delegado Luciano Guimar\u00e3es Nascimento descobriu duas oficinas de ferro-velho, uma loja de pe\u00e7as usadas e uma casa usada como local de desmanche nos munic\u00edpios de Ja\u00edba e Manga.<\/p>\n<p><img decoding=\"async\" src=\"http:\/\/aconteceunovale.com.br\/portal\/wp-content\/uploads\/2014\/04\/quadrilha_presa_10_04.jpg\" alt=\"\" \/><em>(Foto: Pol\u00edcia Civil Minas Gerais)<\/em><br \/>\n<\/br><\/p>\n<h4><strong>Quem era quem<\/strong><\/h4>\n<p>Ainda de acordo com o delegado Guimar\u00e3es, a quadrilha era liderada por F\u00e1bio Silva, que coordenava os hor\u00e1rios do transporte dos ve\u00edculos at\u00e9 o destino e fazia tamb\u00e9m os contatos com o encarregado de guardar os carros na capital e com os transportadores. Ele tamb\u00e9m era o propriet\u00e1rio de um ferro-velho do Bairro Tirol, no Barreiro, e outro em Ja\u00edba, chamados \u201cMC Pe\u00e7as\u201d.  Ele seria dono tamb\u00e9m de uma loja de pe\u00e7as usadas.<\/p>\n<p>J\u00e1 a S\u00e9rgio Oliveira era o respons\u00e1vel por transportar ve\u00edculos furtados at\u00e9 o Norte do Estado. Raylander Silva era o respons\u00e1vel por furtar ou roubar os ve\u00edculos. &#8220;Na pris\u00e3o dele, que mantinha contato com Antides Bitencourt e repassava os carros, n\u00f3s contamos com a ajuda da tornozeleira eletr\u00f4nica para prend\u00ea-lo&#8221;, disse o delegado. Como ele era rastreado, foi poss\u00edvel verificar que os carros eram roubados justamente nos locais onde ele ia durante o dia, j\u00e1 que o regime semi-aberto n\u00e3o o permite sair durante a noite. <\/p>\n<p>Ainda seguem foragidos outros tr\u00eas integrantes da quadrilha. Carlos C\u00e9sar Bispo da Cruz, que trabalhava para o l\u00edder F\u00e1bio Silva no ferro-velho em Ja\u00edba; Ricardo Silva Alves, tamb\u00e9m respons\u00e1vel por levar os carros at\u00e9 Ja\u00edba; e Renato do Nascimento, encarregado de guardar e repassar os carros \u00e0 Bitencourt.<\/p>\n","protected":false},"excerpt":{"rendered":"<p>Os bandidos retiravam as pe\u00e7as em Ja\u00edba. Os equipamentos eram vendidos em outros munic\u00edpios da regi\u00e3o como Jana\u00faba e Manga A Pol\u00edcia Civil (PC) de Minas Gerais desarticulou uma quadrilha que enviava ve\u00edculos roubados e furtados em Belo Horizonte e tamb\u00e9m na regi\u00e3o metropolitana, para o Norte do Estado. Os ve\u00edculos eram desmanchados e tinham [&hellip;]<\/p>\n","protected":false},"author":1,"featured_media":26283,"comment_status":"open","ping_status":"closed","sticky":false,"template":"","format":"standard","meta":{"amp_status":"","footnotes":""},"categories":[1236],"tags":[194,1018,1058,204,1356,6483,210,6482],"class_list":["post-26282","post","type-post","status-publish","format-standard","has-post-thumbnail","hentry","category-norte_de_minas","tag-belo-horizonte","tag-destaque","tag-jaiba","tag-janauba","tag-manga","tag-mc-pecas","tag-montes-claros","tag-policia-prende-quadrilha-que-roubava-carros-na-grande-bh-para-desmanchar-no-norte-de-minas"],"_links":{"self":[{"href":"https:\/\/aconteceunovale.com.br\/portal\/index.php?rest_route=\/wp\/v2\/posts\/26282","targetHints":{"allow":["GET"]}}],"collection":[{"href":"https:\/\/aconteceunovale.com.br\/portal\/index.php?rest_route=\/wp\/v2\/posts"}],"about":[{"href":"https:\/\/aconteceunovale.com.br\/portal\/index.php?rest_route=\/wp\/v2\/types\/post"}],"author":[{"embeddable":true,"href":"https:\/\/aconteceunovale.com.br\/portal\/index.php?rest_route=\/wp\/v2\/users\/1"}],"replies":[{"embeddable":true,"href":"https:\/\/aconteceunovale.com.br\/portal\/index.php?rest_route=%2Fwp%2Fv2%2Fcomments&post=26282"}],"version-history":[{"count":0,"href":"https:\/\/aconteceunovale.com.br\/portal\/index.php?rest_route=\/wp\/v2\/posts\/26282\/revisions"}],"wp:featuredmedia":[{"embeddable":true,"href":"https:\/\/aconteceunovale.com.br\/portal\/index.php?rest_route=\/wp\/v2\/media\/26283"}],"wp:attachment":[{"href":"https:\/\/aconteceunovale.com.br\/portal\/index.php?rest_route=%2Fwp%2Fv2%2Fmedia&parent=26282"}],"wp:term":[{"taxonomy":"category","embeddable":true,"href":"https:\/\/aconteceunovale.com.br\/portal\/index.php?rest_route=%2Fwp%2Fv2%2Fcategories&post=26282"},{"taxonomy":"post_tag","embeddable":true,"href":"https:\/\/aconteceunovale.com.br\/portal\/index.php?rest_route=%2Fwp%2Fv2%2Ftags&post=26282"}],"curies":[{"name":"wp","href":"https:\/\/api.w.org\/{rel}","templated":true}]}}