{"id":26279,"date":"2014-04-10T23:15:09","date_gmt":"2014-04-11T02:15:09","guid":{"rendered":"http:\/\/aconteceunovale.com.br\/portal\/?p=26279"},"modified":"2014-04-10T23:15:09","modified_gmt":"2014-04-11T02:15:09","slug":"moradores-denunciam-a-falta-de-medicamentos-na-policlinica-de-aracuai","status":"publish","type":"post","link":"https:\/\/aconteceunovale.com.br\/portal\/?p=26279","title":{"rendered":"Moradores denunciam a falta de medicamentos na Policl\u00ednica de Ara\u00e7ua\u00ed"},"content":{"rendered":"<p>H\u00e1 pelo menos quatro meses, os pacientes que dependem do Sistema \u00danico de Sa\u00fade (SUS) sofrem com a falta de medicamentos  na Policl\u00ednica de Ara\u00e7ua\u00ed, no Vale do Jequitinhonha (MG).<\/p>\n<p>A lista dos rem\u00e9dios de aten\u00e7\u00e3o b\u00e1sica fornecida pela prefeitura tem  cerca de 150  itens. Pelo menos 25 medicamentos est\u00e3o em falta, principalmente aqueles usados para tratamento de hipertens\u00e3o e diabetes.<\/p>\n<p>A auxiliar de servi\u00e7os gerais, Maria de F\u00e1tima Alexandrino Pinheiro, 49 anos, vem procurando a Pol\u00edclinica desde o in\u00edcio do m\u00eas. Ela n\u00e3o pode ficar sem os rem\u00e9dios para press\u00e3o alta e diabetes, que s\u00e3o de uso cont\u00ednuo.<\/p>\n<p>Das \u00faltimas vezes em que precisou, foi at\u00e9 \u00e0 farm\u00e1cia da prefeitura, mas n\u00e3o conseguiu a quantidade prescrita na receita. \u201cNesses dois meses faltaram alguns rem\u00e9dios, mas eles disseram que v\u00e3o repor\u201d, comentou.<\/p>\n<p>Ela tem uma lista  com 10 medicamentos de uso cont\u00ednuo. \u201cN\u00e3o tenho como comprar em farm\u00e1cia particular\u201d, lamenta Maria de F\u00e1tima que al\u00e9m dos medicamentos fornecidos pelo governo, se v\u00ea obrigada a adquirir medica\u00e7\u00e3o contra a depress\u00e3o, que n\u00e3o \u00e9 distribu\u00edda pela rede p\u00fablica.<\/p>\n<p>\u201cMeu marido sofreu derrame (AVC) e depende de mim para tudo. Ele n\u00e3o tem aposentadoria. Em minha casa s\u00e3o 7 pessoas. Somente eu e um outro filho trabalha\u201d, diz ela.<\/p>\n<p>Nem sempre, \u00e9 poss\u00edvel recorrer a uma farm\u00e1cia particular para resolver o problema. \u201cQuando a gente pode comprar, compra. Mas nunca sobra dinheiro\u201d, afirma Maria de F\u00e1tima que h\u00e1 um ano espera por um ultrasom para fazer uma cirurgia de h\u00e9rnia.<\/p>\n<p>M\u00e9dicos e especialistas advertem que a utiliza\u00e7\u00e3o irregular ou a n\u00e3o medica\u00e7\u00e3o compromete o tratamento. A consequ\u00eancia \u00e9 o agravamento do quadro e aparecimento de complica\u00e7\u00f5es.<\/p>\n<p>A situa\u00e7\u00e3o \u00e9 cr\u00edtica. Algumas prateleiras da farm\u00e1cia municipal est\u00e3o praticamente vazias. Faltam rem\u00e9dios para colesterol, circula\u00e7\u00e3o e alguns anti-inflamat\u00f3rios. \u201cEu n\u00e3o encontrei o omeprazol que minha filha toma\u201d, lamentava uma dona de casa. At\u00e9 AAS est\u00e1 faltando\u201d, disse ela.<\/p>\n<p>A comerciante Marivone Maria de Jesus faz uso cont\u00ednuo do Selozok para controlar a press\u00e3o arterial. \u201cH\u00e1 2 meses estou  comprando porque n\u00e3o encontro na Policlinica\u201d, reclama. Ela conta que a caixa do medicamento sai por cerca de R$ 42 reais. \u201cTomo dois por dia. No final do m\u00eas, pesa no or\u00e7amento\u201d, afirma.<\/p>\n<p>\u201cO sistema de sa\u00fade em Ara\u00e7ua\u00ed est\u00e1 p\u00e9ssimo. Vou denunciar este descaso na delegacia e no Minist\u00e9rio P\u00fablico\u201d, disse revoltada uma aposentada de 69 anos. \u201cEst\u00e3o tratando pessoas pior que cachorro\u201d, lamentava a mulher em um dos corredores da Policl\u00ednica.<\/p>\n<h4><strong>Mudan\u00e7a no sistema<\/strong><\/h4>\n<p>Para amenizar o problema, a prefeitura transferiu a retirada dos rem\u00e9dios de hipertens\u00e3o e diabetes para as farm\u00e1cias conveniadas ao programa \u2018Farm\u00e1cia Popular\u2019, do governo federal.  Mas somente os medicamentos para diabetes, hipertens\u00e3o e asma, saem de gra\u00e7a para os usu\u00e1rios.<\/p>\n<p>O acesso aos rem\u00e9dios \u00e9 assegurado mediante a apresenta\u00e7\u00e3o de documentos pessoais e receita m\u00e9dica cuja validade \u00e9 de 4 meses.<\/p>\n<h4><strong>Mais movimento<\/strong><\/h4>\n<p>As farm\u00e1cias particulares j\u00e1 perceberam um aumento na movimenta\u00e7\u00e3o por causa dos pacientes  que n\u00e3o encontram medicamentos na rede publica municipal. Em uma delas,  a alta chegou a 50%, mas a respons\u00e1vel garantiu que isso n\u00e3o vai prejudicar o estoque.<\/p>\n<p>\u201cA gente sempre est\u00e1 preparado. Come\u00e7ou a acabar os medicamentos, a gente j\u00e1 compra. De um dia para o outro a gente j\u00e1 consegue comprar a medica\u00e7\u00e3o\u201d, garantiu a farmac\u00eautica respons\u00e1vel.<\/p>\n<h4><strong>Culpados<\/strong><\/h4>\n<p>A secret\u00e1ria municipal de Sa\u00fade, Zuzu Loredo Rocha, culpou a falta de medica\u00e7\u00e3o b\u00e1sica, \u00e0  Secretaria de Estado da Sa\u00fade (SES), que segundo ela, desde janeiro n\u00e3o faz a entrega dos medicamentos.<\/p>\n<p>Em nota, a assessoria de imprensa da SES afirmou que a distribui\u00e7\u00e3o dos medicamentos para o munic\u00edpio foi liberada pela Superintend\u00eancia de Assist\u00eancia Farmac\u00eautica (SAF) da Secretaria Estadual de Sa\u00fade no dia 4 de abril.<\/p>\n<p>Ainda de acordo com a nota, a previs\u00e3o \u00e9 que no m\u00eas de abril o operador log\u00edstico fa\u00e7a a entrega dos medicamentos, com data limite em 4 de maio. &#8220;Informamos ainda que a SES enviou comunicado sobre o cronograma de entrega para o munic\u00edpio\u201d, diz a nota.<\/p>\n<p>Segundo a secret\u00e1ria municipal de Sa\u00fade de Ara\u00e7ua\u00ed, Zuzu Loredo Rocha, a expectativa \u00e9 que a situa\u00e7\u00e3o seja normalizada dentro de no m\u00e1ximo 10 dias. &#8220;A falta de medicamentos est\u00e1 geral, em todos os munic\u00edpios da regi\u00e3o&#8221;, disse ela.<\/p>\n<p>&#8220;N\u00e3o tenho outra sa\u00edda. Eu vou ter que esperar\u201d, queixou a auxiliar de servi\u00e7os gerais Maria de F\u00e1tima Alexandrino Pinheiro. <strong>(Gazeta de Ara\u00e7ua\u00ed)<\/strong><\/p>\n","protected":false},"excerpt":{"rendered":"<p>H\u00e1 pelo menos quatro meses, os pacientes que dependem do Sistema \u00danico de Sa\u00fade (SUS) sofrem com a falta de medicamentos na Policl\u00ednica de Ara\u00e7ua\u00ed, no Vale do Jequitinhonha (MG). A lista dos rem\u00e9dios de aten\u00e7\u00e3o b\u00e1sica fornecida pela prefeitura tem cerca de 150 itens. Pelo menos 25 medicamentos est\u00e3o em falta, principalmente aqueles usados [&hellip;]<\/p>\n","protected":false},"author":1,"featured_media":26280,"comment_status":"open","ping_status":"closed","sticky":false,"template":"","format":"standard","meta":{"amp_status":"","footnotes":""},"categories":[120],"tags":[186,1018,6481],"class_list":["post-26279","post","type-post","status-publish","format-standard","has-post-thumbnail","hentry","category-jequi","tag-aracuai","tag-destaque","tag-moradores-denunciam-a-falta-de-medicamentos-na-policlinica-de-aracuai"],"_links":{"self":[{"href":"https:\/\/aconteceunovale.com.br\/portal\/index.php?rest_route=\/wp\/v2\/posts\/26279","targetHints":{"allow":["GET"]}}],"collection":[{"href":"https:\/\/aconteceunovale.com.br\/portal\/index.php?rest_route=\/wp\/v2\/posts"}],"about":[{"href":"https:\/\/aconteceunovale.com.br\/portal\/index.php?rest_route=\/wp\/v2\/types\/post"}],"author":[{"embeddable":true,"href":"https:\/\/aconteceunovale.com.br\/portal\/index.php?rest_route=\/wp\/v2\/users\/1"}],"replies":[{"embeddable":true,"href":"https:\/\/aconteceunovale.com.br\/portal\/index.php?rest_route=%2Fwp%2Fv2%2Fcomments&post=26279"}],"version-history":[{"count":0,"href":"https:\/\/aconteceunovale.com.br\/portal\/index.php?rest_route=\/wp\/v2\/posts\/26279\/revisions"}],"wp:featuredmedia":[{"embeddable":true,"href":"https:\/\/aconteceunovale.com.br\/portal\/index.php?rest_route=\/wp\/v2\/media\/26280"}],"wp:attachment":[{"href":"https:\/\/aconteceunovale.com.br\/portal\/index.php?rest_route=%2Fwp%2Fv2%2Fmedia&parent=26279"}],"wp:term":[{"taxonomy":"category","embeddable":true,"href":"https:\/\/aconteceunovale.com.br\/portal\/index.php?rest_route=%2Fwp%2Fv2%2Fcategories&post=26279"},{"taxonomy":"post_tag","embeddable":true,"href":"https:\/\/aconteceunovale.com.br\/portal\/index.php?rest_route=%2Fwp%2Fv2%2Ftags&post=26279"}],"curies":[{"name":"wp","href":"https:\/\/api.w.org\/{rel}","templated":true}]}}