{"id":26270,"date":"2014-04-10T18:11:19","date_gmt":"2014-04-10T21:11:19","guid":{"rendered":"http:\/\/aconteceunovale.com.br\/portal\/?p=26270"},"modified":"2014-04-10T18:13:46","modified_gmt":"2014-04-10T21:13:46","slug":"homem-procura-por-filhos-que-nao-ve-ha-quase-40-anos","status":"publish","type":"post","link":"https:\/\/aconteceunovale.com.br\/portal\/?p=26270","title":{"rendered":"Homem procura por filhos que n\u00e3o v\u00ea h\u00e1 quase 40 anos"},"content":{"rendered":"<h4><strong>M\u00e3e levou crian\u00e7as para S\u00e3o Paulo e seu Jos\u00e9 nunca mais teve not\u00edcias dos filhos<\/strong><\/h4>\n<p>Nas m\u00e3os do aposentado Jos\u00e9 Francisco de Sousa, de 64 anos, a foto de um dos filhos que ele est\u00e1 \u00e0 procura. Fotografia que seu Jos\u00e9 guarda com amor e carinho.<\/p>\n<p><img decoding=\"async\" src=\"http:\/\/aconteceunovale.com.br\/portal\/wp-content\/uploads\/2014\/04\/seu_jose_procura_foto_01.jpg\" alt=\"\" \/><br \/>\n<\/br><\/p>\n<p>H\u00e1 pelo menos quase 40 anos, ele deseja reencontrar os tr\u00eas filhos. Seu Jos\u00e9 contou que os la\u00e7os entre pai e filhos foram rompidos na d\u00e9cada de 70, ap\u00f3s o fim do casamento com a dom\u00e9stica Maria Justina Fernandes. Mulher com quem foi casado por cerca de oito anos.<\/p>\n<p>\u201cEu me separei dos meus filhos porque minha mulher e eu passamos a n\u00e3o combinar. N\u00e3o deu certo, e eu deixei os meninos na casa da minha tia, para que ela tomasse conta deles. E ela foi para S\u00e3o Paulo, arranjou outro rapaz, e buscou os meninos e levou. Nunca mais vi. Eu creio na \u00e9poca eles foram para Santo Amaro, no Jardim das Imbuias\u201d, relatou seu Jos\u00e9.<\/p>\n<p>Passado quase 40 anos, seu Jos\u00e9 ainda tem a certid\u00e3o de nascimento de dois dos tr\u00eas filhos. Ele procura por Admilson Fernandes de Sousa, de 40 anos, Edna de Lourdes Sousa, de 36, e Edson, filho mais velho, que seu Jos\u00e9 n\u00e3o recorda mais os sobrenomes e nem a idade, pois o papel usado para emitir a certid\u00e3o se deteriorou. Tudo que seu Jos\u00e9 mais deseja \u00e9 poder abra\u00e7ar os filhos e matar a saudade que est\u00e1 guardada em seu peito. \u201cEu tenho muito desejo de encontr\u00e1-los e dar um abra\u00e7o neles\u201d, disse.<\/p>\n<p>Seu Jos\u00e9 tamb\u00e9m \u00e9 conhecido pelo apelido de \u201cZ\u00e9 Amador\u201d. Ele mora sozinho numa casa simples, que fica na Rua Manoel Lino Santana, 113, no bairro Santo Ant\u00f4nio, em Santa Rita de Minas. Seu Jos\u00e9 contou que em datas especiais como Dia dos Pais, Natal e Ano Novo, conviver sem a presen\u00e7a dos filhos n\u00e3o \u00e9 nada f\u00e1cil. \u201cA gente pensa: estou aqui sozinho, tenho filhos, mas n\u00e3o sei para aonde eles andam, n\u00e3o tenho contato com ningu\u00e9m\u2026 E isso \u00e9 a vida\u201d, ressaltou o aposentado. Mesmo diante da dor da aus\u00eancia dos filhos, seu Jos\u00e9 n\u00e3o perde o sorriso no rosto e segue com a esperan\u00e7a de um dia reencontr\u00e1-los.<\/p>\n<p><img decoding=\"async\" src=\"http:\/\/aconteceunovale.com.br\/portal\/wp-content\/uploads\/2014\/04\/seu_jose_procura_foto_02.jpg\" alt=\"\" \/><strong>Maria Justina, ex-mulher de seu Jos\u00e9<\/strong><br \/>\n<\/br><\/p>\n<p><img decoding=\"async\" src=\"http:\/\/aconteceunovale.com.br\/portal\/wp-content\/uploads\/2014\/04\/seu_jose_procura_foto_03.jpg\" alt=\"\" \/><strong>Admilson com cerca de 5 a 6 anos de idade<\/strong><br \/>\n<\/br><\/p>\n<p><strong>(Fonte: TV Super Canal)<\/strong><\/p>\n","protected":false},"excerpt":{"rendered":"<p>M\u00e3e levou crian\u00e7as para S\u00e3o Paulo e seu Jos\u00e9 nunca mais teve not\u00edcias dos filhos Nas m\u00e3os do aposentado Jos\u00e9 Francisco de Sousa, de 64 anos, a foto de um dos filhos que ele est\u00e1 \u00e0 procura. Fotografia que seu Jos\u00e9 guarda com amor e carinho. H\u00e1 pelo menos quase 40 anos, ele deseja reencontrar [&hellip;]<\/p>\n","protected":false},"author":1,"featured_media":26271,"comment_status":"open","ping_status":"closed","sticky":false,"template":"","format":"standard","meta":{"amp_status":"","footnotes":""},"categories":[123],"tags":[1018,6479,313],"class_list":["post-26270","post","type-post","status-publish","format-standard","has-post-thumbnail","hentry","category-gerais","tag-destaque","tag-homem-procura-por-filhos-que-nao-ve-ha-quase-40-anos","tag-santa-rita-de-minas"],"_links":{"self":[{"href":"https:\/\/aconteceunovale.com.br\/portal\/index.php?rest_route=\/wp\/v2\/posts\/26270","targetHints":{"allow":["GET"]}}],"collection":[{"href":"https:\/\/aconteceunovale.com.br\/portal\/index.php?rest_route=\/wp\/v2\/posts"}],"about":[{"href":"https:\/\/aconteceunovale.com.br\/portal\/index.php?rest_route=\/wp\/v2\/types\/post"}],"author":[{"embeddable":true,"href":"https:\/\/aconteceunovale.com.br\/portal\/index.php?rest_route=\/wp\/v2\/users\/1"}],"replies":[{"embeddable":true,"href":"https:\/\/aconteceunovale.com.br\/portal\/index.php?rest_route=%2Fwp%2Fv2%2Fcomments&post=26270"}],"version-history":[{"count":0,"href":"https:\/\/aconteceunovale.com.br\/portal\/index.php?rest_route=\/wp\/v2\/posts\/26270\/revisions"}],"wp:featuredmedia":[{"embeddable":true,"href":"https:\/\/aconteceunovale.com.br\/portal\/index.php?rest_route=\/wp\/v2\/media\/26271"}],"wp:attachment":[{"href":"https:\/\/aconteceunovale.com.br\/portal\/index.php?rest_route=%2Fwp%2Fv2%2Fmedia&parent=26270"}],"wp:term":[{"taxonomy":"category","embeddable":true,"href":"https:\/\/aconteceunovale.com.br\/portal\/index.php?rest_route=%2Fwp%2Fv2%2Fcategories&post=26270"},{"taxonomy":"post_tag","embeddable":true,"href":"https:\/\/aconteceunovale.com.br\/portal\/index.php?rest_route=%2Fwp%2Fv2%2Ftags&post=26270"}],"curies":[{"name":"wp","href":"https:\/\/api.w.org\/{rel}","templated":true}]}}