{"id":26268,"date":"2014-04-10T15:26:29","date_gmt":"2014-04-10T18:26:29","guid":{"rendered":"http:\/\/aconteceunovale.com.br\/portal\/?p=26268"},"modified":"2014-04-10T15:26:29","modified_gmt":"2014-04-10T18:26:29","slug":"indio-e-preso-apos-agredir-filho-recem-nascido-dentro-de-hospital","status":"publish","type":"post","link":"https:\/\/aconteceunovale.com.br\/portal\/?p=26268","title":{"rendered":"\u00cdndio \u00e9 preso ap\u00f3s agredir filho rec\u00e9m-nascido dentro de hospital"},"content":{"rendered":"<p>Um \u00edndio de 22 anos foi preso ap\u00f3s agredir o pr\u00f3prio filho de apenas 19 dias dentro de um hospital de Montes Claros, na regi\u00e3o Norte de Minas, na noite dessa quarta-feira (9). A den\u00fancia foi feita por outros pacientes que presenciaram a agress\u00e3o.<\/p>\n<p>A Pol\u00edcia Militar foi acionada por um porteiro da Santa Casa depois que outras pessoas lhe contaram que estavam em uma enfermaria quando, por motivo desconhecido, Gilvan Pereira Ferro come\u00e7ou a dar tapas e empurr\u00f5es na cabe\u00e7a do menino.<\/p>\n<p>A m\u00e3e, que teve uma complica\u00e7\u00e3o ap\u00f3s o parto e estava na institui\u00e7\u00e3o para passar por uma cirurgia, presenciou o fato. Com a chegada dos militares, uma pediatra de plant\u00e3o examinou o beb\u00ea e afirmou que, aparentemente, n\u00e3o havia nenhuma les\u00e3o vis\u00edvel no garoto.<\/p>\n<p>No entanto, como testemunhas viram as agress\u00f5es, Ferro foi encaminhado \u00e0 delegacia do munic\u00edpio para prestar esclarecimentos. M\u00e3e e filho seguem internados e passam bem. <\/p>\n","protected":false},"excerpt":{"rendered":"<p>Um \u00edndio de 22 anos foi preso ap\u00f3s agredir o pr\u00f3prio filho de apenas 19 dias dentro de um hospital de Montes Claros, na regi\u00e3o Norte de Minas, na noite dessa quarta-feira (9). A den\u00fancia foi feita por outros pacientes que presenciaram a agress\u00e3o. A Pol\u00edcia Militar foi acionada por um porteiro da Santa Casa [&hellip;]<\/p>\n","protected":false},"author":1,"featured_media":25373,"comment_status":"open","ping_status":"closed","sticky":false,"template":"","format":"standard","meta":{"amp_status":"","footnotes":""},"categories":[1236],"tags":[6478,210],"class_list":["post-26268","post","type-post","status-publish","format-standard","has-post-thumbnail","hentry","category-norte_de_minas","tag-indio-e-preso-apos-agredir-filho-recem-nascido-dentro-de-hospital","tag-montes-claros"],"_links":{"self":[{"href":"https:\/\/aconteceunovale.com.br\/portal\/index.php?rest_route=\/wp\/v2\/posts\/26268","targetHints":{"allow":["GET"]}}],"collection":[{"href":"https:\/\/aconteceunovale.com.br\/portal\/index.php?rest_route=\/wp\/v2\/posts"}],"about":[{"href":"https:\/\/aconteceunovale.com.br\/portal\/index.php?rest_route=\/wp\/v2\/types\/post"}],"author":[{"embeddable":true,"href":"https:\/\/aconteceunovale.com.br\/portal\/index.php?rest_route=\/wp\/v2\/users\/1"}],"replies":[{"embeddable":true,"href":"https:\/\/aconteceunovale.com.br\/portal\/index.php?rest_route=%2Fwp%2Fv2%2Fcomments&post=26268"}],"version-history":[{"count":0,"href":"https:\/\/aconteceunovale.com.br\/portal\/index.php?rest_route=\/wp\/v2\/posts\/26268\/revisions"}],"wp:featuredmedia":[{"embeddable":true,"href":"https:\/\/aconteceunovale.com.br\/portal\/index.php?rest_route=\/wp\/v2\/media\/25373"}],"wp:attachment":[{"href":"https:\/\/aconteceunovale.com.br\/portal\/index.php?rest_route=%2Fwp%2Fv2%2Fmedia&parent=26268"}],"wp:term":[{"taxonomy":"category","embeddable":true,"href":"https:\/\/aconteceunovale.com.br\/portal\/index.php?rest_route=%2Fwp%2Fv2%2Fcategories&post=26268"},{"taxonomy":"post_tag","embeddable":true,"href":"https:\/\/aconteceunovale.com.br\/portal\/index.php?rest_route=%2Fwp%2Fv2%2Ftags&post=26268"}],"curies":[{"name":"wp","href":"https:\/\/api.w.org\/{rel}","templated":true}]}}