{"id":26258,"date":"2014-04-10T15:01:07","date_gmt":"2014-04-10T18:01:07","guid":{"rendered":"http:\/\/aconteceunovale.com.br\/portal\/?p=26258"},"modified":"2014-04-10T15:01:07","modified_gmt":"2014-04-10T18:01:07","slug":"quando-o-jequitinhonha-canta-e-danca","status":"publish","type":"post","link":"https:\/\/aconteceunovale.com.br\/portal\/?p=26258","title":{"rendered":"Quando o Jequitinhonha Canta e Dan\u00e7a"},"content":{"rendered":"<h4><strong>14 ARTISTAS CELEBRAM MEIO S\u00c9CULO DE RIQUEZA CULTURAL DO INTERIOR MINEIRO, DIAS 12 E 13 DE ABRIL NO MINASCENTRO<\/strong><\/h4>\n<p><em>S\u00e9rie de shows comemora 30 anos do hist\u00f3rico \u201cAs Onhas do Jequi\u201d, que projetou a cultura do Jequitinhonha nacionalmente, e os 20 anos de carreira de Pereira da Viola.<\/em><\/p>\n<p>Belo Horizonte revive em abril um momento hist\u00f3rico de reconhecimento da riqueza cultural do Vale do Jequitinhonha, trinta anos depois: o show \u201cAs Onhas do Jequi\u201d, respons\u00e1vel por projetar estadual e nacionalmente a cultura de uma regi\u00e3o, at\u00e9 ent\u00e3o, lembrada apenas pelos baixos indicadores sociais.<\/p>\n<p>A celebra\u00e7\u00e3o re\u00fane no mesmo palco, no Minascentro, no dia 12 de abril, todos os artistas que participaram do show original, realizado em 1984 no Grande Teatro do Pal\u00e1cio das Artes. O reencontro de Paulinho Pedra Azul, Tadeu Franco, Rubinho do Vale, Saulo Laranjeira, Frei Chico, Lira Marques, Gonzaga Medeiros e Tadeu Martins marca um momento de grande efervesc\u00eancia na produ\u00e7\u00e3o cultural da regi\u00e3o \u2013 simbolizado pela participa\u00e7\u00e3o do Coral Vozes das Veredas, de Veredinha, representante da nova gera\u00e7\u00e3o de talentos do Jequitinhonha.<\/p>\n<p>Um segundo show, no domingo, 13 de abril, estreita as rela\u00e7\u00f5es e ilustra as afinidades entre o Vale do Jequitinhonha e o Vale do Mucuri: em comemora\u00e7\u00e3o aos seus vinte anos de carreira, o violeiro Pereira da Viola recebe no palco do Minascentro a cantora Titane, o violeiro Wilson Dias, o cantor e compositor Josino Medina e o flautista C\u00e9lio Sene para o show \u201cIncelente Maravilha\u201d.<\/p>\n<p>As apresenta\u00e7\u00f5es ser\u00e3o gravadas e dar\u00e3o origem a dois DVDs, como parte do projeto Quando o Jequitinhonha Canta e Dan\u00e7a. O evento \u00e9 realizado pelo Valemais &#8211; Instituto Sociocultural do Jequitinhonha e conta com o patroc\u00ednio da Petrobras.<\/p>\n<p>Iniciado em fevereiro passado com o semin\u00e1rio \u201cTecendo a Rede Jequitinhonha Cultural\u201d, em Ara\u00e7ua\u00ed, o evento reuniu representantes de 42 cidades e de 78 entidades representativas em torno da estrutura\u00e7\u00e3o de uma rede de coopera\u00e7\u00e3o cultural na regi\u00e3o. Para selar o pacto, os participantes do semin\u00e1rio consolidaram os objetivos do grupo num documento batizado de Carta de Ara\u00e7ua\u00ed.<\/p>\n<p>As a\u00e7\u00f5es do projeto se completam, em maio, com uma exposi\u00e7\u00e3o de fotografias de Vilmar Oliveira que recupera momentos marcantes dos \u00faltimos 30 anos da arte do Jequitinhonha, uma mostra de gravuras e quadros da artista pl\u00e1stica Marina Jardim e obras de artes\u00e3os da regi\u00e3o.<\/p>\n<p><strong>Abaixo, a biografia resumida de cada uma das 14 atra\u00e7\u00f5es:<\/strong><\/p>\n<h4><strong>AS ONHAS DO JEQUI &#8211; 30 ANOS<\/strong><\/h4>\n<p><strong>Frei Chico<\/strong><\/p>\n<p>Holand\u00eas de nascimento, radicado no Brasil desde 1967, o frade franciscano devotou sua vida \u00e0 religi\u00e3o e \u00e0 cultura popular do Vale do Jequitinhonha, onde viveu por dez anos. Em tr\u00eas d\u00e9cadas de pesquisas, publicou sete livros e in\u00fameros artigos sobre os dois temas, com destaque para o \u201cDicion\u00e1rio da Religiosidade Popular\u201d, um comp\u00eandio de 1.150 p\u00e1ginas lan\u00e7ado em 2013 pela editora Nossa Cultura, fruto de quatro d\u00e9cadas de pesquisas. Violonista, foi co-fundador (com Lira Marques) do coral Trovadores do Vale.<\/p>\n<p><a href=\"http:\/\/religiosidadepopular.uaivip.com.br\" target=\"_blank\">religiosidadepopular.uaivip.com.br<\/a><\/p>\n<p><strong>Gonzaga Medeiros<\/strong><\/p>\n<p>Poeta, contador de causos e declamador popular, Gonzaga Medeiros nasceu em Fronteira dos Vales, na divisa dos vales do Mucuri e Jequitinhonha. Foi um dos organizadores do Festival da Can\u00e7\u00e3o de \u00c1guas Formosas (de 1975 a 1977) e um dos apoiadores do Festivale &#8211; Festival de Cultura Popular do Jequitinhonha. Em 2013, lan\u00e7ou o CD \u201cAs Onhas do Jequ\u00ed\u201d, com 14 can\u00e7\u00f5es de sua autoria, parcerias e participa\u00e7\u00f5es de Paulinho Pedra Azul, Saulo Laranjeira, Rubinho do Vale, Maur\u00edcio Tizumba, Pereira da Viola, Wilson Dias, Carlos Farias, Saldanha Rolim, Tau Brasil, Lucinho Cruz e Marcela Veiga.<\/p>\n<p><a href=\"http:\/\/facebook.com\/gonzaga.medeiros.1\" target=\"_blank\">facebook.com\/gonzaga.medeiros.1<\/a><\/p>\n<p><strong>Lira Marques<\/strong><\/p>\n<p>Artes\u00e3 reconhecida, cofundadora (junto de Frei Chico, em 1970) do Coral Trovadores do Vale, Lira Marques \u00e9 um \u00edcone da cultura do Jequitinhonha. H\u00e1 pelo menos quatro d\u00e9cadas dedica-se a uma intensa e extensa pesquisa, que daria origem a 250 fitas com cantigas de roda, cantigas de ninar, cantos de pedir esmola, cantos de beira-mar, cantos sobre a educa\u00e7\u00e3o da crian\u00e7a, cantos de of\u00edcio e registros variados de sabedoria cotidiana (seja para rem\u00e9dios naturais ou rezas), no vasto universo da cultura popular.<\/p>\n<p><a href=\"http:\/\/acasa.org.br\/autor\/maria-lira-marques-borges\" target=\"_blank\">acasa.org.br\/autor\/maria-lira-marques-borges<\/a><\/p>\n<p><a href=\"http:\/\/blog.onhas.com\/lira-marques\" target=\"_blank\">blog.onhas.com\/lira-marques<\/a><\/p>\n<p><strong>Paulinho Pedra Azul<\/strong><\/p>\n<p>Com 22 discos, 15 livros de poesia e um di\u00e1rio lan\u00e7ados, o cantor, compositor, pintor e desenhista comemora tr\u00eas d\u00e9cadas de carreira solo com o CD \u201cPaulinho Pedra Azul \u2013 30 anos\u201d. Do in\u00edcio na vida art\u00edstica, na d\u00e9cada de 60, como membro do conjunto The Giants (cantando Beatles e Jovem Guarda em bailes, matin\u00eas e festas), aos dias atuais, Paulinho soma 500 mil discos e 100 mil livros vendidos.<\/p>\n<p><a href=\"http:\/\/facebook.com\/paulinho.pedraazul\" target=\"_blank\">facebook.com\/paulinho.pedraazul<\/a><\/p>\n<p><strong>Rubinho do Vale<\/strong><\/p>\n<p>Da estreia em disco em 1982, com \u201cTropeiro de Cantigas\u201d, at\u00e9 os dias de hoje, o cantor e compositor acumula outros sete discos \u201cadultos\u201d e mais oito voltados para o p\u00fablico infantil \u2013 um veio que explora desde 1990, tanto em carreira solo como em parceria com a musicista Cl\u00e1udia Duarte. \u201cEstrada\u201d, seu trabalho mais recente, coroa tr\u00eas d\u00e9cadas de grande reconhecimento, com direito a t\u00edtulos honor\u00edficos e numerosas vit\u00f3rias em festivais da can\u00e7\u00e3o.<\/p>\n<p><a href=\"http:\/\/facebook.com\/rubinho.dovale\" target=\"_blank\">facebook.com\/rubinho.dovale<\/a><\/p>\n<p><a href=\"http:\/\/www.rubinhodovale.com.br\" target=\"_blank\">www.rubinhodovale.com.br<\/a><\/p>\n<p><strong>Saulo Laranjeira<\/strong><\/p>\n<p>Ator, cantor, apresentador, compositor e humorista, Saulo Laranjeira destaca-se pela maestria de criar personagens leg\u00edtimos, interpretar com personalidade belas can\u00e7\u00f5es e encantar o p\u00fablico com poemas e causos. Um incans\u00e1vel fomentador da cultura popular, \u00e9 idealizador do programa de televis\u00e3o \u201cArruma\u00e7\u00e3o\u201d (Rede Minas) e do projeto \u201cCaravana Arruma\u00e7\u00e3o\u201d. Para 2014, prepara tamb\u00e9m uma turn\u00ea nacional com Elomar Figueira Mello e Rolando Boldrin.<\/p>\n<p><a href=\"http:\/\/facebook.com\/saulo.laranjeira.9\" target=\"_blank\">facebook.com\/saulo.laranjeira.9<\/a><\/p>\n<p><strong>Tadeu Franco<\/strong><\/p>\n<p>Natural de Itaobim, o cantor e compositor ganhou notoriedade nos anos 80, a partir da grava\u00e7\u00e3o (com a cantora Simone) da can\u00e7\u00e3o \u201cComunh\u00e3o\u201d para o disco \u201cMissa dos Quilombos\u201d, de Milton Nascimento. Em 1985, defendeu a can\u00e7\u00e3o \u201cJo\u00e3o Rosa\u201d, de Nivaldo Ornelas e Murilo Antunes, no Festival dos Festivais, da Rede Globo. Suas composi\u00e7\u00f5es foram gravadas por artistas como S\u00e1 e Guarabyra, Beto Guedes, Pena Branca e Xavantinho e Paulinho Pedra Azul.<\/p>\n<p><a href=\"http:\/\/facebook.com\/tadeu.franco\" target=\"_blank\">facebook.com\/tadeu.franco<\/a><\/p>\n<p><strong>Tadeu Martins<\/strong><\/p>\n<p>Escritor, cordelista e contador de causos, Tadeu Martins \u00e9 um dos criadores do Festivale &#8211; Festival de Cultura Popular do Jequitinhonha, que em 2013 completou sua 30\u00aa edi\u00e7\u00e3o. Tem no curr\u00edculo o CD de causos e poesias \u201cCausos, Cordas e Cord\u00e9is\u201d, textos de sua autoria em colet\u00e2neas de poesia como \u201cJequitinhonha &#8211; Antologia Po\u00e9tica I\u201d e \u201cJequitinhonha &#8211; Antologia Po\u00e9tica II\u201d e os livros de causos \u201cJogando Conversa Fora\u201d e \u201cMinas Gerais em Versos e Outras Prosas\u201d.<\/p>\n<p><a href=\"http:\/\/facebook.com\/tadeumartins.soares\" target=\"_blank\">facebook.com\/tadeumartins.soares<\/a><\/p>\n<p><strong>Vozes das Veredas<\/strong><\/p>\n<p>Composto por 23 jovens entre 12 e 23 anos, o grupo regido por Tadeu Oliveira se dedica \u00e0 coleta e registro do cancioneiro tradicional do Vale do Jequitinhonha, recolhido junto a familiares e moradores de comunidades rurais. Com 13 anos de exist\u00eancia e apresenta\u00e7\u00f5es para plateias de at\u00e9 10 mil pessoas, o coral tem no curr\u00edculo o CD \u201cUm Canto Novo Num Cantinho do Vale\u201d, lan\u00e7ado em 2005.<\/p>\n<p><a href=\"http:\/\/facebook.com\/pages\/Coral-Vozes-das-Veredas\/199362046758084\" target=\"_blank\">facebook.com\/pages\/Coral-Vozes-das-Veredas\/199362046758084<\/a><\/p>\n<p><a href=\"http:\/\/myspace.com\/coralvozesdasveredas\" target=\"_blank\">myspace.com\/coralvozesdasveredas<\/a><\/p>\n<h4><strong>INCELENTE MARAVILHA &#8211; 20 ANOS<\/strong><\/h4>\n<p><strong>Pereira da Viola<\/strong><\/p>\n<p>Cantor, compositor e violeiro, Pereira da Viola nasceu na Comunidade Quilombola de S\u00e3o Juli\u00e3o, distrito de Te\u00f3filo Otoni, no Vale do Mucuri. Filho de pai sanfoneiro e m\u00e3e cantora de Folia de Reis e cantigas de roda, conserva em sua carreira as caracter\u00edsticas marcantes da sua gente. Com cinco CDs autorais na carreira, coleciona participa\u00e7\u00f5es em trabalhos coletivos expressivos no universo da viola, como \u201cVioleiros do Brasil\u201d, \u201cViva Viola\u201d, \u201cViola Brasileira em Concerto\u201d, \u201cCarnaviola\u201d e \u201cPote\u201d, desdobrados em livro, CD ou DVD. O show \u201cIncelente Maravilha\u201d dar\u00e1 origem ao seu primeiro DVD solo.<\/p>\n<p><a href=\"http:\/\/facebook.com\/pereiradaviolaoficial\" target=\"_blank\">facebook.com\/pereiradaviolaoficial<\/a><\/p>\n<p><a href=\"http:\/\/soundcloud.com\/lapa-cultural\" target=\"_blank\">soundcloud.com\/lapa-cultural<\/a><\/p>\n<p><strong>Titane<\/strong><\/p>\n<p>Com seis discos lan\u00e7ados em tr\u00eas d\u00e9cadas, em uma carreira diversificada e de acentuado primor est\u00e9tico, Titane encanta pela simplicidade, o carisma e a admir\u00e1vel presen\u00e7a c\u00eanica. De timbre personal\u00edssimo, alternando-se entre a obra de talentos emergentes ou artistas de renome nacional, \u00e9 associada tanto \u00e0 Vanguarda Paulista como \u00e0 m\u00fasica regional ou \u00e0 experimenta\u00e7\u00e3o. Titane maneja refer\u00eancias da cultura popular, em especial o congado mineiro, de uma perspectiva contempor\u00e2nea. Seu trabalho busca as interfaces da m\u00fasica com o corpo, em estreito di\u00e1logo com as artes c\u00eanicas.<\/p>\n<p><a href=\"http:\/\/facebook.com\/oficialtitane\" target=\"_blank\">facebook.com\/oficialtitane<\/a><\/p>\n<p><a href=\"http:\/\/www.titane.com.br\" target=\"_blank\">www.titane.com.br<\/a><\/p>\n<p><strong>Wilson Dias<\/strong><\/p>\n<p>Cantor, compositor e violeiro nascido em Olhos D\u2019\u00c1gua, Wilson Dias trouxe para a arte as ben\u00e9ficas influ\u00eancias da vida em comunidade, da cultura e da arte popular, em suas manifesta\u00e7\u00f5es religiosas ou profanas. Um dos 12 violeiros escolhidos como destaque para representar os mais de 400 violeiros e violeiras do Festival Voa Viola, estampa em sua discografia oito \u00e1lbuns em 17 anos carreira, com destaque para \u201cPicu\u00e1\u201d, de 2007, indicado ao Pr\u00eamio Tim de M\u00fasica Brasileira. Seus trabalhos mais recentes em disco s\u00e3o \u201cViva Viola &#8211; Viva a Cantoria\u201d e \u201cLume\u201d, ambos de 2013.<\/p>\n<p><a href=\"http:\/\/facebook.com\/wilson.diasvioleiro\" target=\"_blank\">facebook.com\/wilson.diasvioleiro<\/a><\/p>\n<p><a href=\"http:\/\/www.wilsondias.com.br\" target=\"_blank\">www.wilsondias.com.br<\/a><\/p>\n<p><strong>Josino Medina<\/strong><\/p>\n<p>Poeta, cantador, compositor, instrumentista e arte-educador natural de Carlos Chagas, Josino Medina inicia sua trajet\u00f3ria musical com os festivais de m\u00fasica, na d\u00e9cada de 1980, no Vale do Mucuri. Ainda nesta fase, inicia a parceria com Pereira da Viola, pesquisando a cultura popular, compondo e se apresentando em v\u00e1rios espa\u00e7os e festivais. Um dos criadores do grupo Embaixadores da Lua, nos anos 90, \u00e9 autor de trilhas para espet\u00e1culos teatrais e dedica-se a musicar poemas de autores como o educador e poeta Carlos Rodrigues Brand\u00e3o e a poeta ga\u00facha S\u00f4nia Anja.<\/p>\n<p><a href=\"http:\/\/facebook.com\/Josino-Medina\/187180844680344?fref=ts\" target=\"_blank\">facebook.com\/Josino-Medina\/187180844680344?fref=ts<\/a><\/p>\n<p><strong>C\u00e9lio Sene<\/strong><\/p>\n<p>Flautista e compositor, professor de flauta transversal e teoria musical, C\u00e9lio Sene \u00e9 natural de Borborema, no interior paulista. Participou das grava\u00e7\u00f5es dos discos \u201cViola \u00c9tica\u201d e \u201cAkpal\u00f4\u201d, de Pereira da Viola. Integrante do Coral AABB-SP desde 1993, tem acompanhado o violeiro de S\u00e3o Juli\u00e3o em apresenta\u00e7\u00f5es em shows e programas televisivos como \u201cViola, Minha Viola\u201d, \u201cEnsaio\u201d, \u201cSr. Brasil\u201d (todos na TV Cultura), \u201cC\u00e9lia e Celma\u201d (Canal Rural) e \u201cGente Nossa\u201d (Canal do Boi).<\/p>\n<p><a href=\"http:\/\/facebook.com\/celio.sene.3\" target=\"_blank\">facebook.com\/celio.sene.3<\/a><\/p>\n<h4><strong>ACOMPANHE O EVENTO NAS REDES SOCIAIS<\/strong><\/h4>\n<p><a href=\"http:\/\/www.facebook.com\/InstitutoValemais\" target=\"_blank\">www.facebook.com\/InstitutoValemais<\/a><\/p>\n<h4><strong>PARA SABER MAIS<\/strong><\/h4>\n<p>valemaisjequitinhonha@gmail.com<\/p>\n<h4><strong>SERVI\u00c7O<\/strong><\/h4>\n<p>O QU\u00ca:? Projeto Quando o Jequitinhonha Canta e Dan\u00e7a \u201cAs Onhas do Jequi &#8211; 30 Anos\u201d (s\u00e1b., 12.abr) e \u201cIncelente Maravilha &#8211; 20 Anos\u201d (dom., 13.abr)<\/p>\n<p>ONDE?: Minascentro &#8211; Av. Augusto de Lima, 768 &#8211; Centro &#8211; BH &#8211; MG | info: 31 9952-3054<\/p>\n<p>QUANDO?: 12 de abril (\u201cAs Onhas do Jequi &#8211; 30 Anos\u201d) e 13 de abril (\u201cIncelente Maravilha &#8211; 20 Anos\u201d), \u00e0s 20h<\/p>\n<p>QUANTO?: Antecipado a R$ 30 e R$ 15 (meia-entrada); na hora, R$ 40 e R$ 20 (meia-entrada)<\/p>\n<p>VENDA ANTECIPADA:   Mercado das Flores: Av. Afonso Pena, 1.055 &#8211; 2\u00aa a dom., das 10h \u00e0s 18h<\/p>\n<p>Online: <a href=\"http:\/\/www.sympla.com.br\/valemais\" target=\"_blank\">www.sympla.com.br\/valemais<\/a><\/p>\n<p>INFORMA\u00c7\u00d5ES ADICIONAIS \u00c0 IMPRENSA E ENTREVISTAS COM OS ARTISTAS<\/p>\n<p>Israel do Vale:  israeldovale@uol.com.br \/ 31 9782-6558<\/p>\n","protected":false},"excerpt":{"rendered":"<p>14 ARTISTAS CELEBRAM MEIO S\u00c9CULO DE RIQUEZA CULTURAL DO INTERIOR MINEIRO, DIAS 12 E 13 DE ABRIL NO MINASCENTRO S\u00e9rie de shows comemora 30 anos do hist\u00f3rico \u201cAs Onhas do Jequi\u201d, que projetou a cultura do Jequitinhonha nacionalmente, e os 20 anos de carreira de Pereira da Viola. Belo Horizonte revive em abril um momento [&hellip;]<\/p>\n","protected":false},"author":1,"featured_media":26259,"comment_status":"open","ping_status":"closed","sticky":false,"template":"","format":"standard","meta":{"amp_status":"","footnotes":""},"categories":[125],"tags":[6475],"class_list":["post-26258","post","type-post","status-publish","format-standard","has-post-thumbnail","hentry","category-noticias","tag-quando-o-jequitinhonha-canta-e-danca"],"_links":{"self":[{"href":"https:\/\/aconteceunovale.com.br\/portal\/index.php?rest_route=\/wp\/v2\/posts\/26258","targetHints":{"allow":["GET"]}}],"collection":[{"href":"https:\/\/aconteceunovale.com.br\/portal\/index.php?rest_route=\/wp\/v2\/posts"}],"about":[{"href":"https:\/\/aconteceunovale.com.br\/portal\/index.php?rest_route=\/wp\/v2\/types\/post"}],"author":[{"embeddable":true,"href":"https:\/\/aconteceunovale.com.br\/portal\/index.php?rest_route=\/wp\/v2\/users\/1"}],"replies":[{"embeddable":true,"href":"https:\/\/aconteceunovale.com.br\/portal\/index.php?rest_route=%2Fwp%2Fv2%2Fcomments&post=26258"}],"version-history":[{"count":0,"href":"https:\/\/aconteceunovale.com.br\/portal\/index.php?rest_route=\/wp\/v2\/posts\/26258\/revisions"}],"wp:featuredmedia":[{"embeddable":true,"href":"https:\/\/aconteceunovale.com.br\/portal\/index.php?rest_route=\/wp\/v2\/media\/26259"}],"wp:attachment":[{"href":"https:\/\/aconteceunovale.com.br\/portal\/index.php?rest_route=%2Fwp%2Fv2%2Fmedia&parent=26258"}],"wp:term":[{"taxonomy":"category","embeddable":true,"href":"https:\/\/aconteceunovale.com.br\/portal\/index.php?rest_route=%2Fwp%2Fv2%2Fcategories&post=26258"},{"taxonomy":"post_tag","embeddable":true,"href":"https:\/\/aconteceunovale.com.br\/portal\/index.php?rest_route=%2Fwp%2Fv2%2Ftags&post=26258"}],"curies":[{"name":"wp","href":"https:\/\/api.w.org\/{rel}","templated":true}]}}