{"id":26255,"date":"2014-04-10T14:50:44","date_gmt":"2014-04-10T17:50:44","guid":{"rendered":"http:\/\/aconteceunovale.com.br\/portal\/?p=26255"},"modified":"2014-04-10T14:50:44","modified_gmt":"2014-04-10T17:50:44","slug":"programacao-do-capelinhense-ausente-2014-sera-definida-no-dia-16-de-abril","status":"publish","type":"post","link":"https:\/\/aconteceunovale.com.br\/portal\/?p=26255","title":{"rendered":"Programa\u00e7\u00e3o do Capelinhense Ausente 2014 ser\u00e1 definida no dia 16 de abril"},"content":{"rendered":"<p>A 28\u00aa Festa do Capelinhense Ausente ter\u00e1 cinco dias este ano, um dia a mais para os capelinhenses e os visitantes poderem se divertir. Por causa da Copa do Mundo no Brasil e antecipa\u00e7\u00e3o das f\u00e9rias escolares, a Festa deste ano ser\u00e1 realizada entre os dias 18 e 22 de junho, coincidindo com o feriado prolongando de Corpus Christi. <\/p>\n<p>J\u00e1 est\u00e1 na Prefeitura, \u00e1 disposi\u00e7\u00e3o dos interessados, o edital do Preg\u00e3o Presencial para contrata\u00e7\u00e3o da empresa especializada para presta\u00e7\u00e3o de servi\u00e7os de organiza\u00e7\u00e3o, produ\u00e7\u00e3o executiva e art\u00edstica para realiza\u00e7\u00e3o da Festa do Capelinhense Ausente. O edital est\u00e1 na sala da Comiss\u00e3o Permanente de licita\u00e7\u00e3o, e pode ser consultado de segunda a sexta feira, das 8h \u00e1s 11h e das 13h \u00e1 17h. <\/p>\n<p>A entrega e a abertura dos envelopes acontecem no dia 16 de abril, \u00e1s 9h, na sede da Prefeitura, rua In\u00e1cio Murta, 58, no Centro, e o evento \u00e9 aberto ao p\u00fablico. Tamb\u00e9m nessa data ser\u00e3o conhecidos os seis principais shows. Contatos pelo (33) 3516 1348 ou pelo e-mail: licita\u00e7\u00e3o@pmcapelinha.mg.gov.br.<\/p>\n","protected":false},"excerpt":{"rendered":"<p>A 28\u00aa Festa do Capelinhense Ausente ter\u00e1 cinco dias este ano, um dia a mais para os capelinhenses e os visitantes poderem se divertir. Por causa da Copa do Mundo no Brasil e antecipa\u00e7\u00e3o das f\u00e9rias escolares, a Festa deste ano ser\u00e1 realizada entre os dias 18 e 22 de junho, coincidindo com o feriado [&hellip;]<\/p>\n","protected":false},"author":1,"featured_media":26256,"comment_status":"open","ping_status":"closed","sticky":false,"template":"","format":"standard","meta":{"amp_status":"","footnotes":""},"categories":[125],"tags":[132,2482,838,837,6474],"class_list":["post-26255","post","type-post","status-publish","format-standard","has-post-thumbnail","hentry","category-noticias","tag-capelinha","tag-capelinhense-ausente","tag-capelinhense-ausente-2014","tag-festa-do-capelinhense-ausente-2014","tag-programacao-do-capelinhense-ausente-2014-sera-definida-no-dia-16-de-abril"],"_links":{"self":[{"href":"https:\/\/aconteceunovale.com.br\/portal\/index.php?rest_route=\/wp\/v2\/posts\/26255","targetHints":{"allow":["GET"]}}],"collection":[{"href":"https:\/\/aconteceunovale.com.br\/portal\/index.php?rest_route=\/wp\/v2\/posts"}],"about":[{"href":"https:\/\/aconteceunovale.com.br\/portal\/index.php?rest_route=\/wp\/v2\/types\/post"}],"author":[{"embeddable":true,"href":"https:\/\/aconteceunovale.com.br\/portal\/index.php?rest_route=\/wp\/v2\/users\/1"}],"replies":[{"embeddable":true,"href":"https:\/\/aconteceunovale.com.br\/portal\/index.php?rest_route=%2Fwp%2Fv2%2Fcomments&post=26255"}],"version-history":[{"count":0,"href":"https:\/\/aconteceunovale.com.br\/portal\/index.php?rest_route=\/wp\/v2\/posts\/26255\/revisions"}],"wp:featuredmedia":[{"embeddable":true,"href":"https:\/\/aconteceunovale.com.br\/portal\/index.php?rest_route=\/wp\/v2\/media\/26256"}],"wp:attachment":[{"href":"https:\/\/aconteceunovale.com.br\/portal\/index.php?rest_route=%2Fwp%2Fv2%2Fmedia&parent=26255"}],"wp:term":[{"taxonomy":"category","embeddable":true,"href":"https:\/\/aconteceunovale.com.br\/portal\/index.php?rest_route=%2Fwp%2Fv2%2Fcategories&post=26255"},{"taxonomy":"post_tag","embeddable":true,"href":"https:\/\/aconteceunovale.com.br\/portal\/index.php?rest_route=%2Fwp%2Fv2%2Ftags&post=26255"}],"curies":[{"name":"wp","href":"https:\/\/api.w.org\/{rel}","templated":true}]}}