{"id":26244,"date":"2014-04-10T14:34:34","date_gmt":"2014-04-10T17:34:34","guid":{"rendered":"http:\/\/aconteceunovale.com.br\/portal\/?p=26244"},"modified":"2014-04-10T14:34:34","modified_gmt":"2014-04-10T17:34:34","slug":"cavalo-e-encontrado-com-ferimento-na-boca-e-patas-amarradas","status":"publish","type":"post","link":"https:\/\/aconteceunovale.com.br\/portal\/?p=26244","title":{"rendered":"Cavalo \u00e9 encontrado com ferimento na boca e patas amarradas"},"content":{"rendered":"<h4><strong>Dono do animal teria feito um corte no c\u00e9u da boca dele com um canivete. Homem est\u00e1 sendo procurado pelo crime de maus tratos em Montes Claros.<\/strong><\/h4>\n<p><img decoding=\"async\" src=\"http:\/\/aconteceunovale.com.br\/portal\/wp-content\/uploads\/2014\/04\/cavalo_maltratado_moc_10_04.jpg\" alt=\"\" \/><em>Cavalo estava com as patas amarradas (Foto: Michelly Oda \/ G1)<\/em><br \/>\n<\/br><\/p>\n<p>A Pol\u00edcia Militar procura por um homem que \u00e9 suspeito de maus tratos a um cavalo. Inicialmente, a PM recebeu informa\u00e7\u00f5es de que ele teria cortado a l\u00edngua do animal, mas o corte foi feito no c\u00e9u da boca.<\/p>\n<p>O instrutor de autoescola Deivisson Mirando foi uma das pessoas que ligou para a pol\u00edcia. &#8220;Estava passando e vi a boca do cavalo sangrando e parecia ser a l\u00edngua. Ao chegar perto percebi que ele tamb\u00e9m estava com as patas amarradas, achei uma crueldade.&#8221;<\/p>\n<p>Um rapaz que estava trabalhando perto de onde o animal estava disse que dois homens chegaram de moto e um deles desceu e fez o corte com um canivete.<\/p>\n<p>Outra pessoa que prefere n\u00e3o se identificar, e tamb\u00e9m viu a a\u00e7\u00e3o, diz que o respons\u00e1vel pelo corte seria o dono do cavalo. &#8220;Ele fica com seis cavalos por aqui e sempre vejo os bichos serem agredidos, \u00e9 muita covardia.&#8221;<\/p>\n<p>Um carroceiro que esteve no local explicou para os militares que fazer o corte no c\u00e9u da boca \u00e9 uma pr\u00e1tica comum. O objetivo, segundo ele, \u00e9 retirar a travagem, uma carne que se forma na boca dos animais.<\/p>\n<p>Marco T\u00falio Pelaquim, do Instituto Mineiro de Agropecu\u00e1ria, explica que a &#8220;travagem&#8221; \u00e9 na verdade, a palatite, um processo inflamat\u00f3rio no palato, comum em animais mais velhos e que n\u00e3o s\u00e3o alimentados corretamente. Ele destaca que o correto \u00e9 levar o cavalo at\u00e9 um veterin\u00e1rio, para passar por uma cirurgia, que exige anestesia local. <\/p>\n<p>De acordo com informa\u00e7\u00f5es da Pol\u00edcia Militar, a secretaria da Servi\u00e7os Urbanos vai recolher o o animal.<\/p>\n","protected":false},"excerpt":{"rendered":"<p>Dono do animal teria feito um corte no c\u00e9u da boca dele com um canivete. Homem est\u00e1 sendo procurado pelo crime de maus tratos em Montes Claros. Cavalo estava com as patas amarradas (Foto: Michelly Oda \/ G1) A Pol\u00edcia Militar procura por um homem que \u00e9 suspeito de maus tratos a um cavalo. Inicialmente, [&hellip;]<\/p>\n","protected":false},"author":1,"featured_media":26245,"comment_status":"open","ping_status":"closed","sticky":false,"template":"","format":"standard","meta":{"amp_status":"","footnotes":""},"categories":[1236],"tags":[6470,1018,210],"class_list":["post-26244","post","type-post","status-publish","format-standard","has-post-thumbnail","hentry","category-norte_de_minas","tag-cavalo-e-encontrado-com-ferimento-na-boca-e-patas-amarradas","tag-destaque","tag-montes-claros"],"_links":{"self":[{"href":"https:\/\/aconteceunovale.com.br\/portal\/index.php?rest_route=\/wp\/v2\/posts\/26244","targetHints":{"allow":["GET"]}}],"collection":[{"href":"https:\/\/aconteceunovale.com.br\/portal\/index.php?rest_route=\/wp\/v2\/posts"}],"about":[{"href":"https:\/\/aconteceunovale.com.br\/portal\/index.php?rest_route=\/wp\/v2\/types\/post"}],"author":[{"embeddable":true,"href":"https:\/\/aconteceunovale.com.br\/portal\/index.php?rest_route=\/wp\/v2\/users\/1"}],"replies":[{"embeddable":true,"href":"https:\/\/aconteceunovale.com.br\/portal\/index.php?rest_route=%2Fwp%2Fv2%2Fcomments&post=26244"}],"version-history":[{"count":0,"href":"https:\/\/aconteceunovale.com.br\/portal\/index.php?rest_route=\/wp\/v2\/posts\/26244\/revisions"}],"wp:featuredmedia":[{"embeddable":true,"href":"https:\/\/aconteceunovale.com.br\/portal\/index.php?rest_route=\/wp\/v2\/media\/26245"}],"wp:attachment":[{"href":"https:\/\/aconteceunovale.com.br\/portal\/index.php?rest_route=%2Fwp%2Fv2%2Fmedia&parent=26244"}],"wp:term":[{"taxonomy":"category","embeddable":true,"href":"https:\/\/aconteceunovale.com.br\/portal\/index.php?rest_route=%2Fwp%2Fv2%2Fcategories&post=26244"},{"taxonomy":"post_tag","embeddable":true,"href":"https:\/\/aconteceunovale.com.br\/portal\/index.php?rest_route=%2Fwp%2Fv2%2Ftags&post=26244"}],"curies":[{"name":"wp","href":"https:\/\/api.w.org\/{rel}","templated":true}]}}