{"id":26241,"date":"2014-04-10T14:31:44","date_gmt":"2014-04-10T17:31:44","guid":{"rendered":"http:\/\/aconteceunovale.com.br\/portal\/?p=26241"},"modified":"2014-04-10T14:31:44","modified_gmt":"2014-04-10T17:31:44","slug":"suspeitos-sao-baleados-em-troca-de-tiros-com-a-policia-em-montes-claros","status":"publish","type":"post","link":"https:\/\/aconteceunovale.com.br\/portal\/?p=26241","title":{"rendered":"Suspeitos s\u00e3o baleados em troca de tiros com a pol\u00edcia em Montes Claros"},"content":{"rendered":"<p>Dois jovens foram baleados no fim da manh\u00e3 desta quinta-feira (10) em Montes Claros, Norte de Minas Gerais. Segundo a Pol\u00edcia Miliar, eles teriam assaltado um supermercado do bairro Alto da Boa Vista, nesta manh\u00e3, e fugiram de moto.<\/p>\n<p>Os suspeitos foram identificados e seguidos por policiais que perceberam que eles entraram em uma resid\u00eancia no bairro Vila Telma. De acordo com a PM, quando os policiais entraram foram abordados com os dois armados, que dispararam contra os eles. Os Policiais revidaram e<br \/>\nacabaram acertando os dois homens.<\/p>\n<p>Um irm\u00e3o de uma das v\u00edtimas tentou entrar na casa e chegou a agredir a pol\u00edcia. Ele foi preso.<\/p>\n<p>Alguns moradores jogaram pedras contra viaturas e um policial foi atingido no bra\u00e7o. Quatro pessoas foram detidas.<\/p>\n<p>Segundo o capit\u00e3o Ha nse,os fatos ser\u00e3o investigados, mas inicialmente os policiais teriam em leg\u00edtima defesa.<\/p>\n<p><img decoding=\"async\" src=\"http:\/\/aconteceunovale.com.br\/portal\/wp-content\/uploads\/2014\/04\/baleados_confronto_pm_moc_10_04.jpg\" alt=\"\" \/><em>(Foto: Valdivan Veloso \/ G1)<\/em><\/p>\n","protected":false},"excerpt":{"rendered":"<p>Dois jovens foram baleados no fim da manh\u00e3 desta quinta-feira (10) em Montes Claros, Norte de Minas Gerais. Segundo a Pol\u00edcia Miliar, eles teriam assaltado um supermercado do bairro Alto da Boa Vista, nesta manh\u00e3, e fugiram de moto. Os suspeitos foram identificados e seguidos por policiais que perceberam que eles entraram em uma resid\u00eancia [&hellip;]<\/p>\n","protected":false},"author":1,"featured_media":26242,"comment_status":"open","ping_status":"closed","sticky":false,"template":"","format":"standard","meta":{"amp_status":"","footnotes":""},"categories":[1236],"tags":[1018,210,6469],"class_list":["post-26241","post","type-post","status-publish","format-standard","has-post-thumbnail","hentry","category-norte_de_minas","tag-destaque","tag-montes-claros","tag-suspeitos-sao-baleados-em-troca-de-tiros-com-a-policia-em-montes-claros"],"_links":{"self":[{"href":"https:\/\/aconteceunovale.com.br\/portal\/index.php?rest_route=\/wp\/v2\/posts\/26241","targetHints":{"allow":["GET"]}}],"collection":[{"href":"https:\/\/aconteceunovale.com.br\/portal\/index.php?rest_route=\/wp\/v2\/posts"}],"about":[{"href":"https:\/\/aconteceunovale.com.br\/portal\/index.php?rest_route=\/wp\/v2\/types\/post"}],"author":[{"embeddable":true,"href":"https:\/\/aconteceunovale.com.br\/portal\/index.php?rest_route=\/wp\/v2\/users\/1"}],"replies":[{"embeddable":true,"href":"https:\/\/aconteceunovale.com.br\/portal\/index.php?rest_route=%2Fwp%2Fv2%2Fcomments&post=26241"}],"version-history":[{"count":0,"href":"https:\/\/aconteceunovale.com.br\/portal\/index.php?rest_route=\/wp\/v2\/posts\/26241\/revisions"}],"wp:featuredmedia":[{"embeddable":true,"href":"https:\/\/aconteceunovale.com.br\/portal\/index.php?rest_route=\/wp\/v2\/media\/26242"}],"wp:attachment":[{"href":"https:\/\/aconteceunovale.com.br\/portal\/index.php?rest_route=%2Fwp%2Fv2%2Fmedia&parent=26241"}],"wp:term":[{"taxonomy":"category","embeddable":true,"href":"https:\/\/aconteceunovale.com.br\/portal\/index.php?rest_route=%2Fwp%2Fv2%2Fcategories&post=26241"},{"taxonomy":"post_tag","embeddable":true,"href":"https:\/\/aconteceunovale.com.br\/portal\/index.php?rest_route=%2Fwp%2Fv2%2Ftags&post=26241"}],"curies":[{"name":"wp","href":"https:\/\/api.w.org\/{rel}","templated":true}]}}