{"id":26238,"date":"2014-04-10T14:28:41","date_gmt":"2014-04-10T17:28:41","guid":{"rendered":"http:\/\/aconteceunovale.com.br\/portal\/?p=26238"},"modified":"2014-04-10T14:28:41","modified_gmt":"2014-04-10T17:28:41","slug":"rapaz-de-19-anos-confessa-ter-matado-jovem-de-21-em-mantena","status":"publish","type":"post","link":"https:\/\/aconteceunovale.com.br\/portal\/?p=26238","title":{"rendered":"Rapaz de 19 anos confessa ter matado jovem de 21 em Mantena"},"content":{"rendered":"<p>A Pol\u00edcia Civil de Mantena prendeu na noite dessa quarta-feira (9), um rapaz suspeito de ter matado o jovem Weslley Matheus, que foi encontrado morto dentro de seu carro, em Mantena, no dia 14 de mar\u00e7o. De acordo com o delegado respons\u00e1vel pelo caso, o rapaz de 19 anos confessou o crime.<\/p>\n<p>Ainda de acordo com o delegado, Iure Mota, as investiga\u00e7\u00f5es chegaram at\u00e9 o rapaz. Ele foi intimado a depor e acabou confessando o crime. Segundo o delegado, o rapaz contou para a pol\u00edcia que matou Weslley Matheus porque tinha medo de que algu\u00e9m descobrisse que ele havia sa\u00eddo com a v\u00edtima, que seria homossexual. Por\u00e9m, fam\u00edlia do jovem afirma que Weslley n\u00e3o era gay.<\/p>\n<p>Ele ainda contou para a pol\u00edcia como foi o crime. &#8220;Primeiro ele estrangulou com os bra\u00e7os e depois pegou o cinto do carro, enrolou no pesco\u00e7o da v\u00edtima e terminou de estrangul\u00e1-la&#8221;, explicou o delegado Iure Matos. Ainda de acordo com o delegado, o rapaz teria pegado alguns pertences da v\u00edtima; dinheiro, dois celulares e um rel\u00f3gio. &#8220;Ele se preocupou em limpar o carro e disse que teria pegado os pertences para disfar\u00e7ar&#8221;.<\/p>\n<p>Ainda de acordo com o delegado, o rapaz demonstrou estar arrependido de ter cometido o crime. Se for condenado, o jovem pode pegar de 12 a 30 anos de pris\u00e3o por homic\u00eddio qualificado e furto. Ele foi encaminhado para o pres\u00eddio de Mantena.<\/p>\n<h4><strong>O caso<\/strong><\/h4>\n<p>O jovem de 21 anos foi encontrado morto dentro do pr\u00f3prio carro, que estava estacionado na Rua Cinco do bairro Esplanada, no dia 14 de mar\u00e7o. Weslley Matheus estava desaparecido h\u00e1 dois dias. Ele estava com o cinto de seguran\u00e7a do banco de tr\u00e1s enrolado no pesco\u00e7o e n\u00e3o apresentava nenhuma perfura\u00e7\u00e3o pelo corpo.<\/p>\n<p><img decoding=\"async\" src=\"http:\/\/aconteceunovale.com.br\/portal\/wp-content\/uploads\/2014\/04\/matou_rapaz_em_mantena_10_04.jpg\" alt=\"\" \/><\/p>\n<p><em>(Fonte: G1 dos Vales)<\/em><\/p>\n","protected":false},"excerpt":{"rendered":"<p>A Pol\u00edcia Civil de Mantena prendeu na noite dessa quarta-feira (9), um rapaz suspeito de ter matado o jovem Weslley Matheus, que foi encontrado morto dentro de seu carro, em Mantena, no dia 14 de mar\u00e7o. De acordo com o delegado respons\u00e1vel pelo caso, o rapaz de 19 anos confessou o crime. Ainda de acordo [&hellip;]<\/p>\n","protected":false},"author":1,"featured_media":26239,"comment_status":"open","ping_status":"closed","sticky":false,"template":"","format":"standard","meta":{"amp_status":"","footnotes":""},"categories":[121],"tags":[1018,1516,6468],"class_list":["post-26238","post","type-post","status-publish","format-standard","has-post-thumbnail","hentry","category-leste","tag-destaque","tag-mantena","tag-rapaz-de-19-anos-confessa-ter-matado-jovem-de-21-em-mantena"],"_links":{"self":[{"href":"https:\/\/aconteceunovale.com.br\/portal\/index.php?rest_route=\/wp\/v2\/posts\/26238","targetHints":{"allow":["GET"]}}],"collection":[{"href":"https:\/\/aconteceunovale.com.br\/portal\/index.php?rest_route=\/wp\/v2\/posts"}],"about":[{"href":"https:\/\/aconteceunovale.com.br\/portal\/index.php?rest_route=\/wp\/v2\/types\/post"}],"author":[{"embeddable":true,"href":"https:\/\/aconteceunovale.com.br\/portal\/index.php?rest_route=\/wp\/v2\/users\/1"}],"replies":[{"embeddable":true,"href":"https:\/\/aconteceunovale.com.br\/portal\/index.php?rest_route=%2Fwp%2Fv2%2Fcomments&post=26238"}],"version-history":[{"count":0,"href":"https:\/\/aconteceunovale.com.br\/portal\/index.php?rest_route=\/wp\/v2\/posts\/26238\/revisions"}],"wp:featuredmedia":[{"embeddable":true,"href":"https:\/\/aconteceunovale.com.br\/portal\/index.php?rest_route=\/wp\/v2\/media\/26239"}],"wp:attachment":[{"href":"https:\/\/aconteceunovale.com.br\/portal\/index.php?rest_route=%2Fwp%2Fv2%2Fmedia&parent=26238"}],"wp:term":[{"taxonomy":"category","embeddable":true,"href":"https:\/\/aconteceunovale.com.br\/portal\/index.php?rest_route=%2Fwp%2Fv2%2Fcategories&post=26238"},{"taxonomy":"post_tag","embeddable":true,"href":"https:\/\/aconteceunovale.com.br\/portal\/index.php?rest_route=%2Fwp%2Fv2%2Ftags&post=26238"}],"curies":[{"name":"wp","href":"https:\/\/api.w.org\/{rel}","templated":true}]}}