{"id":26218,"date":"2014-04-09T22:12:41","date_gmt":"2014-04-10T01:12:41","guid":{"rendered":"http:\/\/aconteceunovale.com.br\/portal\/?p=26218"},"modified":"2014-04-09T22:22:31","modified_gmt":"2014-04-10T01:22:31","slug":"batida-entre-caminhoes-impressiona-pela-violencia","status":"publish","type":"post","link":"https:\/\/aconteceunovale.com.br\/portal\/?p=26218","title":{"rendered":"Batida entre caminh\u00f5es impressiona pela viol\u00eancia"},"content":{"rendered":"<p>Uma batida entre dois caminh\u00f5es e uma motocicleta impressionou quem passou pela estrada que liga as cidades de Catas Altas e Santa B\u00e1rbara, no fim da tarde desta quarta-feira, 9 de abril. O acidente foi violento. Por sorte, ningu\u00e9m se feriu.<\/p>\n<p>Um dos caminh\u00f5es capotou e parou com as rodas para cima, completamente destru\u00eddo. O outro ve\u00edculo de carga sofreu danos na parte dianteira. A moto foi atingida de leve e n\u00e3o apresentava muitos estragos.<\/p>\n<p>Segundo informa\u00e7\u00f5es de internautas que passaram pelo local, havia um carro de passeio na frente da moto, que reduziu por causa de um quebra-molas. A motocicleta tamb\u00e9m diminuiu a velocidade, mas o caminh\u00e3o que vinha logo atr\u00e1s n\u00e3o conseguiu. O ve\u00edculo de carga atingiu a moto e depois bateu de frente contra o outro caminh\u00e3o.<\/p>\n<p>O tr\u00e2nsito ficou lento no local do acidente, fluindo em uma s\u00f3 faixa.<\/p>\n<p><strong>FOTOS DO ACIDENTE<\/strong><br \/>\n<em>(Fotos: Kleber Binha)<\/em><\/p>\n<p><img decoding=\"async\" src=\"http:\/\/aconteceunovale.com.br\/portal\/wp-content\/uploads\/2014\/04\/acidente_caminhoes_santa_barbara_09_04_06.jpg\" alt=\"\" \/><br \/>\n<div id='gallery-1' class='gallery galleryid-26218 gallery-columns-4 gallery-size-thumbnail'><figure class='gallery-item'>\n\t\t\t<div class='gallery-icon landscape'>\n\t\t\t\t<a href='https:\/\/aconteceunovale.com.br\/portal\/wp-content\/uploads\/2014\/04\/acidente_caminhoes_santa_barbara_09_04_02.jpg'><img loading=\"lazy\" decoding=\"async\" width=\"150\" height=\"150\" src=\"https:\/\/aconteceunovale.com.br\/portal\/wp-content\/uploads\/2014\/04\/acidente_caminhoes_santa_barbara_09_04_02-150x150.jpg\" class=\"attachment-thumbnail size-thumbnail\" alt=\"\" \/><\/a>\n\t\t\t<\/div><\/figure><figure class='gallery-item'>\n\t\t\t<div class='gallery-icon portrait'>\n\t\t\t\t<a href='https:\/\/aconteceunovale.com.br\/portal\/wp-content\/uploads\/2014\/04\/acidente_caminhoes_santa_barbara_09_04_03.jpg'><img loading=\"lazy\" decoding=\"async\" width=\"150\" height=\"150\" src=\"https:\/\/aconteceunovale.com.br\/portal\/wp-content\/uploads\/2014\/04\/acidente_caminhoes_santa_barbara_09_04_03-150x150.jpg\" class=\"attachment-thumbnail size-thumbnail\" alt=\"\" \/><\/a>\n\t\t\t<\/div><\/figure><figure class='gallery-item'>\n\t\t\t<div class='gallery-icon portrait'>\n\t\t\t\t<a href='https:\/\/aconteceunovale.com.br\/portal\/wp-content\/uploads\/2014\/04\/acidente_caminhoes_santa_barbara_09_04_04.jpg'><img loading=\"lazy\" decoding=\"async\" width=\"150\" height=\"150\" src=\"https:\/\/aconteceunovale.com.br\/portal\/wp-content\/uploads\/2014\/04\/acidente_caminhoes_santa_barbara_09_04_04-150x150.jpg\" class=\"attachment-thumbnail size-thumbnail\" alt=\"\" \/><\/a>\n\t\t\t<\/div><\/figure><figure class='gallery-item'>\n\t\t\t<div class='gallery-icon portrait'>\n\t\t\t\t<a href='https:\/\/aconteceunovale.com.br\/portal\/wp-content\/uploads\/2014\/04\/acidente_caminhoes_santa_barbara_09_04_05.jpg'><img loading=\"lazy\" decoding=\"async\" width=\"150\" height=\"150\" src=\"https:\/\/aconteceunovale.com.br\/portal\/wp-content\/uploads\/2014\/04\/acidente_caminhoes_santa_barbara_09_04_05-150x150.jpg\" class=\"attachment-thumbnail size-thumbnail\" alt=\"\" \/><\/a>\n\t\t\t<\/div><\/figure><figure class='gallery-item'>\n\t\t\t<div class='gallery-icon landscape'>\n\t\t\t\t<a href='https:\/\/aconteceunovale.com.br\/portal\/wp-content\/uploads\/2014\/04\/acidente_caminhoes_santa_barbara_09_04_06.jpg'><img loading=\"lazy\" decoding=\"async\" width=\"150\" height=\"150\" src=\"https:\/\/aconteceunovale.com.br\/portal\/wp-content\/uploads\/2014\/04\/acidente_caminhoes_santa_barbara_09_04_06-150x150.jpg\" class=\"attachment-thumbnail size-thumbnail\" alt=\"\" \/><\/a>\n\t\t\t<\/div><\/figure><figure class='gallery-item'>\n\t\t\t<div class='gallery-icon portrait'>\n\t\t\t\t<a href='https:\/\/aconteceunovale.com.br\/portal\/wp-content\/uploads\/2014\/04\/acidente_caminhoes_santa_barbara_09_04_07.jpg'><img loading=\"lazy\" decoding=\"async\" width=\"150\" height=\"150\" src=\"https:\/\/aconteceunovale.com.br\/portal\/wp-content\/uploads\/2014\/04\/acidente_caminhoes_santa_barbara_09_04_07-150x150.jpg\" class=\"attachment-thumbnail size-thumbnail\" alt=\"\" \/><\/a>\n\t\t\t<\/div><\/figure><figure class='gallery-item'>\n\t\t\t<div class='gallery-icon landscape'>\n\t\t\t\t<a href='https:\/\/aconteceunovale.com.br\/portal\/wp-content\/uploads\/2014\/04\/acidente_caminhoes_santa_barbara_09_04_08.jpg'><img loading=\"lazy\" decoding=\"async\" width=\"150\" height=\"150\" src=\"https:\/\/aconteceunovale.com.br\/portal\/wp-content\/uploads\/2014\/04\/acidente_caminhoes_santa_barbara_09_04_08-150x150.jpg\" class=\"attachment-thumbnail size-thumbnail\" alt=\"\" \/><\/a>\n\t\t\t<\/div><\/figure><figure class='gallery-item'>\n\t\t\t<div class='gallery-icon landscape'>\n\t\t\t\t<a href='https:\/\/aconteceunovale.com.br\/portal\/wp-content\/uploads\/2014\/04\/acidente_caminhoes_santa_barbara_09_04_01.jpg'><img loading=\"lazy\" decoding=\"async\" width=\"150\" height=\"150\" src=\"https:\/\/aconteceunovale.com.br\/portal\/wp-content\/uploads\/2014\/04\/acidente_caminhoes_santa_barbara_09_04_01-150x150.jpg\" class=\"attachment-thumbnail size-thumbnail\" alt=\"\" \/><\/a>\n\t\t\t<\/div><\/figure>\n\t\t<\/div>\n<\/p>\n<p><strong>(Fonte: DeFato)<\/strong><\/p>\n","protected":false},"excerpt":{"rendered":"<p>Uma batida entre dois caminh\u00f5es e uma motocicleta impressionou quem passou pela estrada que liga as cidades de Catas Altas e Santa B\u00e1rbara, no fim da tarde desta quarta-feira, 9 de abril. O acidente foi violento. Por sorte, ningu\u00e9m se feriu. Um dos caminh\u00f5es capotou e parou com as rodas para cima, completamente destru\u00eddo. O [&hellip;]<\/p>\n","protected":false},"author":1,"featured_media":26224,"comment_status":"open","ping_status":"closed","sticky":false,"template":"","format":"standard","meta":{"amp_status":"","footnotes":""},"categories":[6],"tags":[1525,6461,6462,1018,202,3693],"class_list":["post-26218","post","type-post","status-publish","format-standard","has-post-thumbnail","hentry","category-br","tag-barao-de-cocais","tag-batida-entre-caminhoes-impressiona-pela-violencia","tag-catas-altas","tag-destaque","tag-itabira","tag-santa-barbara"],"_links":{"self":[{"href":"https:\/\/aconteceunovale.com.br\/portal\/index.php?rest_route=\/wp\/v2\/posts\/26218","targetHints":{"allow":["GET"]}}],"collection":[{"href":"https:\/\/aconteceunovale.com.br\/portal\/index.php?rest_route=\/wp\/v2\/posts"}],"about":[{"href":"https:\/\/aconteceunovale.com.br\/portal\/index.php?rest_route=\/wp\/v2\/types\/post"}],"author":[{"embeddable":true,"href":"https:\/\/aconteceunovale.com.br\/portal\/index.php?rest_route=\/wp\/v2\/users\/1"}],"replies":[{"embeddable":true,"href":"https:\/\/aconteceunovale.com.br\/portal\/index.php?rest_route=%2Fwp%2Fv2%2Fcomments&post=26218"}],"version-history":[{"count":0,"href":"https:\/\/aconteceunovale.com.br\/portal\/index.php?rest_route=\/wp\/v2\/posts\/26218\/revisions"}],"wp:featuredmedia":[{"embeddable":true,"href":"https:\/\/aconteceunovale.com.br\/portal\/index.php?rest_route=\/wp\/v2\/media\/26224"}],"wp:attachment":[{"href":"https:\/\/aconteceunovale.com.br\/portal\/index.php?rest_route=%2Fwp%2Fv2%2Fmedia&parent=26218"}],"wp:term":[{"taxonomy":"category","embeddable":true,"href":"https:\/\/aconteceunovale.com.br\/portal\/index.php?rest_route=%2Fwp%2Fv2%2Fcategories&post=26218"},{"taxonomy":"post_tag","embeddable":true,"href":"https:\/\/aconteceunovale.com.br\/portal\/index.php?rest_route=%2Fwp%2Fv2%2Ftags&post=26218"}],"curies":[{"name":"wp","href":"https:\/\/api.w.org\/{rel}","templated":true}]}}