{"id":26216,"date":"2014-04-09T21:50:51","date_gmt":"2014-04-10T00:50:51","guid":{"rendered":"http:\/\/aconteceunovale.com.br\/portal\/?p=26216"},"modified":"2014-04-09T21:50:51","modified_gmt":"2014-04-10T00:50:51","slug":"facebook-anuncia-mudancas-para-aumentar-privacidade-de-usuarios","status":"publish","type":"post","link":"https:\/\/aconteceunovale.com.br\/portal\/?p=26216","title":{"rendered":"Facebook anuncia mudan\u00e7as para aumentar privacidade de usu\u00e1rios"},"content":{"rendered":"<p>O Facebook anunciou nesta quarta-feira (9) um sistema de verifica\u00e7\u00e3o de postagens para que usu\u00e1rios saibam com quem est\u00e3o compartilhando suas informa\u00e7\u00f5es.<\/p>\n<p>Aqueles que nunca mexeram em suas configura\u00e7\u00f5es de privacidade come\u00e7ar\u00e3o a receber uma mensagem depois de cada postagem mostrando quem da sua lista de contatos poder\u00e1 visualizar o conte\u00fado publicado.<\/p>\n<p>A ideia da mudan\u00e7a, segundo o jornal &#8220;The Guardian&#8221; partiu de uma pesquisa feita com 4 mil usu\u00e1rios do Facebook, que reclamaram da falta de privacidade na rede social.<\/p>\n<p>&#8220;Algumas pessoas sentiram que nossas [pol\u00edticas de] privacidade mudaram muito ao longo dos anos, ou que n\u00f3s [do Facebook] n\u00e3o soubemos comunicar bem as mudan\u00e7as&#8221;, disse Michael Nowak, gerente de privacidade de produtos do site, em entrevista ao &#8220;Guardian&#8221;.<\/p>\n<p>A iniciativa foi vista como uma tentativa de mudar a imagem de que a rede social ignora preocupa\u00e7\u00f5es com a privacidade.<\/p>\n<p>Em 2010, o fundador do Facebook, Mark Zuckerberg, causou pol\u00eamica ao declarar que a privacidade &#8220;n\u00e3o era mais uma norma social&#8221;.<\/p>\n<h4><strong>Mais Mudan\u00e7as<\/strong><\/h4>\n<p>O aplicativo para iPhone tamb\u00e9m ter\u00e1 mudan\u00e7as. O bot\u00e3o &#8220;seletor de audi\u00eancia&#8221;, no qual o usu\u00e1rio escolhe se compartilhar\u00e1 a postagem publicamente ou apenas para amigos, ser\u00e1 deslocado do canto inferior direito para o superior esquerdo e ganhar\u00e1 mais destaque.<\/p>\n<p>Segundo o Facebook, a ferramenta tamb\u00e9m ser\u00e1 simplificada na vers\u00e3o do site para desktops. <\/p>\n","protected":false},"excerpt":{"rendered":"<p>O Facebook anunciou nesta quarta-feira (9) um sistema de verifica\u00e7\u00e3o de postagens para que usu\u00e1rios saibam com quem est\u00e3o compartilhando suas informa\u00e7\u00f5es. Aqueles que nunca mexeram em suas configura\u00e7\u00f5es de privacidade come\u00e7ar\u00e3o a receber uma mensagem depois de cada postagem mostrando quem da sua lista de contatos poder\u00e1 visualizar o conte\u00fado publicado. A ideia da [&hellip;]<\/p>\n","protected":false},"author":1,"featured_media":12702,"comment_status":"open","ping_status":"closed","sticky":false,"template":"","format":"standard","meta":{"amp_status":"","footnotes":""},"categories":[6],"tags":[6458,1018,4624,6455,6459,6456,6460,6457],"class_list":["post-26216","post","type-post","status-publish","format-standard","has-post-thumbnail","hentry","category-br","tag-aumentar-seguranca-do-facebook","tag-destaque","tag-facebook","tag-facebook-anuncia-mudancas-para-aumentar-privacidade-de-usuarios","tag-mudancas-na-privacidade-do-facebook","tag-mudancas-na-seguranca-do-facebook","tag-privacidade-do-facebook","tag-seguranca-do-facebook"],"_links":{"self":[{"href":"https:\/\/aconteceunovale.com.br\/portal\/index.php?rest_route=\/wp\/v2\/posts\/26216","targetHints":{"allow":["GET"]}}],"collection":[{"href":"https:\/\/aconteceunovale.com.br\/portal\/index.php?rest_route=\/wp\/v2\/posts"}],"about":[{"href":"https:\/\/aconteceunovale.com.br\/portal\/index.php?rest_route=\/wp\/v2\/types\/post"}],"author":[{"embeddable":true,"href":"https:\/\/aconteceunovale.com.br\/portal\/index.php?rest_route=\/wp\/v2\/users\/1"}],"replies":[{"embeddable":true,"href":"https:\/\/aconteceunovale.com.br\/portal\/index.php?rest_route=%2Fwp%2Fv2%2Fcomments&post=26216"}],"version-history":[{"count":0,"href":"https:\/\/aconteceunovale.com.br\/portal\/index.php?rest_route=\/wp\/v2\/posts\/26216\/revisions"}],"wp:featuredmedia":[{"embeddable":true,"href":"https:\/\/aconteceunovale.com.br\/portal\/index.php?rest_route=\/wp\/v2\/media\/12702"}],"wp:attachment":[{"href":"https:\/\/aconteceunovale.com.br\/portal\/index.php?rest_route=%2Fwp%2Fv2%2Fmedia&parent=26216"}],"wp:term":[{"taxonomy":"category","embeddable":true,"href":"https:\/\/aconteceunovale.com.br\/portal\/index.php?rest_route=%2Fwp%2Fv2%2Fcategories&post=26216"},{"taxonomy":"post_tag","embeddable":true,"href":"https:\/\/aconteceunovale.com.br\/portal\/index.php?rest_route=%2Fwp%2Fv2%2Ftags&post=26216"}],"curies":[{"name":"wp","href":"https:\/\/api.w.org\/{rel}","templated":true}]}}