{"id":26212,"date":"2014-04-09T21:46:04","date_gmt":"2014-04-10T00:46:04","guid":{"rendered":"http:\/\/aconteceunovale.com.br\/portal\/?p=26212"},"modified":"2014-04-09T21:46:04","modified_gmt":"2014-04-10T00:46:04","slug":"transformador-de-energia-pega-fogo-no-centro-de-governador-valadares","status":"publish","type":"post","link":"https:\/\/aconteceunovale.com.br\/portal\/?p=26212","title":{"rendered":"Transformador de energia pega fogo no Centro de Governador Valadares"},"content":{"rendered":"<h4><strong>Curto-circuito pode ter gerado o inc\u00eandio que teve in\u00edcio no fim da tarde. Algumas lojas ficaram sem energia e fecharam mais cedo.<\/strong><\/h4>\n<p><img decoding=\"async\" src=\"http:\/\/aconteceunovale.com.br\/portal\/wp-content\/uploads\/2014\/04\/transformador_pega_fogo_gv_09_04_1.jpg\" alt=\"\" \/><em>(Foto: Diego Souza\/G1)<\/em><br \/>\n<\/br><\/p>\n<p>Um transformador de energia pegou fogo em um poste na Rua Israel Pinheiro, no Centro do Governador Valadares, no Leste de Minas Gerais. Um curto-circuito pode ter gerado o inc\u00eandio que teve in\u00edcio por volta das 16h20. Uma equipe do Corpo de Bombeiros esteve no local e apagou o fogo, uma hora ap\u00f3s o in\u00edcio do inc\u00eandio. O tr\u00e2nsito ficou impedido no local por cerca de 1h30. Ningu\u00e9m ficou ferido.<\/p>\n<p>\u201cJ\u00e1 tivemos outros problemas semelhantes a este, neste mesmo local. Quando chegamos aqui o tr\u00e2nsito j\u00e1 estava controlado e o que fizemos foi desligar a rede el\u00e9trica para podermos trabalhar na resolu\u00e7\u00e3o do problema. Casos como este s\u00e3o perigosos porque algum pedestre pode levar um choque ou at\u00e9 mesmo se queimar com o fogo gerado pelos materiais que s\u00e3o incendiados\u201d, alerta o sargento dos Bombeiros, Luis Carlos Soares.<\/p>\n<p>O comerciante Roger Carvalho tem uma loja que fica quase embaixo do transformador. Ele contou que esta n\u00e3o \u00e9 primeira vez que fato semelhante acontece com o mesmo transformador.<\/p>\n<p>\u201cSou capaz de afirmar que nos \u00faltimos dois anos, a cada tr\u00eas meses temos um problema neste transformador. No \u00faltimo Natal, ficamos sem energia el\u00e9trica por mais de quatro horas e perdemos muitas vendas. Fatos como este atrapalham bastante o com\u00e9rcio, porque como atender os clientes sem luz, sem energia? N\u00e3o entendo porque n\u00e3o resolve esse problema de uma vez por todas?\u201d, questiona o comerciante que fechou a sua loja \u00e0s 17h30.<\/p>\n<p>Segundo a assessoria de comunica\u00e7\u00e3o da Companhia Energ\u00e9tica de Minas Gerais (Cemig), em Valadares, \u201co inc\u00eandio aconteceu por causa de um superaquecimento na conex\u00e3o do transformador. Duas equipes de t\u00e9cnicos da Cemig foram encaminhadas para o local e a solu\u00e7\u00e3o para esse problema vai ser dividir a carga desse transformador para outro\u201d.<\/p>\n<p><img decoding=\"async\" src=\"http:\/\/aconteceunovale.com.br\/portal\/wp-content\/uploads\/2014\/04\/transformador_pega_fogo_gv_09_04_2.jpg\" alt=\"\" \/><em>(Foto: Diego Souza\/G1)<\/em><br \/>\n<\/br><\/p>\n<p><strong>(Fonte: G1)<\/strong><\/p>\n","protected":false},"excerpt":{"rendered":"<p>Curto-circuito pode ter gerado o inc\u00eandio que teve in\u00edcio no fim da tarde. Algumas lojas ficaram sem energia e fecharam mais cedo. (Foto: Diego Souza\/G1) Um transformador de energia pegou fogo em um poste na Rua Israel Pinheiro, no Centro do Governador Valadares, no Leste de Minas Gerais. Um curto-circuito pode ter gerado o inc\u00eandio [&hellip;]<\/p>\n","protected":false},"author":1,"featured_media":26214,"comment_status":"open","ping_status":"closed","sticky":false,"template":"","format":"standard","meta":{"amp_status":"","footnotes":""},"categories":[121],"tags":[1018,247,6454],"class_list":["post-26212","post","type-post","status-publish","format-standard","has-post-thumbnail","hentry","category-leste","tag-destaque","tag-governador-valadares","tag-transformador-de-energia-pega-fogo-no-centro-de-governador-valadares"],"_links":{"self":[{"href":"https:\/\/aconteceunovale.com.br\/portal\/index.php?rest_route=\/wp\/v2\/posts\/26212","targetHints":{"allow":["GET"]}}],"collection":[{"href":"https:\/\/aconteceunovale.com.br\/portal\/index.php?rest_route=\/wp\/v2\/posts"}],"about":[{"href":"https:\/\/aconteceunovale.com.br\/portal\/index.php?rest_route=\/wp\/v2\/types\/post"}],"author":[{"embeddable":true,"href":"https:\/\/aconteceunovale.com.br\/portal\/index.php?rest_route=\/wp\/v2\/users\/1"}],"replies":[{"embeddable":true,"href":"https:\/\/aconteceunovale.com.br\/portal\/index.php?rest_route=%2Fwp%2Fv2%2Fcomments&post=26212"}],"version-history":[{"count":0,"href":"https:\/\/aconteceunovale.com.br\/portal\/index.php?rest_route=\/wp\/v2\/posts\/26212\/revisions"}],"wp:featuredmedia":[{"embeddable":true,"href":"https:\/\/aconteceunovale.com.br\/portal\/index.php?rest_route=\/wp\/v2\/media\/26214"}],"wp:attachment":[{"href":"https:\/\/aconteceunovale.com.br\/portal\/index.php?rest_route=%2Fwp%2Fv2%2Fmedia&parent=26212"}],"wp:term":[{"taxonomy":"category","embeddable":true,"href":"https:\/\/aconteceunovale.com.br\/portal\/index.php?rest_route=%2Fwp%2Fv2%2Fcategories&post=26212"},{"taxonomy":"post_tag","embeddable":true,"href":"https:\/\/aconteceunovale.com.br\/portal\/index.php?rest_route=%2Fwp%2Fv2%2Ftags&post=26212"}],"curies":[{"name":"wp","href":"https:\/\/api.w.org\/{rel}","templated":true}]}}