{"id":26191,"date":"2014-04-09T17:33:43","date_gmt":"2014-04-09T20:33:43","guid":{"rendered":"http:\/\/aconteceunovale.com.br\/portal\/?p=26191"},"modified":"2014-04-09T17:33:43","modified_gmt":"2014-04-09T20:33:43","slug":"lei-preve-multa-a-empregador-que-nao-assinar-carteira-de-domestico","status":"publish","type":"post","link":"https:\/\/aconteceunovale.com.br\/portal\/?p=26191","title":{"rendered":"Lei prev\u00ea multa a empregador que n\u00e3o assinar carteira de dom\u00e9stico"},"content":{"rendered":"<p>Lei assinada pela presidente Dilma Rousseff e publicada nesta quarta-feira, 9 de abril, no &#8220;Di\u00e1rio Oficial da Uni\u00e3o&#8221; prev\u00ea aplica\u00e7\u00e3o de multa para quem n\u00e3o assinar a carteira de trabalho do empregado dom\u00e9stico. A legisla\u00e7\u00e3o entra em vigor em 120 dias.<\/p>\n<p>Foi vetado, contudo, o artigo 4\u00ba, que previa que o valor das multas a serem aplicadas pelas Varas do Trabalho seria revertido em benef\u00edcio do trabalhador prejudicado.<\/p>\n<p>De acordo com o texto do projeto de lei, que foiaprovado em novembro pela C\u00e2mara dos Deputados, a multa para aus\u00eancia de registro na carteira ser\u00e1 calculada a partir de valor definido na Consolida\u00e7\u00e3o das Leis do Trabalho (CLT), de 278,2847 Ufirs (unidades fiscais de refer\u00eancia), em cerca de R$ 294.<\/p>\n<p>A multa, contudo, pode ser elevada em pelo menos 100%, diz a lei (ou ao menos R$ 588). Esse percentual de aumento poder\u00e1 ser reduzido se o empregador reconhecer voluntariamente o tempo de servi\u00e7o do empregado, com a efetiva\u00e7\u00e3o das anota\u00e7\u00f5es e o recolhimento das contribui\u00e7\u00f5es previdenci\u00e1rias.<\/p>\n<p>Publicada nesta quarta, a lei 12.964, de 8 de abril de 2014, prev\u00ea, ainda, que a gravidade da multa ser\u00e1 definida de acordo com o tempo de servi\u00e7o do empregado, a idade, o n\u00famero de empregados e o tipo da infra\u00e7\u00e3o.<\/p>\n<h4><strong>PEC das dom\u00e9sticas<\/strong><\/h4>\n<p>A legisla\u00e7\u00e3o \u00e9 aprovada no momento em que outro projeto de lei, com a regulamenta\u00e7\u00e3o dos direitos trabalhistas das dom\u00e9sticas, aguarda vota\u00e7\u00e3o na C\u00e2mara.<\/p>\n<p>Um ano ap\u00f3s a promulga\u00e7\u00e3o da emenda constitucional das Dom\u00e9sticas, que garantiu \u00e0 categoria os mesmos direitos dos demais trabalhadores urbanos e rurais, profissionais do setor continuam sem poder desfrutar de boa parte dos novos benef\u00edcios, como o seguro-desemprego e o recolhimento obrigat\u00f3rio do Fundo de Garantia por Tempo de Servi\u00e7o (FGTS).<\/p>\n<p>Aprovada pelo Senado em julho de 2013, a regulamenta\u00e7\u00e3o para esses sete direitos seguiu para aprova\u00e7\u00e3o da C\u00e2mara dos Deputados, mas at\u00e9 agora n\u00e3o foi votada. (G1)<\/p>\n","protected":false},"excerpt":{"rendered":"<p>Lei assinada pela presidente Dilma Rousseff e publicada nesta quarta-feira, 9 de abril, no &#8220;Di\u00e1rio Oficial da Uni\u00e3o&#8221; prev\u00ea aplica\u00e7\u00e3o de multa para quem n\u00e3o assinar a carteira de trabalho do empregado dom\u00e9stico. A legisla\u00e7\u00e3o entra em vigor em 120 dias. Foi vetado, contudo, o artigo 4\u00ba, que previa que o valor das multas a [&hellip;]<\/p>\n","protected":false},"author":1,"featured_media":26192,"comment_status":"open","ping_status":"closed","sticky":false,"template":"","format":"standard","meta":{"amp_status":"","footnotes":""},"categories":[6],"tags":[6446],"class_list":["post-26191","post","type-post","status-publish","format-standard","has-post-thumbnail","hentry","category-br","tag-lei-preve-multa-a-empregador-que-nao-assinar-carteira-de-domestico"],"_links":{"self":[{"href":"https:\/\/aconteceunovale.com.br\/portal\/index.php?rest_route=\/wp\/v2\/posts\/26191","targetHints":{"allow":["GET"]}}],"collection":[{"href":"https:\/\/aconteceunovale.com.br\/portal\/index.php?rest_route=\/wp\/v2\/posts"}],"about":[{"href":"https:\/\/aconteceunovale.com.br\/portal\/index.php?rest_route=\/wp\/v2\/types\/post"}],"author":[{"embeddable":true,"href":"https:\/\/aconteceunovale.com.br\/portal\/index.php?rest_route=\/wp\/v2\/users\/1"}],"replies":[{"embeddable":true,"href":"https:\/\/aconteceunovale.com.br\/portal\/index.php?rest_route=%2Fwp%2Fv2%2Fcomments&post=26191"}],"version-history":[{"count":0,"href":"https:\/\/aconteceunovale.com.br\/portal\/index.php?rest_route=\/wp\/v2\/posts\/26191\/revisions"}],"wp:featuredmedia":[{"embeddable":true,"href":"https:\/\/aconteceunovale.com.br\/portal\/index.php?rest_route=\/wp\/v2\/media\/26192"}],"wp:attachment":[{"href":"https:\/\/aconteceunovale.com.br\/portal\/index.php?rest_route=%2Fwp%2Fv2%2Fmedia&parent=26191"}],"wp:term":[{"taxonomy":"category","embeddable":true,"href":"https:\/\/aconteceunovale.com.br\/portal\/index.php?rest_route=%2Fwp%2Fv2%2Fcategories&post=26191"},{"taxonomy":"post_tag","embeddable":true,"href":"https:\/\/aconteceunovale.com.br\/portal\/index.php?rest_route=%2Fwp%2Fv2%2Ftags&post=26191"}],"curies":[{"name":"wp","href":"https:\/\/api.w.org\/{rel}","templated":true}]}}