{"id":26184,"date":"2014-04-09T17:19:56","date_gmt":"2014-04-09T20:19:56","guid":{"rendered":"http:\/\/aconteceunovale.com.br\/portal\/?p=26184"},"modified":"2014-04-09T17:19:56","modified_gmt":"2014-04-09T20:19:56","slug":"idoso-de-guanhaes-morre-atropelado-por-carreta-no-centro-de-itabira","status":"publish","type":"post","link":"https:\/\/aconteceunovale.com.br\/portal\/?p=26184","title":{"rendered":"Idoso de Guanh\u00e3es morre atropelado por carreta no Centro de Itabira"},"content":{"rendered":"<p>Um idoso morreu atropelado por uma carreta na avenida Jo\u00e3o Pinheiro, na tarde desta quarta-feira, 9 de abril, no Centro de Itabira. A v\u00edtima Jos\u00e9 Pereira de Almeida, de 89 anos, era de Guanh\u00e3es.<\/p>\n<p>A carreta era conduzida por Leoni H\u00e9rcules Salom\u00e3o Gualberto \u00c2ngelo, de 30 anos. No momento do atropelamento, o condutor n\u00e3o percebeu que o homem tinha sido atingido, porque ele caiu sob as rodas traseiras do ve\u00edculo.<\/p>\n<p>A carreta s\u00f3 parou quando populares avisaram o condutor. Equipes do Samu e da Pol\u00edcia Militar foram acionadas, al\u00e9m da Transita. O tr\u00e2nsito ficou bastante congestionado em diversas ruas que d\u00e3o acesso \u00e0 Jo\u00e3o Pinheiro.<\/p>\n<p>Segundo informa\u00e7\u00f5es colhidas no local, Jos\u00e9 Pereira andava pelo passeio, quando se desequilibrou e foi atingido pela carreta, com placa de S\u00e3o Joaquim de Bicas.  Antes de morrer, Jos\u00e9 estava na rodovi\u00e1ria com colegas.<\/p>\n<p><strong>FOTOS DO ACIDENTE:<\/strong><br \/>\n<em>(Fotos: Bruno Rodrigues \/ Defato)<\/em><\/p>\n<p><img decoding=\"async\" src=\"http:\/\/aconteceunovale.com.br\/portal\/wp-content\/uploads\/2014\/04\/acidente_carreta_itabira_09_04_01.jpg\" alt=\"\" \/><br \/>\n<div id='gallery-1' class='gallery galleryid-26184 gallery-columns-4 gallery-size-thumbnail'><figure class='gallery-item'>\n\t\t\t<div class='gallery-icon portrait'>\n\t\t\t\t<a href='https:\/\/aconteceunovale.com.br\/portal\/wp-content\/uploads\/2014\/04\/acidente_carreta_itabira_09_04_05.jpg'><img loading=\"lazy\" decoding=\"async\" width=\"150\" height=\"150\" src=\"https:\/\/aconteceunovale.com.br\/portal\/wp-content\/uploads\/2014\/04\/acidente_carreta_itabira_09_04_05-150x150.jpg\" class=\"attachment-thumbnail size-thumbnail\" alt=\"\" \/><\/a>\n\t\t\t<\/div><\/figure><figure class='gallery-item'>\n\t\t\t<div class='gallery-icon landscape'>\n\t\t\t\t<a href='https:\/\/aconteceunovale.com.br\/portal\/wp-content\/uploads\/2014\/04\/acidente_carreta_itabira_09_04_03.jpg'><img loading=\"lazy\" decoding=\"async\" width=\"150\" height=\"150\" src=\"https:\/\/aconteceunovale.com.br\/portal\/wp-content\/uploads\/2014\/04\/acidente_carreta_itabira_09_04_03-150x150.jpg\" class=\"attachment-thumbnail size-thumbnail\" alt=\"\" \/><\/a>\n\t\t\t<\/div><\/figure><figure class='gallery-item'>\n\t\t\t<div class='gallery-icon landscape'>\n\t\t\t\t<a href='https:\/\/aconteceunovale.com.br\/portal\/wp-content\/uploads\/2014\/04\/acidente_carreta_itabira_09_04_02.jpg'><img loading=\"lazy\" decoding=\"async\" width=\"150\" height=\"150\" src=\"https:\/\/aconteceunovale.com.br\/portal\/wp-content\/uploads\/2014\/04\/acidente_carreta_itabira_09_04_02-150x150.jpg\" class=\"attachment-thumbnail size-thumbnail\" alt=\"\" \/><\/a>\n\t\t\t<\/div><\/figure><figure class='gallery-item'>\n\t\t\t<div class='gallery-icon landscape'>\n\t\t\t\t<a href='https:\/\/aconteceunovale.com.br\/portal\/wp-content\/uploads\/2014\/04\/acidente_carreta_itabira_09_04_04.jpg'><img loading=\"lazy\" decoding=\"async\" width=\"150\" height=\"150\" src=\"https:\/\/aconteceunovale.com.br\/portal\/wp-content\/uploads\/2014\/04\/acidente_carreta_itabira_09_04_04-150x150.jpg\" class=\"attachment-thumbnail size-thumbnail\" alt=\"\" \/><\/a>\n\t\t\t<\/div><\/figure>\n\t\t<\/div>\n<\/p>\n<p>(Fonte: DeFato Online)<\/p>\n","protected":false},"excerpt":{"rendered":"<p>Um idoso morreu atropelado por uma carreta na avenida Jo\u00e3o Pinheiro, na tarde desta quarta-feira, 9 de abril, no Centro de Itabira. A v\u00edtima Jos\u00e9 Pereira de Almeida, de 89 anos, era de Guanh\u00e3es. A carreta era conduzida por Leoni H\u00e9rcules Salom\u00e3o Gualberto \u00c2ngelo, de 30 anos. No momento do atropelamento, o condutor n\u00e3o percebeu [&hellip;]<\/p>\n","protected":false},"author":1,"featured_media":26188,"comment_status":"open","ping_status":"closed","sticky":false,"template":"","format":"standard","meta":{"amp_status":"","footnotes":""},"categories":[121],"tags":[1018,155,6444,202,6445],"class_list":["post-26184","post","type-post","status-publish","format-standard","has-post-thumbnail","hentry","category-leste","tag-destaque","tag-guanhaes","tag-idoso-de-guanhaes-morre-atropelado-por-carreta-no-centro-de-itabira","tag-itabira","tag-jose-pereira-de-almeida"],"_links":{"self":[{"href":"https:\/\/aconteceunovale.com.br\/portal\/index.php?rest_route=\/wp\/v2\/posts\/26184","targetHints":{"allow":["GET"]}}],"collection":[{"href":"https:\/\/aconteceunovale.com.br\/portal\/index.php?rest_route=\/wp\/v2\/posts"}],"about":[{"href":"https:\/\/aconteceunovale.com.br\/portal\/index.php?rest_route=\/wp\/v2\/types\/post"}],"author":[{"embeddable":true,"href":"https:\/\/aconteceunovale.com.br\/portal\/index.php?rest_route=\/wp\/v2\/users\/1"}],"replies":[{"embeddable":true,"href":"https:\/\/aconteceunovale.com.br\/portal\/index.php?rest_route=%2Fwp%2Fv2%2Fcomments&post=26184"}],"version-history":[{"count":0,"href":"https:\/\/aconteceunovale.com.br\/portal\/index.php?rest_route=\/wp\/v2\/posts\/26184\/revisions"}],"wp:featuredmedia":[{"embeddable":true,"href":"https:\/\/aconteceunovale.com.br\/portal\/index.php?rest_route=\/wp\/v2\/media\/26188"}],"wp:attachment":[{"href":"https:\/\/aconteceunovale.com.br\/portal\/index.php?rest_route=%2Fwp%2Fv2%2Fmedia&parent=26184"}],"wp:term":[{"taxonomy":"category","embeddable":true,"href":"https:\/\/aconteceunovale.com.br\/portal\/index.php?rest_route=%2Fwp%2Fv2%2Fcategories&post=26184"},{"taxonomy":"post_tag","embeddable":true,"href":"https:\/\/aconteceunovale.com.br\/portal\/index.php?rest_route=%2Fwp%2Fv2%2Ftags&post=26184"}],"curies":[{"name":"wp","href":"https:\/\/api.w.org\/{rel}","templated":true}]}}