{"id":26178,"date":"2014-04-09T14:10:01","date_gmt":"2014-04-09T17:10:01","guid":{"rendered":"http:\/\/aconteceunovale.com.br\/portal\/?p=26178"},"modified":"2014-04-09T14:10:01","modified_gmt":"2014-04-09T17:10:01","slug":"detentos-de-montes-claros-cultivam-plantas-medicinais-para-manipulacao-de-medicamentos","status":"publish","type":"post","link":"https:\/\/aconteceunovale.com.br\/portal\/?p=26178","title":{"rendered":"Detentos de Montes Claros cultivam plantas medicinais para manipula\u00e7\u00e3o de medicamentos"},"content":{"rendered":"<h4><strong>Depois de colhidas, plantas v\u00e3o ser encaminhadas para laborat\u00f3rios de manipula\u00e7\u00e3o, onde ser\u00e3o produzidos os medicamentos a serem usados na pr\u00f3pria unidade prisional<\/strong><\/h4>\n<p><img decoding=\"async\" src=\"http:\/\/aconteceunovale.com.br\/portal\/wp-content\/uploads\/2014\/04\/detentos-de-montes-claros-cultivam-plantas-medicinais-para-manipulacao-de-medicamentos.jpg\" alt=\"\" \/><em>Aulas de treinamento dos detentos s\u00e3o lecionadas por professor e alunos da UFMG &#8211; campus Montes Claros &#8211; Foto: Divulga\u00e7\u00e3o\/Seds<\/em><br \/>\n<\/br><\/p>\n<p>Detentos do Pres\u00eddio Regional de Montes Claros, no Norte do Estado, est\u00e3o cultivando plantas e hortali\u00e7as medicinais que ser\u00e3o usadas na produ\u00e7\u00e3o de medicamentos fitoter\u00e1picos por universidades da regi\u00e3o. Eles est\u00e3o recebendo treinamento por meio de um curso do Projeto Reviver Farm\u00e1cia, que vai at\u00e9 junho.<\/p>\n<p>S\u00e3o 22 esp\u00e9cies cultivadas por 15 detentos. Depois de colhidas, as plantas produzidas no Pres\u00eddio Regional de Montes Claros ser\u00e3o encaminhadas para os laborat\u00f3rios de manipula\u00e7\u00e3o da Faculdade Integrada Pit\u00e1goras de Montes Claros e Faculdades Unidas do Norte de Minas (Funorte), onde ser\u00e3o preparadas para extra\u00e7\u00e3o do princ\u00edpio ativo e manipula\u00e7\u00e3o. Finalizada a etapa de produ\u00e7\u00e3o dos medicamentos, eles ser\u00e3o encaminhados para serem usados na pr\u00f3pria unidade, incentivando, assim, o uso de novas op\u00e7\u00f5es terap\u00eauticas para tratamentos de sa\u00fade.<\/p>\n<p>As aulas de treinamento dos detentos est\u00e3o sendo lecionadas pelo professor da UFMG -campus Montes Claros, Ernane Ronie Martins e tr\u00eas alunos da institui\u00e7\u00e3o. As aulas acontecem uma vez por semana, todas as sextas-feiras, e ter\u00e3o dura\u00e7\u00e3o de aproximadamente dois meses e meio.<\/p>\n<p>Para os detentos da unidade, essa \u00e9 uma grande oportunidade de se aprender uma nova profiss\u00e3o e, ao mesmo tempo, melhorarem a sua pr\u00f3pria sa\u00fade. De acordo com o preso Nestor Martins \u201co projeto vai trazer muitas oportunidades, como contribuir para o nosso conhecimento e nossa profissionaliza\u00e7\u00e3o, al\u00e9m de nos oferecer novos tratamentos de sa\u00fade.\u201d.<\/p>\n<h4><strong>Reviver Farm\u00e1cia<\/strong><\/h4>\n<p>A farmac\u00eautica da unidade, Erika Fel\u00edcio, criou o Projeto Reviver Farm\u00e1cia \u2013 Medicamentos Fitoter\u00e1picos: Promovendo Ressocializa\u00e7\u00e3o, Vida e Sa\u00fade em agosto do ano passado. O projeto tamb\u00e9m conta com a colabora\u00e7\u00e3o do enfermeiro coordenador de sa\u00fade, Carlos Eduardo Prates, e da diretora de Atendimento e Ressocializa\u00e7\u00e3o, Camila Marques Rocha.<\/p>\n<p>De acordo com os criadores do projeto, a inten\u00e7\u00e3o \u00e9 incrementar os medicamentos fitoter\u00e1picos aos fornecidos pelo Sistema \u00danico de Sa\u00fade (SUS). \u201cO Projeto Reviver Farm\u00e1cia, por meio da inser\u00e7\u00e3o de medicamentos fitoter\u00e1picos na Aten\u00e7\u00e3o em Sa\u00fade Penitenci\u00e1ria, se prop\u00f5e a otimizar e humanizar o acesso ao cuidado em sa\u00fade das pessoas privadas de liberdade, contribuindo ainda para os processos de ressocializa\u00e7\u00e3o e reinser\u00e7\u00e3o social\u201d afirma o coordenador de sa\u00fade penitenci\u00e1ria, Carlos Eduardo Prates Fonseca.<\/p>\n<p>A unidade possui atualmente cinco canteiros para as planta\u00e7\u00f5es e pretende criar mais outros 15 para manter frequente a produ\u00e7\u00e3o. J\u00e1 foi colhida a mat\u00e9ria prima para o xarope de guaco, com uma previs\u00e3o de produ\u00e7\u00e3o inicial de 150 unidades.<\/p>\n<p>Ap\u00f3s as expans\u00f5es dos canteiros, o projeto ir\u00e1 dar oportunidade a outros detentos para participarem da a\u00e7\u00e3o. Como forma de promover a ressocializa\u00e7\u00e3o, eles t\u00eam direito a remi\u00e7\u00e3o de pena. Segundo a Lei de Execu\u00e7\u00f5es Penais, a cada tr\u00eas dias de trabalho, um \u00e9 diminu\u00eddo2 da senten\u00e7a a ser cumprida.<\/p>\n","protected":false},"excerpt":{"rendered":"<p>Depois de colhidas, plantas v\u00e3o ser encaminhadas para laborat\u00f3rios de manipula\u00e7\u00e3o, onde ser\u00e3o produzidos os medicamentos a serem usados na pr\u00f3pria unidade prisional Aulas de treinamento dos detentos s\u00e3o lecionadas por professor e alunos da UFMG &#8211; campus Montes Claros &#8211; Foto: Divulga\u00e7\u00e3o\/Seds Detentos do Pres\u00eddio Regional de Montes Claros, no Norte do Estado, est\u00e3o [&hellip;]<\/p>\n","protected":false},"author":1,"featured_media":26179,"comment_status":"open","ping_status":"closed","sticky":false,"template":"","format":"standard","meta":{"amp_status":"","footnotes":""},"categories":[1236],"tags":[1018,6442,210],"class_list":["post-26178","post","type-post","status-publish","format-standard","has-post-thumbnail","hentry","category-norte_de_minas","tag-destaque","tag-detentos-de-montes-claros-cultivam-plantas-medicinais-para-manipulacao-de-medicamentos","tag-montes-claros"],"_links":{"self":[{"href":"https:\/\/aconteceunovale.com.br\/portal\/index.php?rest_route=\/wp\/v2\/posts\/26178","targetHints":{"allow":["GET"]}}],"collection":[{"href":"https:\/\/aconteceunovale.com.br\/portal\/index.php?rest_route=\/wp\/v2\/posts"}],"about":[{"href":"https:\/\/aconteceunovale.com.br\/portal\/index.php?rest_route=\/wp\/v2\/types\/post"}],"author":[{"embeddable":true,"href":"https:\/\/aconteceunovale.com.br\/portal\/index.php?rest_route=\/wp\/v2\/users\/1"}],"replies":[{"embeddable":true,"href":"https:\/\/aconteceunovale.com.br\/portal\/index.php?rest_route=%2Fwp%2Fv2%2Fcomments&post=26178"}],"version-history":[{"count":0,"href":"https:\/\/aconteceunovale.com.br\/portal\/index.php?rest_route=\/wp\/v2\/posts\/26178\/revisions"}],"wp:featuredmedia":[{"embeddable":true,"href":"https:\/\/aconteceunovale.com.br\/portal\/index.php?rest_route=\/wp\/v2\/media\/26179"}],"wp:attachment":[{"href":"https:\/\/aconteceunovale.com.br\/portal\/index.php?rest_route=%2Fwp%2Fv2%2Fmedia&parent=26178"}],"wp:term":[{"taxonomy":"category","embeddable":true,"href":"https:\/\/aconteceunovale.com.br\/portal\/index.php?rest_route=%2Fwp%2Fv2%2Fcategories&post=26178"},{"taxonomy":"post_tag","embeddable":true,"href":"https:\/\/aconteceunovale.com.br\/portal\/index.php?rest_route=%2Fwp%2Fv2%2Ftags&post=26178"}],"curies":[{"name":"wp","href":"https:\/\/api.w.org\/{rel}","templated":true}]}}