{"id":26165,"date":"2014-04-09T10:49:00","date_gmt":"2014-04-09T13:49:00","guid":{"rendered":"http:\/\/aconteceunovale.com.br\/portal\/?p=26165"},"modified":"2014-04-09T10:49:00","modified_gmt":"2014-04-09T13:49:00","slug":"artista-plastico-natural-de-sabinopolis-tem-trabalhos-reconhecidos-no-brasil-e-no-exterior","status":"publish","type":"post","link":"https:\/\/aconteceunovale.com.br\/portal\/?p=26165","title":{"rendered":"Artista pl\u00e1stico natural de Sabin\u00f3polis tem trabalhos reconhecidos no Brasil e no exterior"},"content":{"rendered":"<h2><strong>A personalidade por tr\u00e1s do desenho<\/strong><\/h2>\n<p><img decoding=\"async\" src=\"http:\/\/aconteceunovale.com.br\/portal\/wp-content\/uploads\/2014\/04\/artista_plastico_sabinopolis_09_04.png\" alt=\"\" \/><br \/>\n<\/br><\/p>\n<p>Seja estampado em camisetas, multiplicado na forma de panfletos, ampliado em grandes cartazes nas escadarias da Sciences Po Poitiers, em lugar de grande destaque bem na frente do Cordeliers e na beira do Clain ou pela Internet, o desenho escolhido pela equipe do BDA para representar o Festival de Arte e Pol\u00edtica de 2014, dominou o nosso senso de vis\u00e3o nas \u00faltimas semanas.<\/p>\n<p>Mas quem \u00e9 o artista por tr\u00e1s do desenho? Carlos Queiroz, 24 anos, natural de Sabin\u00f3polis\/MG, formado em Publicidade e Propaganda na Universidade PUC Minas, no Brasil, responde a essa e v\u00e1rias outras perguntas em uma entrevista transatl\u00e2ntica entre S\u00e3o Paulo e Poitiers, trazendo \u00e0 vida o lema do festival desse ano: Mosaicos do futuro, al\u00e9m das fronteiras!<\/p>\n<h4><strong>Nome completo; Idade; Nacionalidade; Estudo; Profiss\u00e3o, etc.<\/strong><\/h4>\n<p>Carlos Henrique Queiroz de Almeida. Mas o nome art\u00edstico ficou s\u00f3 Carlos Queiroz. 24 anos. Brasileiro. Estudei Publicidade e Propaganda na Universidade PUC Minas (Brasil) e em um interc\u00e2mbio, estudei tamb\u00e9m Desenho, Pintura (Belas Artes) e Anima\u00e7\u00e3o em Cinema, na Universidad Nacional de C\u00f3rdoba (Argentina). Trabalho em diversas \u00e1reas, mas tenho foco na \u00e1rea de ilustra\u00e7\u00e3o, design e v\u00eddeo.<\/p>\n<h4><strong>Qual \u00e9 a import\u00e2ncia da arte na sua vida?<\/strong><\/h4>\n<p>A arte \u00e9 importante na minha vida, mas, mais que isso, ela \u00e9 essencial na vida de todos n\u00f3s. A arte nos ajuda a sair do lugar, gera em voc\u00ea a necessidade de mudan\u00e7a. A arte \u00e9 o questionamento que todos n\u00f3s precisamos incluir em nosso dia-a-dia. Eu acredito muito que a arte n\u00e3o est\u00e1 nas paredes, diante de n\u00f3s, quando vamos ao museu, acredito que arte \u00e9 aquilo que voc\u00ea sente quando olha o que est\u00e1 diante de voc\u00ea. O impacto da arte pra mim \u00e9 a pr\u00f3pria arte, e por isso pra mim arte \u00e9 t\u00e3o importante: porque n\u00e3o fazemos arte, a sentimos.<\/p>\n<h4><strong>Al\u00e9m do desenho, voc\u00ea pratica outros tipos de arte? Se sim, quais?<\/strong><\/h4>\n<p>Al\u00e9m de ilustra\u00e7\u00e3o, trabalho com fotografia, v\u00eddeo, e tenho alguns desvios po\u00e9ticos, onde escrevo pequenas poesias e anota\u00e7\u00f5es. No momento venho me dedicando mais \u00e0 ilustra\u00e7\u00e3o. Sinto que \u00e9 hora de deixar ela tomar conta das minhas coisas.<\/p>\n<h4><strong>Como foi o seu percurso com a arte at\u00e9 agora?<\/strong><\/h4>\n<p>Desde pequeno, como todos, eu j\u00e1 vinha tentando desenhar qualquer coisa em qualquer folha branca. Mas foi s\u00f3 h\u00e1 alguns anos que, estudando belas artes, abri o pensamento e me toquei que esse seria o melhor rumo pra minha vida: me dedicar ao que eu gosto, o fazer arte.<\/p>\n<p>Me entendendo como artista visual, me juntei a um grupo de artistas da minha cidade e assim fui chamado pra fazer parte da Galeria Quartoamado (<a href=\"http:\/\/www.quartoamado.com\" target=\"_blank\">www.quartoamado.com<\/a>). Participei de algumas exposi\u00e7\u00f5es coletivas na cidade, mas ainda n\u00e3o parei pra montar uma exposi\u00e7\u00e3o individual.<\/p>\n<p>Al\u00e9m disso, paralelamente, tamb\u00e9m me juntei com outros amigos e formamos um coletivo, o LIO Coletivo (<a href=\"http:\/\/www.facebook.com\/liocoletivo\" target=\"_blank\">www.facebook.com\/liocoletivo<\/a>), que \u00e9 um coletivo de artistas que querem trabalhar com performance, teatro e todo tipo de arte visual. A\u00ed venho trabalhando com a parte audiovisual, fazendo v\u00eddeo-performances e fotos dos trabalhos. Ganhamos alguns pr\u00eamios com os trabalhos feitos at\u00e9 agora.<\/p>\n<p>No momento, meu principal desejo \u00e9 intensificar a parte de ilustra\u00e7\u00e3o do meu trabalho. Pra este ano planejo minha primeira exposi\u00e7\u00e3o individual.<\/p>\n<h4><strong>Como foi a descoberta por essa paix\u00e3o?<\/strong><\/h4>\n<p>Me descobri artista quando percebi minha sensibilidade falando por mim. Me vi sens\u00edvel \u00e0s coisas que me aconteciam ao redor, ao ponto de deixar que a sensibilidade me controlasse, e n\u00e3o o contr\u00e1rio. Estudar Belas Artes sem d\u00favida despertou em mim a antiga paix\u00e3o que tinha quando crian\u00e7a. Quando pequeno eu adorava copiar os desenhos animados que via e, como quase toda crian\u00e7a, deixei esse desejo dormir dentro de mim. Estudando numa escola de artes, fui voltando com todo aquele sentimento e achei que, sem d\u00favidas, tinha chegado a hora de ter a ilustra\u00e7\u00e3o tamb\u00e9m como minha mais nova linguagem pra me expressar. A paix\u00e3o come\u00e7ou h\u00e1 muito tempo, mas at\u00e9 hoje quando vejo que um desenho pode fazer a diferen\u00e7a na vida de uma pessoa, me apaixono outra vez.<\/p>\n<h4><strong>Qual \u00e9 a sua opini\u00e3o sobre o Festival de Arte e Pol\u00edtica da Sciences Po \u2013 Campus de Poitiers? Como voc\u00ea entrou em contato com esse projeto?<\/strong><\/h4>\n<p>Um festival que tr\u00e1s ao cotidiano acad\u00eamico a arte, a dan\u00e7a, a m\u00fasica, me faz ver a Sciences Po como uma universidade de forma\u00e7\u00e3o s\u00f3lida. N\u00e3o conhecia o festival e nunca fui \u00e0 Fran\u00e7a, mas reconhe\u00e7o os franceses como verdadeiros apreciadores da arte. Gosto de como reconhecem o valor disso pra forma\u00e7\u00e3o de um ser humano capaz de perceber o mundo ao seu redor e que pode se aproveitar disso para mudar sua realidade. Entraram em contato comigo perguntando se eu queria fazer parte do projeto, vi como uma oportunidade de me envolver com algo extremamente prazeroso e ao mesmo tempo poderoso. Me senti ajudando a criar uma mensagem que seria repassada a v\u00e1rias outras mentes.<\/p>\n<h4><strong>O tema do Festival desse ano \u00e9: \u201cMosaicos do futuro, al\u00e9m das fronteiras\u201d. No que isso te faz pensar?<\/strong><\/h4>\n<p>Creio que at\u00e9 a minha pr\u00f3pria participa\u00e7\u00e3o cultivou este tema. Al\u00e9m das fronteiras, podemos unir os pensamentos e criar uma for\u00e7a sem igual. Um Festival que engloba pessoas de v\u00e1rios pa\u00edses, diferentes formas de pensar. Pra mim este \u00e9 o dever de uma verdadeira universidade: te colocar em contato com o universo, em contato com o diverso.<\/p>\n<h4><strong>De onde veio a inspira\u00e7\u00e3o para o desenho \u2019slogan\u2019 do Festival? Tem alguma hist\u00f3ria por tr\u00e1s?<\/strong><\/h4>\n<p>No processo de cria\u00e7\u00e3o eu quis pensar em algo que fosse s\u00f3lido, mas que n\u00e3o deixasse de ser humano. As constru\u00e7\u00f5es, paredes, pontes, s\u00e3o de concreto, s\u00f3lidas. Mas ao mesmo tempo, n\u00f3s criamos este concreto, n\u00f3s constru\u00edmos nossas fronteiras. O desenho tem a forma de uma pessoa por representar isso: uma edifica\u00e7\u00e3o de concreto mas que na verdade \u00e9 a constru\u00e7\u00e3o do pr\u00f3prio ser humano. N\u00f3s constru\u00edmos o que somos n\u00f3s.<\/p>\n<h4><strong>Voc\u00ea se envolveu em outros projetos ou tem algo planejado para o futuro? Algum que te marcou em especial?<\/strong><\/h4>\n<p>Ando pensando muito em levar a minha vida para al\u00e9m das fronteiras tamb\u00e9m. Participar de projetos como este Festival me faz pensar que hoje em dias j\u00e1 n\u00e3o s\u00e3o muitas as dist\u00e2ncias a enfrentar. Ando firmando alguns projetos com empresas daqui, empresas que v\u00e3o deixar o meu trabalho mais s\u00f3lido e pronto pra sair comigo por a\u00ed. Agora pretendo dar um foco maior em exposi\u00e7\u00f5es, a primeira delas est\u00e1 prevista para o meio do ano, plena \u00e9poca do Mundial de Futebol. Queria aproveitar o momento pra passar algumas mensagens atrav\u00e9s dessas mostras. Nem sempre fa\u00e7o muitos planos pro futuro, nossa cultura imediatista me faz pensar que n\u00e3o h\u00e1 muito o que prever, temos muito o que ver, aqui, agora.<\/p>\n<h4><strong>Nos conte um pouco do dia-a-dia de um jovem artista: quais s\u00e3o os pontos fortes e as dificuldades.<\/strong><\/h4>\n<p>Viver como artista te tr\u00e1s dificuldades em qualquer lugar. Alguns mais que os outros. O Brasil est\u00e1 num processo de crescimento maior nos \u00faltimos anos. Nos \u00faltimos anos come\u00e7ou a usar mais de sua arte, que sempre esteve em constante produ\u00e7\u00e3o, mas algumas vezes esteve invis\u00edvel. Por enquanto, um artista como eu, que quer sobreviver de arte na minha cidade, enfrenta a dificuldade do patroc\u00ednio. S\u00e3o poucas as possibilidades de apoio para a execu\u00e7\u00e3o de um novo projeto. Diante dessa dificuldade, \u00e0s vezes vejo meu trabalho desaparecer meio aos outros trabalhos que tenho que fazer para me sustentar. At\u00e9 o meu tipo de trabalho ser valorizado, n\u00e3o sei quanto tempo demora, mas estamos a caminho.<\/p>\n<p>Oportunidades surgem e, ainda que \u00e0s vezes possa faltar estrutura de apoio no trabalho de um artista, a arte sempre acontece. Me orgulho de me permitir ser um artista, ainda que n\u00e3o seja o caminho mais f\u00e1cil neste pa\u00eds. Me sinto vencedor em minha profiss\u00e3o, como qualquer outra pessoa que n\u00e3o trabalhe com isso. N\u00e3o me imagino fazendo outra coisa no fim da minha vida, entendo a arte como uma miss\u00e3o que eu j\u00e1 acatei e n\u00e3o tem como mais me separar disso.<\/p>\n<h4><strong>Quais s\u00e3o as suas principais fontes de inspira\u00e7\u00e3o?<\/strong><\/h4>\n<p>A cidade, sem d\u00favida. Este ambiente constru\u00eddo do homem para o homem. Este caos que busca a tranquilidade. Esse \u201cn\u00e3o saber fazer\u201d que j\u00e1 est\u00e1 feito. A cidade pra mim \u00e9 e sempre ser\u00e1 um eterno paradoxo. \u00c9 o resultado da cria\u00e7\u00e3o de algo que nos engoliu.<\/p>\n<p>A sociedade. Em geral, me interesso muito pelas rela\u00e7\u00f5es humanas. A forma como constru\u00edmos e destru\u00edmos isso todos os dias.<\/p>\n<h4><strong>Voc\u00ea acredita que a arte precisa ter uma mensagem por tr\u00e1s ou \u00e9 uma forma de express\u00e3o por parte do artista? Onde a sua arte se encaixa?<\/strong><\/h4>\n<p>No fim, a arte acaba sendo os dois: uma mensagem e, por sua vez, uma forma de express\u00e3o usada pelo artista. N\u00e3o existe arte sem mensagem. Quadros, paredes, pap\u00e9is, todos estes elementos s\u00e3o apenas instrumentos pra que algo seja escrito. Uma mensagem que nem sempre usa letras, mas que te faz pensar.<\/p>\n<p>Vejo na minha arte todas as minhas reflex\u00f5es transformadas em tra\u00e7o. Tudo aquilo que penso, se transforma e ganha forma no papel. \u00c9 o meu jeito de falar algo.<\/p>\n<h4><strong>Voc\u00ea acha que a arte traz a tal da \u201cliberdade para dentro da cabe\u00e7a\u201d?<\/strong><\/h4>\n<p>A partir do momento em que a arte te mostra mais possibilidades e maneiras de se ver as coisas, ela te tr\u00e1s a liberdade de escolha entre estes novos caminhos. Saber que voc\u00ea tem o poder de escolher como pensar as coisas te faz algu\u00e9m mais livre.<\/p>\n<h4><strong>Voc\u00ea tem uma cor preferida? Se sim, por qu\u00ea?<\/strong><\/h4>\n<p>Gosto muito de azul e vermelho. Coincidentemente est\u00e3o na bandeira francesa. Tamb\u00e9m sempre estiveram minha vida. As duas cores s\u00e3o carregadas de simbolismos fortes, s\u00e3o, de alguma forma, opostas, cor feminina e cor masculina al\u00ed, juntas. Gosto da mistura, de coloca-las lado a lado, da oposi\u00e7\u00e3o.<\/p>\n<h4><strong>Se voc\u00ea pudesse realizar um desejo agora, qual seria?<\/strong><\/h4>\n<p>Viajaria por um bom tempo. Viajar d\u00e1 sentido a coisas que voc\u00ea n\u00e3o sabia como eram, e ao mesmo tempo acaba com o sentido de muitas outras coisas que voc\u00ea achava que sabia.<\/p>\n<p><strong>(Jornal Mural)<\/strong><\/p>\n","protected":false},"excerpt":{"rendered":"<p>A personalidade por tr\u00e1s do desenho Seja estampado em camisetas, multiplicado na forma de panfletos, ampliado em grandes cartazes nas escadarias da Sciences Po Poitiers, em lugar de grande destaque bem na frente do Cordeliers e na beira do Clain ou pela Internet, o desenho escolhido pela equipe do BDA para representar o Festival de [&hellip;]<\/p>\n","protected":false},"author":1,"featured_media":26166,"comment_status":"open","ping_status":"closed","sticky":false,"template":"","format":"standard","meta":{"amp_status":"","footnotes":""},"categories":[6],"tags":[6437,310],"class_list":["post-26165","post","type-post","status-publish","format-standard","has-post-thumbnail","hentry","category-br","tag-artista-plastico-natural-de-sabinopolis-tem-trabalhos-reconhecidos-no-brasil-e-no-exterior","tag-sabinopolis"],"_links":{"self":[{"href":"https:\/\/aconteceunovale.com.br\/portal\/index.php?rest_route=\/wp\/v2\/posts\/26165","targetHints":{"allow":["GET"]}}],"collection":[{"href":"https:\/\/aconteceunovale.com.br\/portal\/index.php?rest_route=\/wp\/v2\/posts"}],"about":[{"href":"https:\/\/aconteceunovale.com.br\/portal\/index.php?rest_route=\/wp\/v2\/types\/post"}],"author":[{"embeddable":true,"href":"https:\/\/aconteceunovale.com.br\/portal\/index.php?rest_route=\/wp\/v2\/users\/1"}],"replies":[{"embeddable":true,"href":"https:\/\/aconteceunovale.com.br\/portal\/index.php?rest_route=%2Fwp%2Fv2%2Fcomments&post=26165"}],"version-history":[{"count":0,"href":"https:\/\/aconteceunovale.com.br\/portal\/index.php?rest_route=\/wp\/v2\/posts\/26165\/revisions"}],"wp:featuredmedia":[{"embeddable":true,"href":"https:\/\/aconteceunovale.com.br\/portal\/index.php?rest_route=\/wp\/v2\/media\/26166"}],"wp:attachment":[{"href":"https:\/\/aconteceunovale.com.br\/portal\/index.php?rest_route=%2Fwp%2Fv2%2Fmedia&parent=26165"}],"wp:term":[{"taxonomy":"category","embeddable":true,"href":"https:\/\/aconteceunovale.com.br\/portal\/index.php?rest_route=%2Fwp%2Fv2%2Fcategories&post=26165"},{"taxonomy":"post_tag","embeddable":true,"href":"https:\/\/aconteceunovale.com.br\/portal\/index.php?rest_route=%2Fwp%2Fv2%2Ftags&post=26165"}],"curies":[{"name":"wp","href":"https:\/\/api.w.org\/{rel}","templated":true}]}}