{"id":26151,"date":"2014-04-09T09:55:20","date_gmt":"2014-04-09T12:55:20","guid":{"rendered":"http:\/\/aconteceunovale.com.br\/portal\/?p=26151"},"modified":"2014-04-09T09:55:20","modified_gmt":"2014-04-09T12:55:20","slug":"prf-publica-edital-para-preenchimento-de-216-vagas-de-agente-administrativo","status":"publish","type":"post","link":"https:\/\/aconteceunovale.com.br\/portal\/?p=26151","title":{"rendered":"PRF publica edital para preenchimento de 216 vagas de Agente Administrativo"},"content":{"rendered":"<p>Foi publicado hoje, dia 8, o edital de abertura do certame da Pol\u00edcia Rodovi\u00e1ria Federal (PRF). A sele\u00e7\u00e3o oferece 216 vagas de Agente Administrativo que exige n\u00edvel m\u00e9dio, sendo 5% das vagas reservadas para deficientes. O concurso ser\u00e1 organizado pela Funda\u00e7\u00e3o Professor Carlos Agusto Bittencourt \u2013 Funcab.<\/p>\n<h4><strong>Cargo<\/strong><\/h4>\n<p>A remunera\u00e7\u00e3o inicial do cargo de Agente Administrativo, de n\u00edvel m\u00e9dio, \u00e9 de R$ 2.043,17 acrescido do valor da GDATPRF (vari\u00e1vel de R$ 1.521,60 a R$ 1.902,00, dependendo da avalia\u00e7\u00e3o de desempenho do servidor). As contrata\u00e7\u00f5es ser\u00e3o efetuadas pelo regime estatut\u00e1rio, que d\u00e1 direito \u00e0 estabilidade. A carga de trabalho \u00e9 de 40 horas semanais.<\/p>\n<h4><strong>Inscri\u00e7\u00f5es<\/strong><\/h4>\n<p>As inscri\u00e7\u00f5es devem ser feitas de 09 de abril at\u00e9 o dia 30 de abril no site <a href=\"http:\/\/www.funcab.org\/\" target=\"_blank\">http:\/\/www.funcab.org\/<\/a>. A taxa \u00e9 de R$60. <\/p>\n<h4><strong>Provas<\/strong><\/h4>\n<p>As disciplinas cobradas no concurso s\u00e3o: L\u00edngua Portuguesa, \u00c9tica e Conduta P\u00fablica, Racioc\u00ednio L\u00f3gico, No\u00e7\u00f5es de Direito Constitucional e Administrativo, No\u00e7\u00f5es de Arquivologia e Inform\u00e1tica e Legisla\u00e7\u00e3o Relativa \u00e0 PRF. Os aprovados nas provas objetivas ser\u00e3o submetidos ainda a investiga\u00e7\u00e3o social.<\/p>\n<p>As provas objetivas est\u00e3o previstas para 25 de maio e ser\u00e3o aplicadas em todas as capitais do pa\u00eds. O prazo de validade do concurso \u00e9 de 2 anos a contar a data da homologa\u00e7\u00e3o do resultado final.<\/p>\n<h4><strong>DISTRIBUI\u00c7\u00c3O DAS VAGAS:<\/strong> <\/h4>\n<p>GO &#8211; 06 vagas gerais + 01 PcD<br \/>\nMT &#8211; 08 vagas gerais + 01 PcD<br \/>\nMS &#8211; 14 vagas gerais + 01 PcD<br \/>\nMG &#8211; 16 vagas gerais + 01 PcD<br \/>\nRJ &#8211; 01 vaga geral<br \/>\nSP &#8211; 09 vagas gerais + 01 PcD<br \/>\nPR &#8211; 17 vagas gerais + 01 PcD<br \/>\nSC &#8211; 17 vagas gerais + 02 PcD<br \/>\nRS &#8211; 23 vagas gerais + 02 PcD<br \/>\nBA &#8211; 17 vagas gerais + 01 PcD<br \/>\nPE &#8211; 11 vagas gerais + 01 PcD<br \/>\nES &#8211; 03 vagas gerais<br \/>\nAL &#8211; 03 vagas gerais<br \/>\nPB &#8211; 04 vagas gerais<br \/>\nRN &#8211; 03 vagas gerais<br \/>\nCE &#8211; 03 vagas gerais<br \/>\nPI &#8211; 09 vagas gerais + 01 PcD<br \/>\nMA &#8211; 04 vagas gerais + 01 PcD<br \/>\nPA &#8211; 05 vagas gerais + 01 PcD<br \/>\nSE &#8211; 04 vagas gerais<br \/>\nRO\/AC &#8211; 03 vagas gerais<br \/>\nDF\/SEDE &#8211; 07 vagas gerais + 01 PcD<br \/>\nTO &#8211; 04 vagas gerais<br \/>\nAM &#8211; 03 vagas gerais<br \/>\nAP &#8211; 03 vagas gerais<br \/>\nRR &#8211; 03 vagas gerais <\/p>\n<p><em><strong>*PcD &#8211; Pessoas com Defici\u00eancia<\/strong><\/em><\/p>\n<p>O candidato pode obter informa\u00e7\u00f5es acerca do concurso pelo telefone (21) 2621-0966, ou pelo e-mail concursos@funcab.org<\/p>\n","protected":false},"excerpt":{"rendered":"<p>Foi publicado hoje, dia 8, o edital de abertura do certame da Pol\u00edcia Rodovi\u00e1ria Federal (PRF). A sele\u00e7\u00e3o oferece 216 vagas de Agente Administrativo que exige n\u00edvel m\u00e9dio, sendo 5% das vagas reservadas para deficientes. O concurso ser\u00e1 organizado pela Funda\u00e7\u00e3o Professor Carlos Agusto Bittencourt \u2013 Funcab. Cargo A remunera\u00e7\u00e3o inicial do cargo de Agente [&hellip;]<\/p>\n","protected":false},"author":1,"featured_media":26152,"comment_status":"open","ping_status":"closed","sticky":false,"template":"","format":"standard","meta":{"amp_status":"","footnotes":""},"categories":[6],"tags":[700,6433,638],"class_list":["post-26151","post","type-post","status-publish","format-standard","has-post-thumbnail","hentry","category-br","tag-concurso-publico","tag-prf-publica-edital-para-preenchimento-de-216-vagas-de-agente-administrativo","tag-ufvjm-abre-concurso-para-160-vagas-em-diferentes-campus"],"_links":{"self":[{"href":"https:\/\/aconteceunovale.com.br\/portal\/index.php?rest_route=\/wp\/v2\/posts\/26151","targetHints":{"allow":["GET"]}}],"collection":[{"href":"https:\/\/aconteceunovale.com.br\/portal\/index.php?rest_route=\/wp\/v2\/posts"}],"about":[{"href":"https:\/\/aconteceunovale.com.br\/portal\/index.php?rest_route=\/wp\/v2\/types\/post"}],"author":[{"embeddable":true,"href":"https:\/\/aconteceunovale.com.br\/portal\/index.php?rest_route=\/wp\/v2\/users\/1"}],"replies":[{"embeddable":true,"href":"https:\/\/aconteceunovale.com.br\/portal\/index.php?rest_route=%2Fwp%2Fv2%2Fcomments&post=26151"}],"version-history":[{"count":0,"href":"https:\/\/aconteceunovale.com.br\/portal\/index.php?rest_route=\/wp\/v2\/posts\/26151\/revisions"}],"wp:featuredmedia":[{"embeddable":true,"href":"https:\/\/aconteceunovale.com.br\/portal\/index.php?rest_route=\/wp\/v2\/media\/26152"}],"wp:attachment":[{"href":"https:\/\/aconteceunovale.com.br\/portal\/index.php?rest_route=%2Fwp%2Fv2%2Fmedia&parent=26151"}],"wp:term":[{"taxonomy":"category","embeddable":true,"href":"https:\/\/aconteceunovale.com.br\/portal\/index.php?rest_route=%2Fwp%2Fv2%2Fcategories&post=26151"},{"taxonomy":"post_tag","embeddable":true,"href":"https:\/\/aconteceunovale.com.br\/portal\/index.php?rest_route=%2Fwp%2Fv2%2Ftags&post=26151"}],"curies":[{"name":"wp","href":"https:\/\/api.w.org\/{rel}","templated":true}]}}