{"id":26142,"date":"2014-04-08T23:27:29","date_gmt":"2014-04-09T02:27:29","guid":{"rendered":"http:\/\/aconteceunovale.com.br\/portal\/?p=26142"},"modified":"2014-04-08T23:27:29","modified_gmt":"2014-04-09T02:27:29","slug":"homem-morre-em-acidente-entre-moto-e-carro-da-prefeitura-de-francisco-badaro","status":"publish","type":"post","link":"https:\/\/aconteceunovale.com.br\/portal\/?p=26142","title":{"rendered":"Homem morre em acidente entre moto e carro da prefeitura de Francisco Badar\u00f3"},"content":{"rendered":"<p>Um grave acidente envolvendo uma caminhonete Frontier da prefeitura municipal de Francisco Badar\u00f3  e uma motocicleta,  na tarde desta  ter\u00e7a-feira (8), deixou uma v\u00edtima fatal na rodovia LMG-676 em Ara\u00e7ua\u00ed, no Vale do Jequitinhonha (MG). A colis\u00e3o entre os ve\u00edculos ocorreu por volta das 14h30 no KM 19 da rodovia que liga Ara\u00e7ua\u00ed a Francisco Badar\u00f3.<\/p>\n<p>O acidente provocou a morte do condutor da moto, Hildebrando Ramalho de Sousa J\u00fanior, de 42 anos, residente na Comunidade do Cemit\u00e9rio de Ad\u00e3o, zona rural de Francisco Badar\u00f3 (MG).<\/p>\n<p>O condutor da caminhonete da prefeitura, Raimundo Vieira da Costa, de 39 anos, foi conduzido \u00e0 Delegacia Regional de Pol\u00edcia de Pedra Azul para os procedimentos legais.<\/p>\n<p>Raimundo Vieira contou que quando transitava de Ara\u00e7ua\u00ed para Francisco Badar\u00f3, deparou em uma curva, com a motocicleta saindo de uma estrada vicinal e atravessando a pista. Ele afirmou que n\u00e3o teve como evitar o acidente.<\/p>\n<p>Com o impacto, a moto foi arrastada ap\u00f3s  bater contra o cap\u00f4 e o parabrisa da caminhonete que acabou entrando na pista contr\u00e1ria.<\/p>\n<p>Uma equipe do SAMU de Itaobim, a 72 km de Ara\u00e7ua\u00ed, compareceu ao local e constatou a morte do motociclista.<\/p>\n<p>Segundo a Pol\u00edcia Rodovi\u00e1ria Raimundo Vieira responder\u00e1 por homic\u00eddio culposo (quando n\u00e3o h\u00e1 inten\u00e7\u00e3o de matar).<\/p>\n<p>O  corpo de Hildebrando Ramalho foi removido para o IML de Almenara no inicio da noite.<\/p>\n<p>Ambos os condutores s\u00e3o habilitados.<\/p>\n<p><img decoding=\"async\" src=\"http:\/\/aconteceunovale.com.br\/portal\/wp-content\/uploads\/2014\/04\/acidente_carro_prefeitura_badaro_08_04.jpg\" alt=\"\" \/><strong>(Foto e informa\u00e7\u00f5es do site Gazeta de Ara\u00e7ua\u00ed)<\/strong><\/p>\n","protected":false},"excerpt":{"rendered":"<p>Um grave acidente envolvendo uma caminhonete Frontier da prefeitura municipal de Francisco Badar\u00f3 e uma motocicleta, na tarde desta ter\u00e7a-feira (8), deixou uma v\u00edtima fatal na rodovia LMG-676 em Ara\u00e7ua\u00ed, no Vale do Jequitinhonha (MG). A colis\u00e3o entre os ve\u00edculos ocorreu por volta das 14h30 no KM 19 da rodovia que liga Ara\u00e7ua\u00ed a Francisco [&hellip;]<\/p>\n","protected":false},"author":1,"featured_media":26143,"comment_status":"open","ping_status":"closed","sticky":false,"template":"","format":"standard","meta":{"amp_status":"","footnotes":""},"categories":[120],"tags":[1018,187,6431,6430],"class_list":["post-26142","post","type-post","status-publish","format-standard","has-post-thumbnail","hentry","category-jequi","tag-destaque","tag-francisco-badaro","tag-hildebrando-ramalho-de-sousa-junior","tag-homem-morre-em-acidente-entre-moto-e-carro-da-prefeitura-de-francisco-badaro"],"_links":{"self":[{"href":"https:\/\/aconteceunovale.com.br\/portal\/index.php?rest_route=\/wp\/v2\/posts\/26142","targetHints":{"allow":["GET"]}}],"collection":[{"href":"https:\/\/aconteceunovale.com.br\/portal\/index.php?rest_route=\/wp\/v2\/posts"}],"about":[{"href":"https:\/\/aconteceunovale.com.br\/portal\/index.php?rest_route=\/wp\/v2\/types\/post"}],"author":[{"embeddable":true,"href":"https:\/\/aconteceunovale.com.br\/portal\/index.php?rest_route=\/wp\/v2\/users\/1"}],"replies":[{"embeddable":true,"href":"https:\/\/aconteceunovale.com.br\/portal\/index.php?rest_route=%2Fwp%2Fv2%2Fcomments&post=26142"}],"version-history":[{"count":0,"href":"https:\/\/aconteceunovale.com.br\/portal\/index.php?rest_route=\/wp\/v2\/posts\/26142\/revisions"}],"wp:featuredmedia":[{"embeddable":true,"href":"https:\/\/aconteceunovale.com.br\/portal\/index.php?rest_route=\/wp\/v2\/media\/26143"}],"wp:attachment":[{"href":"https:\/\/aconteceunovale.com.br\/portal\/index.php?rest_route=%2Fwp%2Fv2%2Fmedia&parent=26142"}],"wp:term":[{"taxonomy":"category","embeddable":true,"href":"https:\/\/aconteceunovale.com.br\/portal\/index.php?rest_route=%2Fwp%2Fv2%2Fcategories&post=26142"},{"taxonomy":"post_tag","embeddable":true,"href":"https:\/\/aconteceunovale.com.br\/portal\/index.php?rest_route=%2Fwp%2Fv2%2Ftags&post=26142"}],"curies":[{"name":"wp","href":"https:\/\/api.w.org\/{rel}","templated":true}]}}