{"id":26127,"date":"2014-04-08T16:04:33","date_gmt":"2014-04-08T19:04:33","guid":{"rendered":"http:\/\/aconteceunovale.com.br\/portal\/?p=26127"},"modified":"2014-04-08T16:04:33","modified_gmt":"2014-04-08T19:04:33","slug":"artistas-dos-vales-estao-entre-os-pre-classificados-para-o-premio-de-musica-das-minas-gerais","status":"publish","type":"post","link":"https:\/\/aconteceunovale.com.br\/portal\/?p=26127","title":{"rendered":"Artistas dos Vales est\u00e3o entre os pr\u00e9-classificados para o Pr\u00eamio de M\u00fasica das Minas Gerais"},"content":{"rendered":"<p>A produ\u00e7\u00e3o do Pr\u00eamio de M\u00fasica das Minas Gerais divulgou recentemente a lista dos artistas pr\u00e9-selecionados para a terceira edi\u00e7\u00e3o do festival que acontece. <\/p>\n<p>Entre os selecionados, destacamos a presen\u00e7a do Minasnovense Ivan Pestana, que recentemente lan\u00e7ou seu primeiro \u00e1lbum intitulado \u201cMeu Canto\u201d.<\/p>\n<p>Al\u00e9m de Ivan Pestana de Minas Novas, a lista inclui tamb\u00e9m artistas de Ara\u00e7ua\u00ed e Diamantina no Vale do Jequitinhonha, Governador Valadares no Leste de Minas e Montes Claros, Fruta de Leite e Itacarambi no Norte de Minas.<\/p>\n<p><a href=\"http:\/\/www.premiodemusicaminas.com.br\/site\/60-artistas-pre-classificados\/\" target=\"_blank\">Confira abaixo a rela\u00e7\u00e3o completa e saiba mais sobre o Pr\u00eamio de M\u00fasica das Minas Gerais &#8211; CLIQUE AQUI.<\/a><\/p>\n<p><img decoding=\"async\" src=\"http:\/\/aconteceunovale.com.br\/portal\/wp-content\/uploads\/2014\/04\/premio_musica_das_minas_gerais.jpg\" alt=\"\" \/><\/p>\n","protected":false},"excerpt":{"rendered":"<p>A produ\u00e7\u00e3o do Pr\u00eamio de M\u00fasica das Minas Gerais divulgou recentemente a lista dos artistas pr\u00e9-selecionados para a terceira edi\u00e7\u00e3o do festival que acontece. Entre os selecionados, destacamos a presen\u00e7a do Minasnovense Ivan Pestana, que recentemente lan\u00e7ou seu primeiro \u00e1lbum intitulado \u201cMeu Canto\u201d. Al\u00e9m de Ivan Pestana de Minas Novas, a lista inclui tamb\u00e9m artistas [&hellip;]<\/p>\n","protected":false},"author":1,"featured_media":26128,"comment_status":"open","ping_status":"closed","sticky":false,"template":"","format":"standard","meta":{"amp_status":"","footnotes":""},"categories":[125],"tags":[186,6423,1018,198,1034,247,1705,137,210,6424],"class_list":["post-26127","post","type-post","status-publish","format-standard","has-post-thumbnail","hentry","category-noticias","tag-aracuai","tag-artistas-dos-vales-estao-entre-os-pre-classificados-para-o-premio-de-musica-das-minas-gerais","tag-destaque","tag-diamantina","tag-fruta-de-leite","tag-governador-valadares","tag-itacarambi","tag-minas-novas","tag-montes-claros","tag-premio-de-musica-das-minas-gerais"],"_links":{"self":[{"href":"https:\/\/aconteceunovale.com.br\/portal\/index.php?rest_route=\/wp\/v2\/posts\/26127","targetHints":{"allow":["GET"]}}],"collection":[{"href":"https:\/\/aconteceunovale.com.br\/portal\/index.php?rest_route=\/wp\/v2\/posts"}],"about":[{"href":"https:\/\/aconteceunovale.com.br\/portal\/index.php?rest_route=\/wp\/v2\/types\/post"}],"author":[{"embeddable":true,"href":"https:\/\/aconteceunovale.com.br\/portal\/index.php?rest_route=\/wp\/v2\/users\/1"}],"replies":[{"embeddable":true,"href":"https:\/\/aconteceunovale.com.br\/portal\/index.php?rest_route=%2Fwp%2Fv2%2Fcomments&post=26127"}],"version-history":[{"count":0,"href":"https:\/\/aconteceunovale.com.br\/portal\/index.php?rest_route=\/wp\/v2\/posts\/26127\/revisions"}],"wp:featuredmedia":[{"embeddable":true,"href":"https:\/\/aconteceunovale.com.br\/portal\/index.php?rest_route=\/wp\/v2\/media\/26128"}],"wp:attachment":[{"href":"https:\/\/aconteceunovale.com.br\/portal\/index.php?rest_route=%2Fwp%2Fv2%2Fmedia&parent=26127"}],"wp:term":[{"taxonomy":"category","embeddable":true,"href":"https:\/\/aconteceunovale.com.br\/portal\/index.php?rest_route=%2Fwp%2Fv2%2Fcategories&post=26127"},{"taxonomy":"post_tag","embeddable":true,"href":"https:\/\/aconteceunovale.com.br\/portal\/index.php?rest_route=%2Fwp%2Fv2%2Ftags&post=26127"}],"curies":[{"name":"wp","href":"https:\/\/api.w.org\/{rel}","templated":true}]}}