{"id":26119,"date":"2014-04-08T15:11:16","date_gmt":"2014-04-08T18:11:16","guid":{"rendered":"http:\/\/aconteceunovale.com.br\/portal\/?p=26119"},"modified":"2014-04-08T15:12:41","modified_gmt":"2014-04-08T18:12:41","slug":"policia-civil-prende-sete-suspeitos-de-homicidios-em-montes-claros","status":"publish","type":"post","link":"https:\/\/aconteceunovale.com.br\/portal\/?p=26119","title":{"rendered":"Pol\u00edcia Civil prende sete suspeitos de homic\u00eddios em Montes Claros"},"content":{"rendered":"<h3><strong>Crimes foram em 2013 e 2014, dois menores tamb\u00e9m foram apreendidos. 17 assassinatos foram registrados na cidade em 2014, em 2013 foram 30.<\/strong><\/h3>\n<p><img decoding=\"async\" src=\"http:\/\/aconteceunovale.com.br\/portal\/wp-content\/uploads\/2014\/04\/presos_homicidios_moc_08_04.jpg\" alt=\"\" \/><em>(Foto: Michelly Oda \/ G1)<\/em><br \/>\n<\/br><\/p>\n<p>Seis, dos sete homens presos por assassinatos em Montes Claros (MG), foram apresentados na manh\u00e3 desta ter\u00e7a-feira (8) pela equipe da Delegacia de Homic\u00eddios, durante uma coletiva de imprensa. As pris\u00f5es foram cumpridas em abril e s\u00e3o referentes a crimes cometidos em 2013 e 2014.<\/p>\n<p>O delegado Bruno Rezende explica que todos os homic\u00eddios est\u00e3o relacionados ao tr\u00e1fico de drogas, e que na maioria das vezes acontecem em fun\u00e7\u00e3o de disputas entre gangues e vingan\u00e7a.<\/p>\n<p>Os sete suspeitos t\u00eam idades entre 18 e 25 anos. Al\u00e9m deles, dois menores, de 16 e 17, foram apreendidos.<\/p>\n<p>\u201cA Pol\u00edcia Civil identificou que o envolvimento de adolescentes em homic\u00eddios \u00e9 uma ordem dos traficantes, com o objetivo de evitar que eles e os maiores de idade envolvidos n\u00e3o sejam responsabilizados criminalmente\u201d, fala o delegado.<\/p>\n<p>Bruno Rezende se referiu aos adolescentes envolvidos nos crimes como \u201cfilhotes do tr\u00e1fico\u201d e explicou que esses menores come\u00e7am vendendo drogas e s\u00e3o \u201cpromovidos\u201d a executores, com o passar do tempo.<\/p>\n<p>\u201cOs menores cumprem medidas socioeducativas, e uma delas pode ser a interna\u00e7\u00e3o. Estamos tentando viabilizar com o Judici\u00e1rio para que esses adolescentes fiquem mais tempo internados evitando novos crimes, j\u00e1 que alguns est\u00e3o envolvidos em mais de um crime\u201d.<\/p>\n<h4><strong>Redu\u00e7\u00e3o nos homic\u00eddios<\/strong><\/h4>\n<p>Durante a apresenta\u00e7\u00e3o dos presos para a imprensa, o delegado Bruno Rezende afirmou que at\u00e9 agora 17 homic\u00eddios foram registrados. No mesmo per\u00edodo do ano passado foram 30, uma redu\u00e7\u00e3o de 40%. 14 crimes j\u00e1 tem autoria definida.<\/p>\n<p>Apesar dos dados, o delegado ressalta que os resultados do trabalho s\u00f3 poder\u00e3o ser mensurados no fim do ano. Bruno Rezende atribui a diminui\u00e7\u00e3o ao trabalho em conjunto de v\u00e1rios \u00f3rg\u00e3os.<\/p>\n<p>&#8220;A parceria da Pol\u00edcia Civil, do Minist\u00e9rio P\u00fablico e da Justi\u00e7a tem repercutido no n\u00famero de homic\u00eddios, mas \u00e9 preciso haver continuidade, principalmente em rela\u00e7\u00e3o aos julgamentos, que s\u00e3o feitos com base no trabalho bem feito desses \u00f3rg\u00e3os. A puni\u00e7\u00e3o diminui o sentimento de impunidade e traz seguran\u00e7a para a popula\u00e7\u00e3o&#8221;, fala o delegado.<\/p>\n<h4><strong>Vila Bras\u00edlia<\/strong><\/h4>\n<p>Vander Gilvan Silva, de 20 anos, e \u00c9der J\u00fanior Rosa, de 25, foram presos pelo assassinato de Crisomberto Rodrigues de 21, na Vila Bras\u00edlia, no dia 18 de fevereiro deste ano. Um menor de 16 anos tamb\u00e9m foi apreendido.<\/p>\n<p>Segundo informa\u00e7\u00f5es da PC, o rapaz morto foi criado junto com \u00c9der J\u00fanior e j\u00e1 tentou mat\u00e1-lo. Al\u00e9m disso foi o respons\u00e1vel pela morte do cunhado dele. Ele tamb\u00e9m tentou matar outro homem, que ficou paral\u00edtico. Crisomberto tinha passagens por homic\u00eddio e tr\u00e1fico de drogas.<\/p>\n<p>As imagens de um circuito de c\u00e2meras mostram o momento do crime. A v\u00edtima tenta fugir, \u00e9 atingida, cai e ainda leva outros tiros. Durante o crime \u00c9der J\u00fanior acabou levando um disparo na m\u00e3o esquerda. Ao ser preso ele disse que um amigo, profissional da sa\u00fade, fez a retirada da bala. <\/p>\n<p>As armas utilizadas no assassinato, foram, de acordo com a pol\u00edcia, fornecidas por Vander. Um rev\u00f3lver 38 foi apreendido e est\u00e1 sendo periciado.<\/p>\n<h4><strong>Major Prates<\/strong><\/h4>\n<p>Vander Silva ainda foi preso pela participa\u00e7\u00e3o em outro assassinato, ocorrido no Major Prates, junto com Jhon Kl\u00e9sio Gon\u00e7alves, de 23 anos, no dia dois de abril. Os dois s\u00e3o suspeitos de matarem Juliano Martins Rocha, de 18 anos, que n\u00e3o tinha passagens pela pol\u00edcia.<\/p>\n<h4><strong>Village do Lago II<\/strong><\/h4>\n<p>J\u00e1 no crime que aconteceu no Village do Lago II, no dia 22 de dezembro de 2013, foram presos Paulo Henrique de Souza, de 22 anos, Geremias Ferreira de Jesus, de 29, e Mateus Freitas, de 19. Todos t\u00eam passagens pela pol\u00edcia. A v\u00edtima, Carlos Daniel Ribeiro, de 19, foi assassinada na Rua Jair Salom\u00e3o Martins. <\/p>\n<p>Segundo as informa\u00e7\u00f5es da Delegacia de Homic\u00eddios, Geremias de Jesus, j\u00e1 foi condenado por 22 anos por outro assassinato. As investiga\u00e7\u00f5es apontam que Mateus Freitas brigou com Carlos Daniel e pediu para Geremias, chefe do tr\u00e1fico, ent\u00e3o preso, para mat\u00e1-lo.<\/p>\n<h4><strong>Vila Camilo Prates<\/strong><\/h4>\n<p>Um rapaz de 18 anos tamb\u00e9m foi apresentado pela Pol\u00edcia Civil, suspeito de um homic\u00eddio na Avenida Maria Jos\u00e9 Silveira Freitas, na Vila Camilo Prates. Wellison Silva, que tem passagem por tr\u00e1fico de drogas, matou, segundo as investiga\u00e7\u00f5es, Ernane Silva Santos de 22 anos, no dia 32 de novembro de 2013. Um menor de 17 anos tamb\u00e9m foi apreendido.<\/p>\n<p>De acordo com o delegado de homic\u00eddios, o crime aconteceu depois do adolescente discutir com a v\u00edtima por causa da venda de uma bermuda. Como eles eram de fac\u00e7\u00f5es rivais, Ernane Santos acabou sendo morto.<\/p>\n<p><em>(Fonte: G1)<\/em><\/p>\n","protected":false},"excerpt":{"rendered":"<p>Crimes foram em 2013 e 2014, dois menores tamb\u00e9m foram apreendidos. 17 assassinatos foram registrados na cidade em 2014, em 2013 foram 30. (Foto: Michelly Oda \/ G1) Seis, dos sete homens presos por assassinatos em Montes Claros (MG), foram apresentados na manh\u00e3 desta ter\u00e7a-feira (8) pela equipe da Delegacia de Homic\u00eddios, durante uma coletiva [&hellip;]<\/p>\n","protected":false},"author":1,"featured_media":26120,"comment_status":"open","ping_status":"closed","sticky":false,"template":"","format":"standard","meta":{"amp_status":"","footnotes":""},"categories":[1236],"tags":[1018,210,6419],"class_list":["post-26119","post","type-post","status-publish","format-standard","has-post-thumbnail","hentry","category-norte_de_minas","tag-destaque","tag-montes-claros","tag-policia-civil-prende-sete-suspeitos-de-homicidios-em-montes-claros"],"_links":{"self":[{"href":"https:\/\/aconteceunovale.com.br\/portal\/index.php?rest_route=\/wp\/v2\/posts\/26119","targetHints":{"allow":["GET"]}}],"collection":[{"href":"https:\/\/aconteceunovale.com.br\/portal\/index.php?rest_route=\/wp\/v2\/posts"}],"about":[{"href":"https:\/\/aconteceunovale.com.br\/portal\/index.php?rest_route=\/wp\/v2\/types\/post"}],"author":[{"embeddable":true,"href":"https:\/\/aconteceunovale.com.br\/portal\/index.php?rest_route=\/wp\/v2\/users\/1"}],"replies":[{"embeddable":true,"href":"https:\/\/aconteceunovale.com.br\/portal\/index.php?rest_route=%2Fwp%2Fv2%2Fcomments&post=26119"}],"version-history":[{"count":0,"href":"https:\/\/aconteceunovale.com.br\/portal\/index.php?rest_route=\/wp\/v2\/posts\/26119\/revisions"}],"wp:featuredmedia":[{"embeddable":true,"href":"https:\/\/aconteceunovale.com.br\/portal\/index.php?rest_route=\/wp\/v2\/media\/26120"}],"wp:attachment":[{"href":"https:\/\/aconteceunovale.com.br\/portal\/index.php?rest_route=%2Fwp%2Fv2%2Fmedia&parent=26119"}],"wp:term":[{"taxonomy":"category","embeddable":true,"href":"https:\/\/aconteceunovale.com.br\/portal\/index.php?rest_route=%2Fwp%2Fv2%2Fcategories&post=26119"},{"taxonomy":"post_tag","embeddable":true,"href":"https:\/\/aconteceunovale.com.br\/portal\/index.php?rest_route=%2Fwp%2Fv2%2Ftags&post=26119"}],"curies":[{"name":"wp","href":"https:\/\/api.w.org\/{rel}","templated":true}]}}