{"id":26108,"date":"2014-04-08T10:48:28","date_gmt":"2014-04-08T13:48:28","guid":{"rendered":"http:\/\/aconteceunovale.com.br\/portal\/?p=26108"},"modified":"2014-04-09T09:46:48","modified_gmt":"2014-04-09T12:46:48","slug":"tecnicos-administrativos-da-ufvjm-cruzam-os-bracos-e-impedem-estudantes-de-entrarem-no-campus-2","status":"publish","type":"post","link":"https:\/\/aconteceunovale.com.br\/portal\/?p=26108","title":{"rendered":"T\u00e9cnicos administrativos da UFVJM cruzam os bra\u00e7os e impedem estudantes de entrarem no Campus 2"},"content":{"rendered":"<p>Os discentes e professores da UFVJM foram surpreendidos na manh\u00e3 desta ter\u00e7a-feira, 08 de abril, com uma a\u00e7\u00e3o dos t\u00e9cnicos administrativos da institui\u00e7\u00e3o. Os servidores interromperam totalmente a entrada de estudantes no Campus 2, nem mesmo a p\u00e9 era poss\u00edvel acessar o interior da unidade.<\/p>\n<p>\u201cO movimento de greve \u00e9 motivado pela regulamenta\u00e7\u00e3o do ponto eletr\u00f4nico que est\u00e1 sendo instalado sem log\u00edstica ou legisla\u00e7\u00e3o, jornada de trabalho de 30 horas, aumento do piso, aprimoramento de carreira e constru\u00e7\u00e3o (ou reconstru\u00e7\u00e3o) das creches nas universidades para os filhos dos funcion\u00e1rios.\u201d, informou um t\u00e9cnico que n\u00e3o quis se identificar. Ainda segundo ele, a greve j\u00e1 est\u00e1 acontecendo desde o dia 15 de mar\u00e7o e que at\u00e9 ent\u00e3o n\u00e3o tinha afetado as aulas, somente na manh\u00e3 de hoje decidiram interromper totalmente o acesso de estudantes no Campus Universit\u00e1rio.<\/p>\n<p>A interrup\u00e7\u00e3o frustrou muitos universit\u00e1rios, que ficaram indignados por n\u00e3o poderem acessar o Campus. <\/p>\n<p>\u201cEstou revoltada, perdi meus quatro reais e ainda vou ficar sem marmita\u201d, disse uma estudante que pagou a passagem de Diamantina at\u00e9 o Campus e que tamb\u00e9m iria almo\u00e7ar no restaurante do Campus.<\/p>\n<p>\u201cDepois de um dia totalmente estressante e cansativo como foi ontem, acordo hoje morta, passando mal, para chegar l\u00e1 e simplesmente n\u00e3o poder entrar. Se querem manifestar, se querem fazer greve, que ao menos avise. N\u00f3s alunos n\u00e3o temos culpa, perdemos dinheiro descendo e subindo atoa.\u201d, desabafou outra estudante em uma rede social.<\/p>\n<p>Segundo informa\u00e7\u00f5es, o acesso ao Campus s\u00f3 ser\u00e1 permitido ap\u00f3s o meio dia. Com rela\u00e7\u00e3o \u00e0 alimenta\u00e7\u00e3o a PROACE divulgou nota informando que devido \u00e0s manifesta\u00e7\u00f5es grevistas, o aux\u00edlio alimenta\u00e7\u00e3o ser\u00e1 oferecido apenas no Campus I, de 11h30 at\u00e9 13h30.<\/p>\n<p><strong>FOTOS DA ENTRADA DO CAMPUS II NA MANH\u00c3 DESTA TER\u00c7A-FEIRA<\/strong><\/p>\n<p><img decoding=\"async\" src=\"http:\/\/aconteceunovale.com.br\/portal\/wp-content\/uploads\/2014\/04\/greve_ufvjm_dtna_08_04_1.jpg\" alt=\"\" \/><br \/>\n<div id='gallery-1' class='gallery galleryid-26108 gallery-columns-5 gallery-size-thumbnail'><figure class='gallery-item'>\n\t\t\t<div class='gallery-icon portrait'>\n\t\t\t\t<a href='https:\/\/aconteceunovale.com.br\/portal\/wp-content\/uploads\/2014\/04\/greve_ufvjm_dtna_08_04_2.jpg'><img loading=\"lazy\" decoding=\"async\" width=\"150\" height=\"150\" src=\"https:\/\/aconteceunovale.com.br\/portal\/wp-content\/uploads\/2014\/04\/greve_ufvjm_dtna_08_04_2-150x150.jpg\" class=\"attachment-thumbnail size-thumbnail\" alt=\"\" \/><\/a>\n\t\t\t<\/div><\/figure><figure class='gallery-item'>\n\t\t\t<div class='gallery-icon portrait'>\n\t\t\t\t<a href='https:\/\/aconteceunovale.com.br\/portal\/wp-content\/uploads\/2014\/04\/greve_ufvjm_dtna_08_04_3.jpg'><img loading=\"lazy\" decoding=\"async\" width=\"150\" height=\"150\" src=\"https:\/\/aconteceunovale.com.br\/portal\/wp-content\/uploads\/2014\/04\/greve_ufvjm_dtna_08_04_3-150x150.jpg\" class=\"attachment-thumbnail size-thumbnail\" alt=\"\" \/><\/a>\n\t\t\t<\/div><\/figure><figure class='gallery-item'>\n\t\t\t<div class='gallery-icon portrait'>\n\t\t\t\t<a href='https:\/\/aconteceunovale.com.br\/portal\/wp-content\/uploads\/2014\/04\/greve_ufvjm_dtna_08_04_4.jpg'><img loading=\"lazy\" decoding=\"async\" width=\"150\" height=\"150\" src=\"https:\/\/aconteceunovale.com.br\/portal\/wp-content\/uploads\/2014\/04\/greve_ufvjm_dtna_08_04_4-150x150.jpg\" class=\"attachment-thumbnail size-thumbnail\" alt=\"\" \/><\/a>\n\t\t\t<\/div><\/figure><figure class='gallery-item'>\n\t\t\t<div class='gallery-icon portrait'>\n\t\t\t\t<a href='https:\/\/aconteceunovale.com.br\/portal\/wp-content\/uploads\/2014\/04\/greve_ufvjm_dtna_08_04_5.jpg'><img loading=\"lazy\" decoding=\"async\" width=\"150\" height=\"150\" src=\"https:\/\/aconteceunovale.com.br\/portal\/wp-content\/uploads\/2014\/04\/greve_ufvjm_dtna_08_04_5-150x150.jpg\" class=\"attachment-thumbnail size-thumbnail\" alt=\"\" \/><\/a>\n\t\t\t<\/div><\/figure><figure class='gallery-item'>\n\t\t\t<div class='gallery-icon portrait'>\n\t\t\t\t<a href='https:\/\/aconteceunovale.com.br\/portal\/wp-content\/uploads\/2014\/04\/greve_ufvjm_dtna_08_04_6.jpg'><img loading=\"lazy\" decoding=\"async\" width=\"150\" height=\"150\" src=\"https:\/\/aconteceunovale.com.br\/portal\/wp-content\/uploads\/2014\/04\/greve_ufvjm_dtna_08_04_6-150x150.jpg\" class=\"attachment-thumbnail size-thumbnail\" alt=\"\" \/><\/a>\n\t\t\t<\/div><\/figure>\n\t\t<\/div>\n<\/p>\n","protected":false},"excerpt":{"rendered":"<p>Os discentes e professores da UFVJM foram surpreendidos na manh\u00e3 desta ter\u00e7a-feira, 08 de abril, com uma a\u00e7\u00e3o dos t\u00e9cnicos administrativos da institui\u00e7\u00e3o. Os servidores interromperam totalmente a entrada de estudantes no Campus 2, nem mesmo a p\u00e9 era poss\u00edvel acessar o interior da unidade. \u201cO movimento de greve \u00e9 motivado pela regulamenta\u00e7\u00e3o do ponto [&hellip;]<\/p>\n","protected":false},"author":1,"featured_media":26103,"comment_status":"open","ping_status":"closed","sticky":false,"template":"","format":"standard","meta":{"amp_status":"","footnotes":""},"categories":[120],"tags":[1018,198,6417,250],"class_list":["post-26108","post","type-post","status-publish","format-standard","has-post-thumbnail","hentry","category-jequi","tag-destaque","tag-diamantina","tag-tecnicos-administrativos-da-ufvjm-cruzam-os-bracos-e-impedem-estudantes-de-entrarem-no-campus-2","tag-ufvjm"],"_links":{"self":[{"href":"https:\/\/aconteceunovale.com.br\/portal\/index.php?rest_route=\/wp\/v2\/posts\/26108","targetHints":{"allow":["GET"]}}],"collection":[{"href":"https:\/\/aconteceunovale.com.br\/portal\/index.php?rest_route=\/wp\/v2\/posts"}],"about":[{"href":"https:\/\/aconteceunovale.com.br\/portal\/index.php?rest_route=\/wp\/v2\/types\/post"}],"author":[{"embeddable":true,"href":"https:\/\/aconteceunovale.com.br\/portal\/index.php?rest_route=\/wp\/v2\/users\/1"}],"replies":[{"embeddable":true,"href":"https:\/\/aconteceunovale.com.br\/portal\/index.php?rest_route=%2Fwp%2Fv2%2Fcomments&post=26108"}],"version-history":[{"count":0,"href":"https:\/\/aconteceunovale.com.br\/portal\/index.php?rest_route=\/wp\/v2\/posts\/26108\/revisions"}],"wp:featuredmedia":[{"embeddable":true,"href":"https:\/\/aconteceunovale.com.br\/portal\/index.php?rest_route=\/wp\/v2\/media\/26103"}],"wp:attachment":[{"href":"https:\/\/aconteceunovale.com.br\/portal\/index.php?rest_route=%2Fwp%2Fv2%2Fmedia&parent=26108"}],"wp:term":[{"taxonomy":"category","embeddable":true,"href":"https:\/\/aconteceunovale.com.br\/portal\/index.php?rest_route=%2Fwp%2Fv2%2Fcategories&post=26108"},{"taxonomy":"post_tag","embeddable":true,"href":"https:\/\/aconteceunovale.com.br\/portal\/index.php?rest_route=%2Fwp%2Fv2%2Ftags&post=26108"}],"curies":[{"name":"wp","href":"https:\/\/api.w.org\/{rel}","templated":true}]}}