{"id":26098,"date":"2014-04-08T10:24:00","date_gmt":"2014-04-08T13:24:00","guid":{"rendered":"http:\/\/aconteceunovale.com.br\/portal\/?p=26098"},"modified":"2014-04-08T10:46:59","modified_gmt":"2014-04-08T13:46:59","slug":"atentado-em-escola-motiva-audiencia-publica-em-itinga","status":"publish","type":"post","link":"https:\/\/aconteceunovale.com.br\/portal\/?p=26098","title":{"rendered":"Atentado em escola motiva audi\u00eancia p\u00fablica em Itinga"},"content":{"rendered":"<p>Debater as provid\u00eancias tomadas em rela\u00e7\u00e3o ao atentado contra os coordenadores da Escola Fam\u00edlia Agr\u00edcola de Jacar\u00e9, em Itinga (Vale do Jequitinhonha), ocorrido em 1\u00ba de abril de 2013. Esse \u00e9 o objetivo da reuni\u00e3o que as Comiss\u00f5es de Direitos Humanos e de Participa\u00e7\u00e3o Popular da Assembleia Legislativa de Minas Gerais (ALMG) realizam na sexta-feira (11\/4\/14) nesse munic\u00edpio. <\/p>\n<p>A reuni\u00e3o ser\u00e1 na pr\u00f3pria escola, situada na Rua das Flores s\/n\u00ba &#8211; Jacar\u00e9, zona rual de Itinga.<\/p>\n<p>O autor do requerimento para a audi\u00eancia \u00e9 o deputado Andr\u00e9 Quint\u00e3o (PT), presidente da Comiss\u00e3o de Participa\u00e7\u00e3o Popular, que foi provocado por membros da pr\u00f3pria escola e da Associa\u00e7\u00e3o Mineira das Escolas Fam\u00edlia Agr\u00edcola. Tamb\u00e9m assinam o documento solicitando a reuni\u00e3o: o Instituto de Direitos Humanos, o N\u00facleo de Atendimento a Vitimas de Crimes Violentos e o Programa Estadual de Prote\u00e7\u00e3o dos Defensores de Direitos Humanos.<\/p>\n<p>As entidades reivindicam medidas no sentido de garantir a devida investiga\u00e7\u00e3o e a puni\u00e7\u00e3o dos autores do crime, al\u00e9m de a\u00e7\u00f5es pela recupera\u00e7\u00e3o das v\u00edtimas Adair da Silva Santos e Noessandro Gon\u00e7alves Freire. Os representantes reivindicam ainda assist\u00eancia para todas as fam\u00edlias de estudantes e de funcion\u00e1rios da escola.<\/p>\n<p>Adair e Noessandro, que tamb\u00e9m s\u00e3o educadores na escola, relatam que, na noite do atentado, um homem de moto e com capacete disparou um tiro de espingarda contra eles, que estavam no p\u00e1tio central da institui\u00e7\u00e3o. Os dois coordenadores foram atingidos nas costas, sofrendo perfura\u00e7\u00e3o perto da clav\u00edcula.<\/p>\n<p>De acordo com documentos encaminhados ao gabinete do deputado Andr\u00e9 Quint\u00e3o, apesar do abalo f\u00edsico e emocional, Adair e Noessandro est\u00e3o se recuperando. Ap\u00f3s a tentativa de homic\u00eddio, ambos foram inclu\u00eddos no Programa de Prote\u00e7\u00e3o dos Defensores de Direitos Humanos. Os dois tamb\u00e9m t\u00eam sido acompanhados pelo N\u00facleo de Atendimento a Vitimas de Crimes Violentos. Segundo a Escola Fam\u00edlia Agr\u00edcola de Jacar\u00e9, o atentado abalou a continuidade dos trabalhos da institui\u00e7\u00e3o, pois Adair e Noessandro n\u00e3o puderam retomar as aulas em raz\u00e3o do medo gerado nos alunos.<\/p>\n<p>Os convidados para a reuni\u00e3o conjunta s\u00e3o: o deputado federal Padre Jo\u00e3o (PT-MG); o chefe da Pol\u00edcia Civil, Cylton Brand\u00e3o da Matta; as delegadas de pol\u00edcia Maria Aparecida Motta Martins e Ana Paula Lamego Balbino; o promotor Leonardo Morroni Ara\u00fajo de Mello; a coordenadora do Programa Estadual de Prote\u00e7\u00e3o dos Defensores de Direitos Humanos, Maria Em\u00edlia da Silva; o secret\u00e1rio executivo da Associa\u00e7\u00e3o Mineira das Escolas Fam\u00edlia Agr\u00edcola, Idalino Firmino dos Santos; e o coordenador interino da Escola Fam\u00edlia Agr\u00edcola de Jacar\u00e9, Geraldo M\u00e1rcio Jardim.<\/p>\n","protected":false},"excerpt":{"rendered":"<p>Debater as provid\u00eancias tomadas em rela\u00e7\u00e3o ao atentado contra os coordenadores da Escola Fam\u00edlia Agr\u00edcola de Jacar\u00e9, em Itinga (Vale do Jequitinhonha), ocorrido em 1\u00ba de abril de 2013. Esse \u00e9 o objetivo da reuni\u00e3o que as Comiss\u00f5es de Direitos Humanos e de Participa\u00e7\u00e3o Popular da Assembleia Legislativa de Minas Gerais (ALMG) realizam na sexta-feira [&hellip;]<\/p>\n","protected":false},"author":1,"featured_media":26099,"comment_status":"open","ping_status":"closed","sticky":false,"template":"","format":"standard","meta":{"amp_status":"","footnotes":""},"categories":[120],"tags":[6416,189],"class_list":["post-26098","post","type-post","status-publish","format-standard","has-post-thumbnail","hentry","category-jequi","tag-atentado-em-escola-motiva-audiencia-publica-em-itinga","tag-itinga"],"_links":{"self":[{"href":"https:\/\/aconteceunovale.com.br\/portal\/index.php?rest_route=\/wp\/v2\/posts\/26098","targetHints":{"allow":["GET"]}}],"collection":[{"href":"https:\/\/aconteceunovale.com.br\/portal\/index.php?rest_route=\/wp\/v2\/posts"}],"about":[{"href":"https:\/\/aconteceunovale.com.br\/portal\/index.php?rest_route=\/wp\/v2\/types\/post"}],"author":[{"embeddable":true,"href":"https:\/\/aconteceunovale.com.br\/portal\/index.php?rest_route=\/wp\/v2\/users\/1"}],"replies":[{"embeddable":true,"href":"https:\/\/aconteceunovale.com.br\/portal\/index.php?rest_route=%2Fwp%2Fv2%2Fcomments&post=26098"}],"version-history":[{"count":0,"href":"https:\/\/aconteceunovale.com.br\/portal\/index.php?rest_route=\/wp\/v2\/posts\/26098\/revisions"}],"wp:featuredmedia":[{"embeddable":true,"href":"https:\/\/aconteceunovale.com.br\/portal\/index.php?rest_route=\/wp\/v2\/media\/26099"}],"wp:attachment":[{"href":"https:\/\/aconteceunovale.com.br\/portal\/index.php?rest_route=%2Fwp%2Fv2%2Fmedia&parent=26098"}],"wp:term":[{"taxonomy":"category","embeddable":true,"href":"https:\/\/aconteceunovale.com.br\/portal\/index.php?rest_route=%2Fwp%2Fv2%2Fcategories&post=26098"},{"taxonomy":"post_tag","embeddable":true,"href":"https:\/\/aconteceunovale.com.br\/portal\/index.php?rest_route=%2Fwp%2Fv2%2Ftags&post=26098"}],"curies":[{"name":"wp","href":"https:\/\/api.w.org\/{rel}","templated":true}]}}