{"id":26087,"date":"2014-04-08T10:01:28","date_gmt":"2014-04-08T13:01:28","guid":{"rendered":"http:\/\/aconteceunovale.com.br\/portal\/?p=26087"},"modified":"2014-04-08T10:01:28","modified_gmt":"2014-04-08T13:01:28","slug":"tremor-no-fim-da-noite-de-segunda-acorda-moradores-de-montes-claros","status":"publish","type":"post","link":"https:\/\/aconteceunovale.com.br\/portal\/?p=26087","title":{"rendered":"Tremor no fim da noite de segunda acorda moradores de Montes Claros"},"content":{"rendered":"<p>Moradores de Montes Claros, no Norte de Minas Gerais, foram surpreendidos com um novo tremor de terra no fim da noite desta segunda-feira (7), por volta das 23h55.<\/p>\n<p>Logo ap\u00f3s o tremor, o Corpo de Bombeiros recebeu os primeiros chamados que congestionaram todas as linhas telef\u00f4nicas. Mas segundo a corpora\u00e7\u00e3o, at\u00e9 \u00e0 0h40 nenhuma ocorr\u00eancia relatando feridos ou danos graves foi registrada e dados oficiais ser\u00e3o divulgados durante a manh\u00e3.<\/p>\n<p>Assustados moradores do bairro Santa Rita sa\u00edram de casa com medo que uma sequ\u00eancia de abalos se repita como durante esse domingo (6).<\/p>\n<p>O tremor tamb\u00e9m foi relatado por moradores dos bairros Vila \u00c1urea, Eldorado e Ac\u00e1cicas.<br \/>\n\u201cFiquei com medo porque minha casa \u00e9 de telha de amianto e tenho crian\u00e7as em casa\u201d, diz a dona de casa Cristiane Soares. (G1)<\/p>\n<p><img decoding=\"async\" src=\"http:\/\/aconteceunovale.com.br\/portal\/wp-content\/uploads\/2014\/04\/tremor_segunda_moc.jpg\" alt=\"\" \/><em>(Foto: Nicole Melhado \/ G1)<\/em><\/p>\n","protected":false},"excerpt":{"rendered":"<p>Moradores de Montes Claros, no Norte de Minas Gerais, foram surpreendidos com um novo tremor de terra no fim da noite desta segunda-feira (7), por volta das 23h55. Logo ap\u00f3s o tremor, o Corpo de Bombeiros recebeu os primeiros chamados que congestionaram todas as linhas telef\u00f4nicas. Mas segundo a corpora\u00e7\u00e3o, at\u00e9 \u00e0 0h40 nenhuma ocorr\u00eancia [&hellip;]<\/p>\n","protected":false},"author":1,"featured_media":26088,"comment_status":"open","ping_status":"closed","sticky":false,"template":"","format":"standard","meta":{"amp_status":"","footnotes":""},"categories":[1236],"tags":[210,6411],"class_list":["post-26087","post","type-post","status-publish","format-standard","has-post-thumbnail","hentry","category-norte_de_minas","tag-montes-claros","tag-tremor-no-fim-da-noite-de-segunda-acorda-moradores-de-montes-claros"],"_links":{"self":[{"href":"https:\/\/aconteceunovale.com.br\/portal\/index.php?rest_route=\/wp\/v2\/posts\/26087","targetHints":{"allow":["GET"]}}],"collection":[{"href":"https:\/\/aconteceunovale.com.br\/portal\/index.php?rest_route=\/wp\/v2\/posts"}],"about":[{"href":"https:\/\/aconteceunovale.com.br\/portal\/index.php?rest_route=\/wp\/v2\/types\/post"}],"author":[{"embeddable":true,"href":"https:\/\/aconteceunovale.com.br\/portal\/index.php?rest_route=\/wp\/v2\/users\/1"}],"replies":[{"embeddable":true,"href":"https:\/\/aconteceunovale.com.br\/portal\/index.php?rest_route=%2Fwp%2Fv2%2Fcomments&post=26087"}],"version-history":[{"count":0,"href":"https:\/\/aconteceunovale.com.br\/portal\/index.php?rest_route=\/wp\/v2\/posts\/26087\/revisions"}],"wp:featuredmedia":[{"embeddable":true,"href":"https:\/\/aconteceunovale.com.br\/portal\/index.php?rest_route=\/wp\/v2\/media\/26088"}],"wp:attachment":[{"href":"https:\/\/aconteceunovale.com.br\/portal\/index.php?rest_route=%2Fwp%2Fv2%2Fmedia&parent=26087"}],"wp:term":[{"taxonomy":"category","embeddable":true,"href":"https:\/\/aconteceunovale.com.br\/portal\/index.php?rest_route=%2Fwp%2Fv2%2Fcategories&post=26087"},{"taxonomy":"post_tag","embeddable":true,"href":"https:\/\/aconteceunovale.com.br\/portal\/index.php?rest_route=%2Fwp%2Fv2%2Ftags&post=26087"}],"curies":[{"name":"wp","href":"https:\/\/api.w.org\/{rel}","templated":true}]}}