{"id":26084,"date":"2014-04-08T09:59:22","date_gmt":"2014-04-08T12:59:22","guid":{"rendered":"http:\/\/aconteceunovale.com.br\/portal\/?p=26084"},"modified":"2014-04-08T09:59:22","modified_gmt":"2014-04-08T12:59:22","slug":"justica-manda-soltar-acusados-de-trafico-em-helicoptero-da-familia-perrella","status":"publish","type":"post","link":"https:\/\/aconteceunovale.com.br\/portal\/?p=26084","title":{"rendered":"Justi\u00e7a manda soltar acusados de tr\u00e1fico em helic\u00f3ptero da fam\u00edlia Perrella"},"content":{"rendered":"<p>A Justi\u00e7a Federal mandou soltar os quatro acusados de envolvimento no transporte de quase meia tonelada de pasta base de coca\u00edna em um helic\u00f3ptero da fam\u00edlia Perrella, no interior Esp\u00edrito Santo. A aeronave foi apreendida em uma fazenda no munic\u00edpio de Afonso Cl\u00e1udio, na regi\u00e3o Serrana, em novembro de 2013. Ser\u00e3o soltos o piloto Rog\u00e9rio Almeida J\u00fanior, o copiloto Alexandre Jos\u00e9 de Oliveira J\u00fanior e os dois homens que teriam descarregado a droga: Robson Ferreira Dias e Everaldo Lopes de Souza.<\/p>\n<p>Eles foram denunciados por tr\u00e1fico e associa\u00e7\u00e3o para o tr\u00e1fico, mas agora v\u00e3o responder em liberdade. Tamb\u00e9m responde ao processo, o dono da fazenda, Elio Rodrigues, mas ele n\u00e3o estava preso. O deputado mineiro Gustavo Perrela, s\u00f3cio da empresa dona do helic\u00f3ptero, n\u00e3o foi citado na den\u00fancia. Segundo a Pol\u00edcia Federal, ele n\u00e3o tem envolvimento no caso. A Justi\u00e7a definiu que o helic\u00f3ptero continua em poder do governo do Esp\u00edrito Santo, mas n\u00e3o pode ser usado. O Minist\u00e9rio P\u00fablico Federal ainda vai decidir se recorrer\u00e1 da decis\u00e3o.<\/p>\n<p>Para o MPF-ES, os denunciados se associaram para importar de forma rotineira coca\u00edna do Paraguai para o Brasil. O piloto teria sido convidado a participar do esquema para fazer o transporte das drogas e ganharia R$ 50 mil para o servi\u00e7o, saindo de Belo Horizonte \u00e0s 7h e retornado \u00e0s 18h.<\/p>\n<h4><strong>Trajeto do helic\u00f3ptero<\/strong><\/h4>\n<p>Informa\u00e7\u00f5es sobre a origem da droga e o trajeto do helic\u00f3ptero ainda s\u00e3o objeto de investiga\u00e7\u00e3o. Segundo a Pol\u00edcia Federal, sabe-se que o helic\u00f3ptero esteve no Paraguai no dia 23 de novembro para buscar a droga. No mesmo dia, o entorpecente foi transportado para um lugar ainda indefinido, em S\u00e3o Paulo, e o helic\u00f3ptero foi guardado sem a droga no Aeroporto Campo de Marte. No dia seguinte, j\u00e1 com a pasta base de coca\u00edna, a aeronave realizou um pouso em Minas Gerais para abastecer, e depois seguiu viagem at\u00e9 o Esp\u00edrito Santo. N\u00e3o h\u00e1 informa\u00e7\u00f5es se o piloto que conduziu a aeronave at\u00e9 o pa\u00eds vizinho \u00e9 o mesmo que foi detido em Afonso Cl\u00e1udio.<\/p>\n<h4><strong>Custo do servi\u00e7o<\/strong><\/h4>\n<p>Ainda de acordo com o auto de pris\u00e3o, o grupo receberia mais de R$ 186 mil para fazer o transporte da droga. Com os suspeitos, a pol\u00edcia tamb\u00e9m apreendeu 11 aparelhos celulares, sendo dois deles com comunica\u00e7\u00e3o via sat\u00e9lite, e dois aparelhos GPS, com capacidade de navega\u00e7\u00e3o a\u00e9rea em grandes dist\u00e2ncias. (G1)<\/p>\n","protected":false},"excerpt":{"rendered":"<p>A Justi\u00e7a Federal mandou soltar os quatro acusados de envolvimento no transporte de quase meia tonelada de pasta base de coca\u00edna em um helic\u00f3ptero da fam\u00edlia Perrella, no interior Esp\u00edrito Santo. A aeronave foi apreendida em uma fazenda no munic\u00edpio de Afonso Cl\u00e1udio, na regi\u00e3o Serrana, em novembro de 2013. Ser\u00e3o soltos o piloto Rog\u00e9rio [&hellip;]<\/p>\n","protected":false},"author":1,"featured_media":26085,"comment_status":"open","ping_status":"closed","sticky":false,"template":"","format":"standard","meta":{"amp_status":"","footnotes":""},"categories":[123],"tags":[1018,6410,6409],"class_list":["post-26084","post","type-post","status-publish","format-standard","has-post-thumbnail","hentry","category-gerais","tag-destaque","tag-helicoptero-do-trafico","tag-justica-manda-soltar-acusados-de-trafico-em-helicoptero-da-familia-perrella"],"_links":{"self":[{"href":"https:\/\/aconteceunovale.com.br\/portal\/index.php?rest_route=\/wp\/v2\/posts\/26084","targetHints":{"allow":["GET"]}}],"collection":[{"href":"https:\/\/aconteceunovale.com.br\/portal\/index.php?rest_route=\/wp\/v2\/posts"}],"about":[{"href":"https:\/\/aconteceunovale.com.br\/portal\/index.php?rest_route=\/wp\/v2\/types\/post"}],"author":[{"embeddable":true,"href":"https:\/\/aconteceunovale.com.br\/portal\/index.php?rest_route=\/wp\/v2\/users\/1"}],"replies":[{"embeddable":true,"href":"https:\/\/aconteceunovale.com.br\/portal\/index.php?rest_route=%2Fwp%2Fv2%2Fcomments&post=26084"}],"version-history":[{"count":0,"href":"https:\/\/aconteceunovale.com.br\/portal\/index.php?rest_route=\/wp\/v2\/posts\/26084\/revisions"}],"wp:featuredmedia":[{"embeddable":true,"href":"https:\/\/aconteceunovale.com.br\/portal\/index.php?rest_route=\/wp\/v2\/media\/26085"}],"wp:attachment":[{"href":"https:\/\/aconteceunovale.com.br\/portal\/index.php?rest_route=%2Fwp%2Fv2%2Fmedia&parent=26084"}],"wp:term":[{"taxonomy":"category","embeddable":true,"href":"https:\/\/aconteceunovale.com.br\/portal\/index.php?rest_route=%2Fwp%2Fv2%2Fcategories&post=26084"},{"taxonomy":"post_tag","embeddable":true,"href":"https:\/\/aconteceunovale.com.br\/portal\/index.php?rest_route=%2Fwp%2Fv2%2Ftags&post=26084"}],"curies":[{"name":"wp","href":"https:\/\/api.w.org\/{rel}","templated":true}]}}