{"id":26078,"date":"2014-04-08T09:47:37","date_gmt":"2014-04-08T12:47:37","guid":{"rendered":"http:\/\/aconteceunovale.com.br\/portal\/?p=26078"},"modified":"2014-04-08T10:03:57","modified_gmt":"2014-04-08T13:03:57","slug":"acidente-entre-caminhao-e-dois-carros-deixa-dois-mortos-no-trecho-entre-engenheiro-dolabela-e-joaquim-felicio","status":"publish","type":"post","link":"https:\/\/aconteceunovale.com.br\/portal\/?p=26078","title":{"rendered":"Acidente entre caminh\u00e3o e dois carros deixa dois mortos no trecho entre Engenheiro Dolabela e Joaquim Fel\u00edcio"},"content":{"rendered":"<p>Dois motoristas morreram em um grave acidente na tarde de ontem, 07 de abril, na altura do KM 472 da BR-135, no trecho entre os trevos de acesso \u00e0 Engenheiro Dolabela e Joaquim Fel\u00edcio, no Norte de Minas Gerais.<\/p>\n<p>De acordo com informa\u00e7\u00f5es do 7\u00ba Batalh\u00e3o do Corpo de Bombeiros de Montes Claros, a colis\u00e3o entre um caminh\u00e3o placa GYS-2525 de Bocaiuva\/MG, um Fiorino placa AVC-2174 de Curitiba\/PR e um Honda Civic EAA-9042 de Montes Claros\/MG vitimou o motorista do Fiorino Sebasti\u00e3o Carlos Ferreira e o motorista do Honda Civic Natalino Gon\u00e7alves Oliveira. O motorista do caminh\u00e3o n\u00e3o sofreu ferimentos.<\/p>\n<p>Ainda de acordo com o Corpo de Bombeiros, chovia no momento do acidente.<\/p>\n<p><img decoding=\"async\" src=\"http:\/\/aconteceunovale.com.br\/portal\/wp-content\/uploads\/2014\/04\/acidente_135_07_04_2014.jpg\" alt=\"\" \/><br \/>\n<strong>(Foto: Divulga\u00e7\u00e3o Corpo de Bombeiros)<\/strong><br \/>\n<\/br><\/p>\n<h4>ALERTA DO CORPO DE BOMBEIROS<\/h4>\n<p>O Corpo de Bombeiros alerta aos motoristas que em caso de chuva, recomenda-se diminuir a velocidade, acender os far\u00f3is baixos, aumentar a dist\u00e2ncia de seguran\u00e7a entre o ve\u00edculo da frente  e o de tr\u00e1s e tamb\u00e9m redobrar a aten\u00e7\u00e3o devido \u00e0 pista que se torna escorregadia.<\/p>\n","protected":false},"excerpt":{"rendered":"<p>Dois motoristas morreram em um grave acidente na tarde de ontem, 07 de abril, na altura do KM 472 da BR-135, no trecho entre os trevos de acesso \u00e0 Engenheiro Dolabela e Joaquim Fel\u00edcio, no Norte de Minas Gerais. De acordo com informa\u00e7\u00f5es do 7\u00ba Batalh\u00e3o do Corpo de Bombeiros de Montes Claros, a colis\u00e3o [&hellip;]<\/p>\n","protected":false},"author":1,"featured_media":26079,"comment_status":"open","ping_status":"closed","sticky":false,"template":"","format":"standard","meta":{"amp_status":"","footnotes":""},"categories":[1236],"tags":[6407,645,1018,2010,1043,210],"class_list":["post-26078","post","type-post","status-publish","format-standard","has-post-thumbnail","hentry","category-norte_de_minas","tag-acidente-entre-caminhao-e-dois-carros-deixa-dois-mortos-no-trecho-entre-engenheiro-dolabela-e-joaquim-felicio","tag-bocaiuva","tag-destaque","tag-engenheiro-dolabela","tag-joaquim-felicio","tag-montes-claros"],"_links":{"self":[{"href":"https:\/\/aconteceunovale.com.br\/portal\/index.php?rest_route=\/wp\/v2\/posts\/26078","targetHints":{"allow":["GET"]}}],"collection":[{"href":"https:\/\/aconteceunovale.com.br\/portal\/index.php?rest_route=\/wp\/v2\/posts"}],"about":[{"href":"https:\/\/aconteceunovale.com.br\/portal\/index.php?rest_route=\/wp\/v2\/types\/post"}],"author":[{"embeddable":true,"href":"https:\/\/aconteceunovale.com.br\/portal\/index.php?rest_route=\/wp\/v2\/users\/1"}],"replies":[{"embeddable":true,"href":"https:\/\/aconteceunovale.com.br\/portal\/index.php?rest_route=%2Fwp%2Fv2%2Fcomments&post=26078"}],"version-history":[{"count":0,"href":"https:\/\/aconteceunovale.com.br\/portal\/index.php?rest_route=\/wp\/v2\/posts\/26078\/revisions"}],"wp:featuredmedia":[{"embeddable":true,"href":"https:\/\/aconteceunovale.com.br\/portal\/index.php?rest_route=\/wp\/v2\/media\/26079"}],"wp:attachment":[{"href":"https:\/\/aconteceunovale.com.br\/portal\/index.php?rest_route=%2Fwp%2Fv2%2Fmedia&parent=26078"}],"wp:term":[{"taxonomy":"category","embeddable":true,"href":"https:\/\/aconteceunovale.com.br\/portal\/index.php?rest_route=%2Fwp%2Fv2%2Fcategories&post=26078"},{"taxonomy":"post_tag","embeddable":true,"href":"https:\/\/aconteceunovale.com.br\/portal\/index.php?rest_route=%2Fwp%2Fv2%2Ftags&post=26078"}],"curies":[{"name":"wp","href":"https:\/\/api.w.org\/{rel}","templated":true}]}}