{"id":26066,"date":"2014-04-08T00:12:19","date_gmt":"2014-04-08T03:12:19","guid":{"rendered":"http:\/\/aconteceunovale.com.br\/portal\/?p=26066"},"modified":"2014-04-08T00:12:19","modified_gmt":"2014-04-08T03:12:19","slug":"interdicao-da-cadeia-publica-de-sabinopolis-causa-preocupacao-aos-detentos-e-seus-familiares","status":"publish","type":"post","link":"https:\/\/aconteceunovale.com.br\/portal\/?p=26066","title":{"rendered":"Interdi\u00e7\u00e3o da cadeia p\u00fablica de Sabin\u00f3polis causa preocupa\u00e7\u00e3o aos detentos e seus familiares"},"content":{"rendered":"<p>A comunidade de Sabin\u00f3polis surpreendida no \u00faltimo dia 03 de abril, com a not\u00edcia da interdi\u00e7\u00e3o da cadeia p\u00fablica do munic\u00edpio. A insatisfa\u00e7\u00e3o quanto \u00e0 decis\u00e3o da justi\u00e7a, atingiu n\u00e3o s\u00f3 os familiares dos detentos, como tamb\u00e9m grande maioria da popula\u00e7\u00e3o. Em um movimento promovido por parentes dos detentos e funcion\u00e1rios da cadeia, est\u00e3o de forma organizada, colhendo assinaturas junto a todos aqueles que se mostram contr\u00e1rios \u00e0 interdi\u00e7\u00e3o e pretendem ainda, realizar uma manifesta\u00e7\u00e3o no pr\u00f3ximo dia 10\/04, logo ap\u00f3s hor\u00e1rio de visitas, na porta do f\u00f3rum da cidade.<\/p>\n<p>De acordo com familiares dos detentos, constitui direito do preso, cumprir pena pr\u00f3ximo \u00e0 fam\u00edlia, facilitando assim a visita\u00e7\u00e3o, bem como a assist\u00eancia familiar, tendo em vista que parte dos custodiados que cumprem pena na cadeia, executam trabalhos artesanais no interior de suas celas e ao vender esses objetos, repassam o dinheiro adquirido a seus familiares, ajudando assim na renda da casa. Afirmam ainda, que com a transfer\u00eancia dos detentos para outras cidades, ficar\u00e1 imposs\u00edvel o acompanhamento atrav\u00e9s das visitas, uma vez que a maioria \u00e9 de origem pobre.<\/p>\n<p>Conforme relato de funcion\u00e1rios, apesar de ser uma cadeia de constru\u00e7\u00e3o antiga, o cumprimento de pena na comarca tem sido fiel, e acreditam que uma reforma seria a melhor solu\u00e7\u00e3o, sendo que os pr\u00f3prios detentos manifestam interesse na ajuda com a m\u00e3o de obra. \u201dFicamos a merc\u00ea do poder p\u00fablico, sair de nossas casas pra ir at\u00e9 esta cadeia j\u00e1 \u00e9 dif\u00edcil, pois temos de trabalhar e cuidar de nossas obriga\u00e7\u00f5es, agora ter que deslocar pra outra cidade pra visitar, se tornar\u00e1 mais dif\u00edcil ainda. J\u00e1 \u00e9 uma grande dificuldade pagar um advogado para acompanhar o processo com a cadeia t\u00e3o pr\u00f3xima, imagina como iremos pagar para que o advogado v\u00e1 at\u00e9 a unidade prisional onde nossos parentes estar\u00e3o?\u201d Comentou uma parente.<\/p>\n<p><iframe loading=\"lazy\" width=\"640\" height=\"360\" src=\"\/\/www.youtube.com\/embed\/fjp3_mp85Fc\" frameborder=\"0\" allowfullscreen><\/iframe><\/p>\n","protected":false},"excerpt":{"rendered":"<p>A comunidade de Sabin\u00f3polis surpreendida no \u00faltimo dia 03 de abril, com a not\u00edcia da interdi\u00e7\u00e3o da cadeia p\u00fablica do munic\u00edpio. A insatisfa\u00e7\u00e3o quanto \u00e0 decis\u00e3o da justi\u00e7a, atingiu n\u00e3o s\u00f3 os familiares dos detentos, como tamb\u00e9m grande maioria da popula\u00e7\u00e3o. Em um movimento promovido por parentes dos detentos e funcion\u00e1rios da cadeia, est\u00e3o de [&hellip;]<\/p>\n","protected":false},"author":1,"featured_media":24586,"comment_status":"open","ping_status":"closed","sticky":false,"template":"","format":"standard","meta":{"amp_status":"","footnotes":""},"categories":[121],"tags":[6402,310],"class_list":["post-26066","post","type-post","status-publish","format-standard","has-post-thumbnail","hentry","category-leste","tag-interdicao-da-cadeia-publica-de-sabinopolis-causa-preocupacao-aos-detentos-e-seus-familiares","tag-sabinopolis"],"yoast_head":"<!-- This site is optimized with the Yoast SEO plugin v28.3 - https:\/\/yoast.com\/product\/yoast-seo-wordpress\/ -->\n<title>Interdi\u00e7\u00e3o da cadeia p\u00fablica de Sabin\u00f3polis causa preocupa\u00e7\u00e3o aos detentos e seus familiares - Aconteceu no Vale<\/title>\n<meta name=\"robots\" content=\"index, follow, max-snippet:-1, max-image-preview:large, max-video-preview:-1\" \/>\n<link rel=\"canonical\" href=\"https:\/\/aconteceunovale.com.br\/portal\/?p=26066\" \/>\n<meta property=\"og:locale\" content=\"pt_BR\" \/>\n<meta property=\"og:type\" content=\"article\" \/>\n<meta property=\"og:title\" content=\"Interdi\u00e7\u00e3o da cadeia p\u00fablica de Sabin\u00f3polis causa preocupa\u00e7\u00e3o aos detentos e seus familiares - Aconteceu no Vale\" \/>\n<meta property=\"og:description\" content=\"A comunidade de Sabin\u00f3polis surpreendida no \u00faltimo dia 03 de abril, com a not\u00edcia da interdi\u00e7\u00e3o da cadeia p\u00fablica do munic\u00edpio. A insatisfa\u00e7\u00e3o quanto \u00e0 decis\u00e3o da justi\u00e7a, atingiu n\u00e3o s\u00f3 os familiares dos detentos, como tamb\u00e9m grande maioria da popula\u00e7\u00e3o. Em um movimento promovido por parentes dos detentos e funcion\u00e1rios da cadeia, est\u00e3o de [&hellip;]\" \/>\n<meta property=\"og:url\" content=\"https:\/\/aconteceunovale.com.br\/portal\/?p=26066\" \/>\n<meta property=\"og:site_name\" content=\"Aconteceu no Vale\" \/>\n<meta property=\"article:publisher\" content=\"https:\/\/www.facebook.com\/aconteceunovale\/\" \/>\n<meta property=\"article:published_time\" content=\"2014-04-08T03:12:19+00:00\" \/>\n<meta property=\"og:image\" content=\"https:\/\/aconteceunovale.com.br\/portal\/wp-content\/uploads\/2014\/03\/sabinopolis_25.jpg\" \/>\n\t<meta property=\"og:image:width\" content=\"600\" \/>\n\t<meta property=\"og:image:height\" content=\"450\" \/>\n\t<meta property=\"og:image:type\" content=\"image\/jpeg\" \/>\n<meta name=\"author\" content=\"Aconteceu no Vale\" \/>\n<meta name=\"twitter:card\" content=\"summary_large_image\" \/>\n<meta name=\"twitter:creator\" content=\"@noticiadosvales\" \/>\n<meta name=\"twitter:site\" content=\"@noticiadosvales\" \/>\n<meta name=\"twitter:label1\" content=\"Escrito por\" \/>\n\t<meta name=\"twitter:data1\" content=\"Aconteceu no Vale\" \/>\n\t<meta name=\"twitter:label2\" content=\"Est. tempo de leitura\" \/>\n\t<meta name=\"twitter:data2\" content=\"2 minutos\" \/>\n<script type=\"application\/ld+json\" class=\"yoast-schema-graph\">{\"@context\":\"https:\\\/\\\/schema.org\",\"@graph\":[{\"@type\":\"Article\",\"@id\":\"https:\\\/\\\/aconteceunovale.com.br\\\/portal\\\/?p=26066#article\",\"isPartOf\":{\"@id\":\"https:\\\/\\\/aconteceunovale.com.br\\\/portal\\\/?p=26066\"},\"author\":{\"name\":\"Aconteceu no Vale\",\"@id\":\"https:\\\/\\\/aconteceunovale.com.br\\\/portal\\\/#\\\/schema\\\/person\\\/633529146f2c94272bef50ac2953d589\"},\"headline\":\"Interdi\u00e7\u00e3o da cadeia p\u00fablica de Sabin\u00f3polis causa preocupa\u00e7\u00e3o aos detentos e seus familiares\",\"datePublished\":\"2014-04-08T03:12:19+00:00\",\"mainEntityOfPage\":{\"@id\":\"https:\\\/\\\/aconteceunovale.com.br\\\/portal\\\/?p=26066\"},\"wordCount\":349,\"commentCount\":0,\"image\":{\"@id\":\"https:\\\/\\\/aconteceunovale.com.br\\\/portal\\\/?p=26066#primaryimage\"},\"thumbnailUrl\":\"https:\\\/\\\/aconteceunovale.com.br\\\/portal\\\/wp-content\\\/uploads\\\/2014\\\/03\\\/sabinopolis_25.jpg\",\"keywords\":[\"Interdi\u00e7\u00e3o da cadeia p\u00fablica de Sabin\u00f3polis causa preocupa\u00e7\u00e3o aos detentos e seus familiares\",\"Sabin\u00f3polis\"],\"articleSection\":[\"Leste de Minas\"],\"inLanguage\":\"pt-BR\",\"potentialAction\":[{\"@type\":\"CommentAction\",\"name\":\"Comment\",\"target\":[\"https:\\\/\\\/aconteceunovale.com.br\\\/portal\\\/?p=26066#respond\"]}]},{\"@type\":\"WebPage\",\"@id\":\"https:\\\/\\\/aconteceunovale.com.br\\\/portal\\\/?p=26066\",\"url\":\"https:\\\/\\\/aconteceunovale.com.br\\\/portal\\\/?p=26066\",\"name\":\"Interdi\u00e7\u00e3o da cadeia p\u00fablica de Sabin\u00f3polis causa preocupa\u00e7\u00e3o aos detentos e seus familiares - Aconteceu no Vale\",\"isPartOf\":{\"@id\":\"https:\\\/\\\/aconteceunovale.com.br\\\/portal\\\/#website\"},\"primaryImageOfPage\":{\"@id\":\"https:\\\/\\\/aconteceunovale.com.br\\\/portal\\\/?p=26066#primaryimage\"},\"image\":{\"@id\":\"https:\\\/\\\/aconteceunovale.com.br\\\/portal\\\/?p=26066#primaryimage\"},\"thumbnailUrl\":\"https:\\\/\\\/aconteceunovale.com.br\\\/portal\\\/wp-content\\\/uploads\\\/2014\\\/03\\\/sabinopolis_25.jpg\",\"datePublished\":\"2014-04-08T03:12:19+00:00\",\"author\":{\"@id\":\"https:\\\/\\\/aconteceunovale.com.br\\\/portal\\\/#\\\/schema\\\/person\\\/633529146f2c94272bef50ac2953d589\"},\"breadcrumb\":{\"@id\":\"https:\\\/\\\/aconteceunovale.com.br\\\/portal\\\/?p=26066#breadcrumb\"},\"inLanguage\":\"pt-BR\",\"potentialAction\":[{\"@type\":\"ReadAction\",\"target\":[\"https:\\\/\\\/aconteceunovale.com.br\\\/portal\\\/?p=26066\"]}]},{\"@type\":\"ImageObject\",\"inLanguage\":\"pt-BR\",\"@id\":\"https:\\\/\\\/aconteceunovale.com.br\\\/portal\\\/?p=26066#primaryimage\",\"url\":\"https:\\\/\\\/aconteceunovale.com.br\\\/portal\\\/wp-content\\\/uploads\\\/2014\\\/03\\\/sabinopolis_25.jpg\",\"contentUrl\":\"https:\\\/\\\/aconteceunovale.com.br\\\/portal\\\/wp-content\\\/uploads\\\/2014\\\/03\\\/sabinopolis_25.jpg\",\"width\":600,\"height\":450},{\"@type\":\"BreadcrumbList\",\"@id\":\"https:\\\/\\\/aconteceunovale.com.br\\\/portal\\\/?p=26066#breadcrumb\",\"itemListElement\":[{\"@type\":\"ListItem\",\"position\":1,\"name\":\"In\u00edcio\",\"item\":\"https:\\\/\\\/aconteceunovale.com.br\\\/portal\\\/\"},{\"@type\":\"ListItem\",\"position\":2,\"name\":\"Interdi\u00e7\u00e3o da cadeia p\u00fablica de Sabin\u00f3polis causa preocupa\u00e7\u00e3o aos detentos e seus familiares\"}]},{\"@type\":\"WebSite\",\"@id\":\"https:\\\/\\\/aconteceunovale.com.br\\\/portal\\\/#website\",\"url\":\"https:\\\/\\\/aconteceunovale.com.br\\\/portal\\\/\",\"name\":\"Aconteceu no Vale\",\"description\":\"Portal de Not\u00edcias\",\"potentialAction\":[{\"@type\":\"SearchAction\",\"target\":{\"@type\":\"EntryPoint\",\"urlTemplate\":\"https:\\\/\\\/aconteceunovale.com.br\\\/portal\\\/?s={search_term_string}\"},\"query-input\":{\"@type\":\"PropertyValueSpecification\",\"valueRequired\":true,\"valueName\":\"search_term_string\"}}],\"inLanguage\":\"pt-BR\"},{\"@type\":\"Person\",\"@id\":\"https:\\\/\\\/aconteceunovale.com.br\\\/portal\\\/#\\\/schema\\\/person\\\/633529146f2c94272bef50ac2953d589\",\"name\":\"Aconteceu no Vale\",\"description\":\"Equipe de reportagem do Aconteceu no Vale, portal de not\u00edcias do Vale do Jequitinhonha, em Minas Gerais. Cobrimos as 51 cidades do Vale desde 2013. Sugest\u00f5es de pauta e pedidos de corre\u00e7\u00e3o: contato@aconteceunovale.com.br\",\"sameAs\":[\"http:\\\/\\\/www.aconteceunovale.com.br\"],\"url\":\"https:\\\/\\\/aconteceunovale.com.br\\\/portal\\\/?author=1\"}]}<\/script>\n<!-- \/ Yoast SEO plugin. -->","yoast_head_json":{"title":"Interdi\u00e7\u00e3o da cadeia p\u00fablica de Sabin\u00f3polis causa preocupa\u00e7\u00e3o aos detentos e seus familiares - Aconteceu no Vale","robots":{"index":"index","follow":"follow","max-snippet":"max-snippet:-1","max-image-preview":"max-image-preview:large","max-video-preview":"max-video-preview:-1"},"canonical":"https:\/\/aconteceunovale.com.br\/portal\/?p=26066","og_locale":"pt_BR","og_type":"article","og_title":"Interdi\u00e7\u00e3o da cadeia p\u00fablica de Sabin\u00f3polis causa preocupa\u00e7\u00e3o aos detentos e seus familiares - Aconteceu no Vale","og_description":"A comunidade de Sabin\u00f3polis surpreendida no \u00faltimo dia 03 de abril, com a not\u00edcia da interdi\u00e7\u00e3o da cadeia p\u00fablica do munic\u00edpio. A insatisfa\u00e7\u00e3o quanto \u00e0 decis\u00e3o da justi\u00e7a, atingiu n\u00e3o s\u00f3 os familiares dos detentos, como tamb\u00e9m grande maioria da popula\u00e7\u00e3o. Em um movimento promovido por parentes dos detentos e funcion\u00e1rios da cadeia, est\u00e3o de [&hellip;]","og_url":"https:\/\/aconteceunovale.com.br\/portal\/?p=26066","og_site_name":"Aconteceu no Vale","article_publisher":"https:\/\/www.facebook.com\/aconteceunovale\/","article_published_time":"2014-04-08T03:12:19+00:00","og_image":[{"width":600,"height":450,"url":"https:\/\/aconteceunovale.com.br\/portal\/wp-content\/uploads\/2014\/03\/sabinopolis_25.jpg","type":"image\/jpeg"}],"author":"Aconteceu no Vale","twitter_card":"summary_large_image","twitter_creator":"@noticiadosvales","twitter_site":"@noticiadosvales","twitter_misc":{"Escrito por":"Aconteceu no Vale","Est. tempo de leitura":"2 minutos"},"schema":{"@context":"https:\/\/schema.org","@graph":[{"@type":"Article","@id":"https:\/\/aconteceunovale.com.br\/portal\/?p=26066#article","isPartOf":{"@id":"https:\/\/aconteceunovale.com.br\/portal\/?p=26066"},"author":{"name":"Aconteceu no Vale","@id":"https:\/\/aconteceunovale.com.br\/portal\/#\/schema\/person\/633529146f2c94272bef50ac2953d589"},"headline":"Interdi\u00e7\u00e3o da cadeia p\u00fablica de Sabin\u00f3polis causa preocupa\u00e7\u00e3o aos detentos e seus familiares","datePublished":"2014-04-08T03:12:19+00:00","mainEntityOfPage":{"@id":"https:\/\/aconteceunovale.com.br\/portal\/?p=26066"},"wordCount":349,"commentCount":0,"image":{"@id":"https:\/\/aconteceunovale.com.br\/portal\/?p=26066#primaryimage"},"thumbnailUrl":"https:\/\/aconteceunovale.com.br\/portal\/wp-content\/uploads\/2014\/03\/sabinopolis_25.jpg","keywords":["Interdi\u00e7\u00e3o da cadeia p\u00fablica de Sabin\u00f3polis causa preocupa\u00e7\u00e3o aos detentos e seus familiares","Sabin\u00f3polis"],"articleSection":["Leste de Minas"],"inLanguage":"pt-BR","potentialAction":[{"@type":"CommentAction","name":"Comment","target":["https:\/\/aconteceunovale.com.br\/portal\/?p=26066#respond"]}]},{"@type":"WebPage","@id":"https:\/\/aconteceunovale.com.br\/portal\/?p=26066","url":"https:\/\/aconteceunovale.com.br\/portal\/?p=26066","name":"Interdi\u00e7\u00e3o da cadeia p\u00fablica de Sabin\u00f3polis causa preocupa\u00e7\u00e3o aos detentos e seus familiares - Aconteceu no Vale","isPartOf":{"@id":"https:\/\/aconteceunovale.com.br\/portal\/#website"},"primaryImageOfPage":{"@id":"https:\/\/aconteceunovale.com.br\/portal\/?p=26066#primaryimage"},"image":{"@id":"https:\/\/aconteceunovale.com.br\/portal\/?p=26066#primaryimage"},"thumbnailUrl":"https:\/\/aconteceunovale.com.br\/portal\/wp-content\/uploads\/2014\/03\/sabinopolis_25.jpg","datePublished":"2014-04-08T03:12:19+00:00","author":{"@id":"https:\/\/aconteceunovale.com.br\/portal\/#\/schema\/person\/633529146f2c94272bef50ac2953d589"},"breadcrumb":{"@id":"https:\/\/aconteceunovale.com.br\/portal\/?p=26066#breadcrumb"},"inLanguage":"pt-BR","potentialAction":[{"@type":"ReadAction","target":["https:\/\/aconteceunovale.com.br\/portal\/?p=26066"]}]},{"@type":"ImageObject","inLanguage":"pt-BR","@id":"https:\/\/aconteceunovale.com.br\/portal\/?p=26066#primaryimage","url":"https:\/\/aconteceunovale.com.br\/portal\/wp-content\/uploads\/2014\/03\/sabinopolis_25.jpg","contentUrl":"https:\/\/aconteceunovale.com.br\/portal\/wp-content\/uploads\/2014\/03\/sabinopolis_25.jpg","width":600,"height":450},{"@type":"BreadcrumbList","@id":"https:\/\/aconteceunovale.com.br\/portal\/?p=26066#breadcrumb","itemListElement":[{"@type":"ListItem","position":1,"name":"In\u00edcio","item":"https:\/\/aconteceunovale.com.br\/portal\/"},{"@type":"ListItem","position":2,"name":"Interdi\u00e7\u00e3o da cadeia p\u00fablica de Sabin\u00f3polis causa preocupa\u00e7\u00e3o aos detentos e seus familiares"}]},{"@type":"WebSite","@id":"https:\/\/aconteceunovale.com.br\/portal\/#website","url":"https:\/\/aconteceunovale.com.br\/portal\/","name":"Aconteceu no Vale","description":"Portal de Not\u00edcias","potentialAction":[{"@type":"SearchAction","target":{"@type":"EntryPoint","urlTemplate":"https:\/\/aconteceunovale.com.br\/portal\/?s={search_term_string}"},"query-input":{"@type":"PropertyValueSpecification","valueRequired":true,"valueName":"search_term_string"}}],"inLanguage":"pt-BR"},{"@type":"Person","@id":"https:\/\/aconteceunovale.com.br\/portal\/#\/schema\/person\/633529146f2c94272bef50ac2953d589","name":"Aconteceu no Vale","description":"Equipe de reportagem do Aconteceu no Vale, portal de not\u00edcias do Vale do Jequitinhonha, em Minas Gerais. Cobrimos as 51 cidades do Vale desde 2013. Sugest\u00f5es de pauta e pedidos de corre\u00e7\u00e3o: contato@aconteceunovale.com.br","sameAs":["http:\/\/www.aconteceunovale.com.br"],"url":"https:\/\/aconteceunovale.com.br\/portal\/?author=1"}]}},"_links":{"self":[{"href":"https:\/\/aconteceunovale.com.br\/portal\/index.php?rest_route=\/wp\/v2\/posts\/26066","targetHints":{"allow":["GET"]}}],"collection":[{"href":"https:\/\/aconteceunovale.com.br\/portal\/index.php?rest_route=\/wp\/v2\/posts"}],"about":[{"href":"https:\/\/aconteceunovale.com.br\/portal\/index.php?rest_route=\/wp\/v2\/types\/post"}],"author":[{"embeddable":true,"href":"https:\/\/aconteceunovale.com.br\/portal\/index.php?rest_route=\/wp\/v2\/users\/1"}],"replies":[{"embeddable":true,"href":"https:\/\/aconteceunovale.com.br\/portal\/index.php?rest_route=%2Fwp%2Fv2%2Fcomments&post=26066"}],"version-history":[{"count":0,"href":"https:\/\/aconteceunovale.com.br\/portal\/index.php?rest_route=\/wp\/v2\/posts\/26066\/revisions"}],"wp:featuredmedia":[{"embeddable":true,"href":"https:\/\/aconteceunovale.com.br\/portal\/index.php?rest_route=\/wp\/v2\/media\/24586"}],"wp:attachment":[{"href":"https:\/\/aconteceunovale.com.br\/portal\/index.php?rest_route=%2Fwp%2Fv2%2Fmedia&parent=26066"}],"wp:term":[{"taxonomy":"category","embeddable":true,"href":"https:\/\/aconteceunovale.com.br\/portal\/index.php?rest_route=%2Fwp%2Fv2%2Fcategories&post=26066"},{"taxonomy":"post_tag","embeddable":true,"href":"https:\/\/aconteceunovale.com.br\/portal\/index.php?rest_route=%2Fwp%2Fv2%2Ftags&post=26066"}],"curies":[{"name":"wp","href":"https:\/\/api.w.org\/{rel}","templated":true}]}}