{"id":26024,"date":"2014-04-07T15:54:03","date_gmt":"2014-04-07T18:54:03","guid":{"rendered":"http:\/\/aconteceunovale.com.br\/portal\/?p=26024"},"modified":"2014-04-07T15:54:03","modified_gmt":"2014-04-07T18:54:03","slug":"liminar-cancela-contrato-e-afasta-secretaria-de-saude-de-caratinga","status":"publish","type":"post","link":"https:\/\/aconteceunovale.com.br\/portal\/?p=26024","title":{"rendered":"Liminar cancela contrato e afasta secret\u00e1ria de Sa\u00fade de Caratinga"},"content":{"rendered":"<p>Uma liminar da Justi\u00e7a mineira suspendeu o contrato entre o Di\u00e1rio das Gerais e a Prefeitura de Caratinga, no Vale do Rio Doce, e afastou a secret\u00e1ria de Sa\u00fade do munic\u00edpio. A decis\u00e3o atende a um pedido do Minist\u00e9rio P\u00fablico que apontou irregularidades na licita\u00e7\u00e3o que contratou o ve\u00edculo de comunica\u00e7\u00e3o para prestar servi\u00e7os \u00e0 administra\u00e7\u00e3o.<\/p>\n<p>Conforme o inqu\u00e9rito civil p\u00fablico, a propriet\u00e1ria do Di\u00e1rio das Gerais, a enfermeira Nat\u00e1lia de Almeida Costa, j\u00e1 era funcion\u00e1ria da prefeitura na \u00e9poca do processo licitat\u00f3rio e n\u00e3o poderia participar da concorr\u00eancia p\u00fablica. Al\u00e9m disso, a investiga\u00e7\u00e3o apontou que ela foi favorecida pela secret\u00e1ria de Sa\u00fade, Sueli de Oliveira Amorim, que na \u00e9poca era superintendente operacional de Sa\u00fade da Prefeitura e deixou de comunicar a admiss\u00e3o da enfermeira ao Departamento de Recursos Humanos.<\/p>\n<p>Na ocasi\u00e3o, o fato chegou a ser denunciado, mas como os dados n\u00e3o constavam no Departamento de Recursos Humanos, a licita\u00e7\u00e3o foi mantida e o Jornal das Gerais foi o vencedor. De acordo com o MP, Sueli ainda chegou a determinar a um servidor p\u00fablico que exclu\u00edsse os registros existentes no Cadastro Nacional de Estabelecimentos de Sa\u00fade (CNES), mantido pelo Minist\u00e9rio da Sa\u00fade, no qual a o nome de Nat\u00e1lia constava como enfermeira respons\u00e1vel por um Posto de Sa\u00fade do munic\u00edpio.<\/p>\n<p>Dessa forma, a Justi\u00e7a suspendeu o contrato entre o jornal e a prefeitura e determinou o bloqueio dos bens do Di\u00e1rio das Gerais, de sua propriet\u00e1ria e da secret\u00e1ria de Sa\u00fade, at\u00e9 tr\u00eas vezes o suposto preju\u00edzo, de R$ 180.360,20, totalizando R$ 541.080,06 para cada um. Al\u00e9m da secret\u00e1ria de sa\u00fade, a enfermeira tamb\u00e9m deve ser afastada do cargo e, caso a decis\u00e3o seja desrespeitada, os acusados ficam sujeitos \u00e0 multa de R$ 100 mil, o Jornal poder\u00e1 ser interditado e o prefeito Marco Antonio Ferraz Junqueira (PTB) poder\u00e1 responder por crime de responsabilidade.<\/p>\n<p>A Prefeitura e a secret\u00e1ria de Sa\u00fade de Caratinga ainda n\u00e3o se pronunciaram sobre o assunto. J\u00e1 a propriet\u00e1ria do Di\u00e1rio das Gerais, Nat\u00e1lia de Almeida, n\u00e3o foi encontrada para comentar a decis\u00e3o. <em>(Hoje em Dia)<\/em><\/p>\n","protected":false},"excerpt":{"rendered":"<p>Uma liminar da Justi\u00e7a mineira suspendeu o contrato entre o Di\u00e1rio das Gerais e a Prefeitura de Caratinga, no Vale do Rio Doce, e afastou a secret\u00e1ria de Sa\u00fade do munic\u00edpio. A decis\u00e3o atende a um pedido do Minist\u00e9rio P\u00fablico que apontou irregularidades na licita\u00e7\u00e3o que contratou o ve\u00edculo de comunica\u00e7\u00e3o para prestar servi\u00e7os \u00e0 [&hellip;]<\/p>\n","protected":false},"author":1,"featured_media":26025,"comment_status":"open","ping_status":"closed","sticky":false,"template":"","format":"standard","meta":{"amp_status":"","footnotes":""},"categories":[121],"tags":[237,6391],"class_list":["post-26024","post","type-post","status-publish","format-standard","has-post-thumbnail","hentry","category-leste","tag-caratinga","tag-liminar-cancela-contrato-e-afasta-secretaria-de-saude-de-caratinga"],"yoast_head":"<!-- This site is optimized with the Yoast SEO plugin v28.3 - https:\/\/yoast.com\/product\/yoast-seo-wordpress\/ -->\n<title>Liminar cancela contrato e afasta secret\u00e1ria de Sa\u00fade de Caratinga - Aconteceu no Vale<\/title>\n<meta name=\"robots\" content=\"index, follow, max-snippet:-1, max-image-preview:large, max-video-preview:-1\" \/>\n<link rel=\"canonical\" href=\"https:\/\/aconteceunovale.com.br\/portal\/?p=26024\" \/>\n<meta property=\"og:locale\" content=\"pt_BR\" \/>\n<meta property=\"og:type\" content=\"article\" \/>\n<meta property=\"og:title\" content=\"Liminar cancela contrato e afasta secret\u00e1ria de Sa\u00fade de Caratinga - Aconteceu no Vale\" \/>\n<meta property=\"og:description\" content=\"Uma liminar da Justi\u00e7a mineira suspendeu o contrato entre o Di\u00e1rio das Gerais e a Prefeitura de Caratinga, no Vale do Rio Doce, e afastou a secret\u00e1ria de Sa\u00fade do munic\u00edpio. A decis\u00e3o atende a um pedido do Minist\u00e9rio P\u00fablico que apontou irregularidades na licita\u00e7\u00e3o que contratou o ve\u00edculo de comunica\u00e7\u00e3o para prestar servi\u00e7os \u00e0 [&hellip;]\" \/>\n<meta property=\"og:url\" content=\"https:\/\/aconteceunovale.com.br\/portal\/?p=26024\" \/>\n<meta property=\"og:site_name\" content=\"Aconteceu no Vale\" \/>\n<meta property=\"article:publisher\" content=\"https:\/\/www.facebook.com\/aconteceunovale\/\" \/>\n<meta property=\"article:published_time\" content=\"2014-04-07T18:54:03+00:00\" \/>\n<meta property=\"og:image\" content=\"https:\/\/aconteceunovale.com.br\/portal\/wp-content\/uploads\/2014\/04\/caratinga_mg_07_04.jpg\" \/>\n\t<meta property=\"og:image:width\" content=\"650\" \/>\n\t<meta property=\"og:image:height\" content=\"435\" \/>\n\t<meta property=\"og:image:type\" content=\"image\/jpeg\" \/>\n<meta name=\"author\" content=\"Aconteceu no Vale\" \/>\n<meta name=\"twitter:card\" content=\"summary_large_image\" \/>\n<meta name=\"twitter:creator\" content=\"@noticiadosvales\" \/>\n<meta name=\"twitter:site\" content=\"@noticiadosvales\" \/>\n<meta name=\"twitter:label1\" content=\"Escrito por\" \/>\n\t<meta name=\"twitter:data1\" content=\"Aconteceu no Vale\" \/>\n\t<meta name=\"twitter:label2\" content=\"Est. tempo de leitura\" \/>\n\t<meta name=\"twitter:data2\" content=\"2 minutos\" \/>\n<script type=\"application\/ld+json\" class=\"yoast-schema-graph\">{\"@context\":\"https:\\\/\\\/schema.org\",\"@graph\":[{\"@type\":\"Article\",\"@id\":\"https:\\\/\\\/aconteceunovale.com.br\\\/portal\\\/?p=26024#article\",\"isPartOf\":{\"@id\":\"https:\\\/\\\/aconteceunovale.com.br\\\/portal\\\/?p=26024\"},\"author\":{\"name\":\"Aconteceu no Vale\",\"@id\":\"https:\\\/\\\/aconteceunovale.com.br\\\/portal\\\/#\\\/schema\\\/person\\\/633529146f2c94272bef50ac2953d589\"},\"headline\":\"Liminar cancela contrato e afasta secret\u00e1ria de Sa\u00fade de Caratinga\",\"datePublished\":\"2014-04-07T18:54:03+00:00\",\"mainEntityOfPage\":{\"@id\":\"https:\\\/\\\/aconteceunovale.com.br\\\/portal\\\/?p=26024\"},\"wordCount\":409,\"commentCount\":0,\"image\":{\"@id\":\"https:\\\/\\\/aconteceunovale.com.br\\\/portal\\\/?p=26024#primaryimage\"},\"thumbnailUrl\":\"https:\\\/\\\/aconteceunovale.com.br\\\/portal\\\/wp-content\\\/uploads\\\/2014\\\/04\\\/caratinga_mg_07_04.jpg\",\"keywords\":[\"Caratinga\",\"Liminar cancela contrato e afasta secret\u00e1ria de Sa\u00fade de Caratinga\"],\"articleSection\":[\"Leste de Minas\"],\"inLanguage\":\"pt-BR\",\"potentialAction\":[{\"@type\":\"CommentAction\",\"name\":\"Comment\",\"target\":[\"https:\\\/\\\/aconteceunovale.com.br\\\/portal\\\/?p=26024#respond\"]}]},{\"@type\":\"WebPage\",\"@id\":\"https:\\\/\\\/aconteceunovale.com.br\\\/portal\\\/?p=26024\",\"url\":\"https:\\\/\\\/aconteceunovale.com.br\\\/portal\\\/?p=26024\",\"name\":\"Liminar cancela contrato e afasta secret\u00e1ria de Sa\u00fade de Caratinga - Aconteceu no Vale\",\"isPartOf\":{\"@id\":\"https:\\\/\\\/aconteceunovale.com.br\\\/portal\\\/#website\"},\"primaryImageOfPage\":{\"@id\":\"https:\\\/\\\/aconteceunovale.com.br\\\/portal\\\/?p=26024#primaryimage\"},\"image\":{\"@id\":\"https:\\\/\\\/aconteceunovale.com.br\\\/portal\\\/?p=26024#primaryimage\"},\"thumbnailUrl\":\"https:\\\/\\\/aconteceunovale.com.br\\\/portal\\\/wp-content\\\/uploads\\\/2014\\\/04\\\/caratinga_mg_07_04.jpg\",\"datePublished\":\"2014-04-07T18:54:03+00:00\",\"author\":{\"@id\":\"https:\\\/\\\/aconteceunovale.com.br\\\/portal\\\/#\\\/schema\\\/person\\\/633529146f2c94272bef50ac2953d589\"},\"breadcrumb\":{\"@id\":\"https:\\\/\\\/aconteceunovale.com.br\\\/portal\\\/?p=26024#breadcrumb\"},\"inLanguage\":\"pt-BR\",\"potentialAction\":[{\"@type\":\"ReadAction\",\"target\":[\"https:\\\/\\\/aconteceunovale.com.br\\\/portal\\\/?p=26024\"]}]},{\"@type\":\"ImageObject\",\"inLanguage\":\"pt-BR\",\"@id\":\"https:\\\/\\\/aconteceunovale.com.br\\\/portal\\\/?p=26024#primaryimage\",\"url\":\"https:\\\/\\\/aconteceunovale.com.br\\\/portal\\\/wp-content\\\/uploads\\\/2014\\\/04\\\/caratinga_mg_07_04.jpg\",\"contentUrl\":\"https:\\\/\\\/aconteceunovale.com.br\\\/portal\\\/wp-content\\\/uploads\\\/2014\\\/04\\\/caratinga_mg_07_04.jpg\",\"width\":650,\"height\":435},{\"@type\":\"BreadcrumbList\",\"@id\":\"https:\\\/\\\/aconteceunovale.com.br\\\/portal\\\/?p=26024#breadcrumb\",\"itemListElement\":[{\"@type\":\"ListItem\",\"position\":1,\"name\":\"In\u00edcio\",\"item\":\"https:\\\/\\\/aconteceunovale.com.br\\\/portal\\\/\"},{\"@type\":\"ListItem\",\"position\":2,\"name\":\"Liminar cancela contrato e afasta secret\u00e1ria de Sa\u00fade de Caratinga\"}]},{\"@type\":\"WebSite\",\"@id\":\"https:\\\/\\\/aconteceunovale.com.br\\\/portal\\\/#website\",\"url\":\"https:\\\/\\\/aconteceunovale.com.br\\\/portal\\\/\",\"name\":\"Aconteceu no Vale\",\"description\":\"Portal de Not\u00edcias\",\"potentialAction\":[{\"@type\":\"SearchAction\",\"target\":{\"@type\":\"EntryPoint\",\"urlTemplate\":\"https:\\\/\\\/aconteceunovale.com.br\\\/portal\\\/?s={search_term_string}\"},\"query-input\":{\"@type\":\"PropertyValueSpecification\",\"valueRequired\":true,\"valueName\":\"search_term_string\"}}],\"inLanguage\":\"pt-BR\"},{\"@type\":\"Person\",\"@id\":\"https:\\\/\\\/aconteceunovale.com.br\\\/portal\\\/#\\\/schema\\\/person\\\/633529146f2c94272bef50ac2953d589\",\"name\":\"Aconteceu no Vale\",\"description\":\"Equipe de reportagem do Aconteceu no Vale, portal de not\u00edcias do Vale do Jequitinhonha, em Minas Gerais. Cobrimos as 51 cidades do Vale desde 2013. Sugest\u00f5es de pauta e pedidos de corre\u00e7\u00e3o: contato@aconteceunovale.com.br\",\"sameAs\":[\"http:\\\/\\\/www.aconteceunovale.com.br\"],\"url\":\"https:\\\/\\\/aconteceunovale.com.br\\\/portal\\\/?author=1\"}]}<\/script>\n<!-- \/ Yoast SEO plugin. -->","yoast_head_json":{"title":"Liminar cancela contrato e afasta secret\u00e1ria de Sa\u00fade de Caratinga - Aconteceu no Vale","robots":{"index":"index","follow":"follow","max-snippet":"max-snippet:-1","max-image-preview":"max-image-preview:large","max-video-preview":"max-video-preview:-1"},"canonical":"https:\/\/aconteceunovale.com.br\/portal\/?p=26024","og_locale":"pt_BR","og_type":"article","og_title":"Liminar cancela contrato e afasta secret\u00e1ria de Sa\u00fade de Caratinga - Aconteceu no Vale","og_description":"Uma liminar da Justi\u00e7a mineira suspendeu o contrato entre o Di\u00e1rio das Gerais e a Prefeitura de Caratinga, no Vale do Rio Doce, e afastou a secret\u00e1ria de Sa\u00fade do munic\u00edpio. A decis\u00e3o atende a um pedido do Minist\u00e9rio P\u00fablico que apontou irregularidades na licita\u00e7\u00e3o que contratou o ve\u00edculo de comunica\u00e7\u00e3o para prestar servi\u00e7os \u00e0 [&hellip;]","og_url":"https:\/\/aconteceunovale.com.br\/portal\/?p=26024","og_site_name":"Aconteceu no Vale","article_publisher":"https:\/\/www.facebook.com\/aconteceunovale\/","article_published_time":"2014-04-07T18:54:03+00:00","og_image":[{"width":650,"height":435,"url":"https:\/\/aconteceunovale.com.br\/portal\/wp-content\/uploads\/2014\/04\/caratinga_mg_07_04.jpg","type":"image\/jpeg"}],"author":"Aconteceu no Vale","twitter_card":"summary_large_image","twitter_creator":"@noticiadosvales","twitter_site":"@noticiadosvales","twitter_misc":{"Escrito por":"Aconteceu no Vale","Est. tempo de leitura":"2 minutos"},"schema":{"@context":"https:\/\/schema.org","@graph":[{"@type":"Article","@id":"https:\/\/aconteceunovale.com.br\/portal\/?p=26024#article","isPartOf":{"@id":"https:\/\/aconteceunovale.com.br\/portal\/?p=26024"},"author":{"name":"Aconteceu no Vale","@id":"https:\/\/aconteceunovale.com.br\/portal\/#\/schema\/person\/633529146f2c94272bef50ac2953d589"},"headline":"Liminar cancela contrato e afasta secret\u00e1ria de Sa\u00fade de Caratinga","datePublished":"2014-04-07T18:54:03+00:00","mainEntityOfPage":{"@id":"https:\/\/aconteceunovale.com.br\/portal\/?p=26024"},"wordCount":409,"commentCount":0,"image":{"@id":"https:\/\/aconteceunovale.com.br\/portal\/?p=26024#primaryimage"},"thumbnailUrl":"https:\/\/aconteceunovale.com.br\/portal\/wp-content\/uploads\/2014\/04\/caratinga_mg_07_04.jpg","keywords":["Caratinga","Liminar cancela contrato e afasta secret\u00e1ria de Sa\u00fade de Caratinga"],"articleSection":["Leste de Minas"],"inLanguage":"pt-BR","potentialAction":[{"@type":"CommentAction","name":"Comment","target":["https:\/\/aconteceunovale.com.br\/portal\/?p=26024#respond"]}]},{"@type":"WebPage","@id":"https:\/\/aconteceunovale.com.br\/portal\/?p=26024","url":"https:\/\/aconteceunovale.com.br\/portal\/?p=26024","name":"Liminar cancela contrato e afasta secret\u00e1ria de Sa\u00fade de Caratinga - Aconteceu no Vale","isPartOf":{"@id":"https:\/\/aconteceunovale.com.br\/portal\/#website"},"primaryImageOfPage":{"@id":"https:\/\/aconteceunovale.com.br\/portal\/?p=26024#primaryimage"},"image":{"@id":"https:\/\/aconteceunovale.com.br\/portal\/?p=26024#primaryimage"},"thumbnailUrl":"https:\/\/aconteceunovale.com.br\/portal\/wp-content\/uploads\/2014\/04\/caratinga_mg_07_04.jpg","datePublished":"2014-04-07T18:54:03+00:00","author":{"@id":"https:\/\/aconteceunovale.com.br\/portal\/#\/schema\/person\/633529146f2c94272bef50ac2953d589"},"breadcrumb":{"@id":"https:\/\/aconteceunovale.com.br\/portal\/?p=26024#breadcrumb"},"inLanguage":"pt-BR","potentialAction":[{"@type":"ReadAction","target":["https:\/\/aconteceunovale.com.br\/portal\/?p=26024"]}]},{"@type":"ImageObject","inLanguage":"pt-BR","@id":"https:\/\/aconteceunovale.com.br\/portal\/?p=26024#primaryimage","url":"https:\/\/aconteceunovale.com.br\/portal\/wp-content\/uploads\/2014\/04\/caratinga_mg_07_04.jpg","contentUrl":"https:\/\/aconteceunovale.com.br\/portal\/wp-content\/uploads\/2014\/04\/caratinga_mg_07_04.jpg","width":650,"height":435},{"@type":"BreadcrumbList","@id":"https:\/\/aconteceunovale.com.br\/portal\/?p=26024#breadcrumb","itemListElement":[{"@type":"ListItem","position":1,"name":"In\u00edcio","item":"https:\/\/aconteceunovale.com.br\/portal\/"},{"@type":"ListItem","position":2,"name":"Liminar cancela contrato e afasta secret\u00e1ria de Sa\u00fade de Caratinga"}]},{"@type":"WebSite","@id":"https:\/\/aconteceunovale.com.br\/portal\/#website","url":"https:\/\/aconteceunovale.com.br\/portal\/","name":"Aconteceu no Vale","description":"Portal de Not\u00edcias","potentialAction":[{"@type":"SearchAction","target":{"@type":"EntryPoint","urlTemplate":"https:\/\/aconteceunovale.com.br\/portal\/?s={search_term_string}"},"query-input":{"@type":"PropertyValueSpecification","valueRequired":true,"valueName":"search_term_string"}}],"inLanguage":"pt-BR"},{"@type":"Person","@id":"https:\/\/aconteceunovale.com.br\/portal\/#\/schema\/person\/633529146f2c94272bef50ac2953d589","name":"Aconteceu no Vale","description":"Equipe de reportagem do Aconteceu no Vale, portal de not\u00edcias do Vale do Jequitinhonha, em Minas Gerais. Cobrimos as 51 cidades do Vale desde 2013. Sugest\u00f5es de pauta e pedidos de corre\u00e7\u00e3o: contato@aconteceunovale.com.br","sameAs":["http:\/\/www.aconteceunovale.com.br"],"url":"https:\/\/aconteceunovale.com.br\/portal\/?author=1"}]}},"_links":{"self":[{"href":"https:\/\/aconteceunovale.com.br\/portal\/index.php?rest_route=\/wp\/v2\/posts\/26024","targetHints":{"allow":["GET"]}}],"collection":[{"href":"https:\/\/aconteceunovale.com.br\/portal\/index.php?rest_route=\/wp\/v2\/posts"}],"about":[{"href":"https:\/\/aconteceunovale.com.br\/portal\/index.php?rest_route=\/wp\/v2\/types\/post"}],"author":[{"embeddable":true,"href":"https:\/\/aconteceunovale.com.br\/portal\/index.php?rest_route=\/wp\/v2\/users\/1"}],"replies":[{"embeddable":true,"href":"https:\/\/aconteceunovale.com.br\/portal\/index.php?rest_route=%2Fwp%2Fv2%2Fcomments&post=26024"}],"version-history":[{"count":0,"href":"https:\/\/aconteceunovale.com.br\/portal\/index.php?rest_route=\/wp\/v2\/posts\/26024\/revisions"}],"wp:featuredmedia":[{"embeddable":true,"href":"https:\/\/aconteceunovale.com.br\/portal\/index.php?rest_route=\/wp\/v2\/media\/26025"}],"wp:attachment":[{"href":"https:\/\/aconteceunovale.com.br\/portal\/index.php?rest_route=%2Fwp%2Fv2%2Fmedia&parent=26024"}],"wp:term":[{"taxonomy":"category","embeddable":true,"href":"https:\/\/aconteceunovale.com.br\/portal\/index.php?rest_route=%2Fwp%2Fv2%2Fcategories&post=26024"},{"taxonomy":"post_tag","embeddable":true,"href":"https:\/\/aconteceunovale.com.br\/portal\/index.php?rest_route=%2Fwp%2Fv2%2Ftags&post=26024"}],"curies":[{"name":"wp","href":"https:\/\/api.w.org\/{rel}","templated":true}]}}