{"id":26015,"date":"2014-04-07T15:23:14","date_gmt":"2014-04-07T18:23:14","guid":{"rendered":"http:\/\/aconteceunovale.com.br\/portal\/?p=26015"},"modified":"2026-09-02T13:21:32","modified_gmt":"2026-09-02T16:21:32","slug":"policia-procura-por-acusados-de-atirar-em-adolescente-e-matar-menor-de-14-anos-em-joaima","status":"publish","type":"post","link":"https:\/\/aconteceunovale.com.br\/portal\/?p=26015","title":{"rendered":"Pol\u00edcia procura por acusados de atirar em adolescente e matar menor de 14 anos em Joaima"},"content":{"rendered":"<p>As pol\u00edcias Civil e Miitar procuram por dois rapazes de 22 anos, acusados de matar a tiros um adolescente de 14 anos e atirar em outro de 18,  na noite de quinta-feira (3) em Joaima, no Vale do Jequitinhonha (MG). O crime ocorreu na rua S\u00e3o Paulino, no bairro Via Newt\u00e3o por volta das 20h.<\/p>\n<p>Segundo testemunhas, Breno Costa Santos, de 18 anos, o Breninho e Wanderson Rodrigues Gomes, conhecido por D\u00e3o, 14 anos, caminhavam pela rua quando foram surpreendidos por dois elementos que estavam armados com rev\u00f3lveres e  montados em uma moto. Eles desceram da motocicleta, uma Honda CG 125 preta e come\u00e7aram a atirar.<\/p>\n<p>Breno Costa foi atingido na coxa direita. J\u00e1 o menor foi atingido nas costas e a bala resvalou at\u00e9 o f\u00edgado. Ele morreu antes de ser atendido no hospital local.<\/p>\n<p>Em depoimento \u00e0 pol\u00edcia, Breno Costa contou que os respons\u00e1veis pelos tiros foram Wanderson Carlos dos Santos Moreira, conhecido por Besouro, 22 anos, e Warley Rodrigues de Sousa, o Warlin, tamb\u00e9m de 22 anos, residentes no bairro Bela Vista.<\/p>\n<p>Ainda de acordo com ele, o motivo do crime seria vingan\u00e7a, sem entrar em detalhes. A Pol\u00edcia acredita que h\u00e1 envolvimento dos jovens com o tr\u00e1fico de drogas.<\/p>\n<p>Policiais foram at\u00e9 \u00e0 casa de  Wanderson  Carlos e encontraram uma mota CG 125, cor preta, placa HDA 7375, usada pela dupla para praticar o crime.<\/p>\n<p>A m\u00e3e do rapaz contou que a moto foi encontrada abandonada em uma estrada que d\u00e1 acesso ao distrito de Gir\u00fa, a  4 km de Joaima.<\/p>\n<p>Horas antes de chegar ao local do crime, os militares  surpreenderam os suspeitos no bairro Bela Vista. Ao perceberem a presen\u00e7a da pol\u00edcia, um deles dispensou um rev\u00f3lver Taurus, calibre 38 carregado com 6 balas.<\/p>\n<p>Os dois criminosos fugiram e ainda n\u00e3o foram presos.  A  outra arma que pode ter sido usada no crime, ainda n\u00e3o foi localizada. <\/p>\n<p><em>(Fonte: Gazeta de Ara\u00e7ua\u00ed)<\/em><\/p>\n","protected":false},"excerpt":{"rendered":"<p>As pol\u00edcias Civil e Miitar procuram por dois rapazes de 22 anos, acusados de matar a tiros um adolescente de 14 anos e atirar em outro de 18, na noite de quinta-feira (3) em Joaima, no Vale do Jequitinhonha (MG). O crime ocorreu na rua S\u00e3o Paulino, no bairro Via Newt\u00e3o por volta das 20h. [&hellip;]<\/p>\n","protected":false},"author":1,"featured_media":26016,"comment_status":"open","ping_status":"closed","sticky":false,"template":"","format":"standard","meta":{"amp_status":"","footnotes":""},"categories":[272555,120],"tags":[611,6388],"class_list":["post-26015","post","type-post","status-publish","format-standard","has-post-thumbnail","hentry","category-joaima","category-jequi","tag-joaima","tag-policia-procura-por-acusados-de-atirar-em-adolescente-e-matar-menor-de-14-anos-em-joaima"],"yoast_head":"<!-- This site is optimized with the Yoast SEO plugin v28.3 - https:\/\/yoast.com\/product\/yoast-seo-wordpress\/ -->\n<title>Pol\u00edcia procura por acusados de atirar em adolescente e matar menor de 14 anos em Joaima - Aconteceu no Vale<\/title>\n<meta name=\"robots\" content=\"index, follow, max-snippet:-1, max-image-preview:large, max-video-preview:-1\" \/>\n<link rel=\"canonical\" href=\"https:\/\/aconteceunovale.com.br\/portal\/?p=26015\" \/>\n<meta property=\"og:locale\" content=\"pt_BR\" \/>\n<meta property=\"og:type\" content=\"article\" \/>\n<meta property=\"og:title\" content=\"Pol\u00edcia procura por acusados de atirar em adolescente e matar menor de 14 anos em Joaima - Aconteceu no Vale\" \/>\n<meta property=\"og:description\" content=\"As pol\u00edcias Civil e Miitar procuram por dois rapazes de 22 anos, acusados de matar a tiros um adolescente de 14 anos e atirar em outro de 18, na noite de quinta-feira (3) em Joaima, no Vale do Jequitinhonha (MG). O crime ocorreu na rua S\u00e3o Paulino, no bairro Via Newt\u00e3o por volta das 20h. [&hellip;]\" \/>\n<meta property=\"og:url\" content=\"https:\/\/aconteceunovale.com.br\/portal\/?p=26015\" \/>\n<meta property=\"og:site_name\" content=\"Aconteceu no Vale\" \/>\n<meta property=\"article:publisher\" content=\"https:\/\/www.facebook.com\/aconteceunovale\/\" \/>\n<meta property=\"article:published_time\" content=\"2014-04-07T18:23:14+00:00\" \/>\n<meta property=\"article:modified_time\" content=\"2026-09-02T16:21:32+00:00\" \/>\n<meta property=\"og:image\" content=\"https:\/\/aconteceunovale.com.br\/portal\/wp-content\/uploads\/2014\/04\/joaima_07_04.jpg\" \/>\n\t<meta property=\"og:image:width\" content=\"640\" \/>\n\t<meta property=\"og:image:height\" content=\"360\" \/>\n\t<meta property=\"og:image:type\" content=\"image\/jpeg\" \/>\n<meta name=\"author\" content=\"Aconteceu no Vale\" \/>\n<meta name=\"twitter:card\" content=\"summary_large_image\" \/>\n<meta name=\"twitter:creator\" content=\"@noticiadosvales\" \/>\n<meta name=\"twitter:site\" content=\"@noticiadosvales\" \/>\n<meta name=\"twitter:label1\" content=\"Escrito por\" \/>\n\t<meta name=\"twitter:data1\" content=\"Aconteceu no Vale\" \/>\n\t<meta name=\"twitter:label2\" content=\"Est. tempo de leitura\" \/>\n\t<meta name=\"twitter:data2\" content=\"2 minutos\" \/>\n<script type=\"application\/ld+json\" class=\"yoast-schema-graph\">{\"@context\":\"https:\\\/\\\/schema.org\",\"@graph\":[{\"@type\":\"Article\",\"@id\":\"https:\\\/\\\/aconteceunovale.com.br\\\/portal\\\/?p=26015#article\",\"isPartOf\":{\"@id\":\"https:\\\/\\\/aconteceunovale.com.br\\\/portal\\\/?p=26015\"},\"author\":{\"name\":\"Aconteceu no Vale\",\"@id\":\"https:\\\/\\\/aconteceunovale.com.br\\\/portal\\\/#\\\/schema\\\/person\\\/633529146f2c94272bef50ac2953d589\"},\"headline\":\"Pol\u00edcia procura por acusados de atirar em adolescente e matar menor de 14 anos em Joaima\",\"datePublished\":\"2014-04-07T18:23:14+00:00\",\"dateModified\":\"2026-09-02T16:21:32+00:00\",\"mainEntityOfPage\":{\"@id\":\"https:\\\/\\\/aconteceunovale.com.br\\\/portal\\\/?p=26015\"},\"wordCount\":337,\"commentCount\":0,\"image\":{\"@id\":\"https:\\\/\\\/aconteceunovale.com.br\\\/portal\\\/?p=26015#primaryimage\"},\"thumbnailUrl\":\"https:\\\/\\\/aconteceunovale.com.br\\\/portal\\\/wp-content\\\/uploads\\\/2014\\\/04\\\/joaima_07_04.jpg\",\"keywords\":[\"Joa\u00edma\",\"Pol\u00edcia procura por acusados de atirar em adolescente e matar menor de 14 anos em Joaima\"],\"articleSection\":[\"Joa\u00edma\",\"Vale do Jequitinhonha\"],\"inLanguage\":\"pt-BR\",\"potentialAction\":[{\"@type\":\"CommentAction\",\"name\":\"Comment\",\"target\":[\"https:\\\/\\\/aconteceunovale.com.br\\\/portal\\\/?p=26015#respond\"]}]},{\"@type\":\"WebPage\",\"@id\":\"https:\\\/\\\/aconteceunovale.com.br\\\/portal\\\/?p=26015\",\"url\":\"https:\\\/\\\/aconteceunovale.com.br\\\/portal\\\/?p=26015\",\"name\":\"Pol\u00edcia procura por acusados de atirar em adolescente e matar menor de 14 anos em Joaima - Aconteceu no Vale\",\"isPartOf\":{\"@id\":\"https:\\\/\\\/aconteceunovale.com.br\\\/portal\\\/#website\"},\"primaryImageOfPage\":{\"@id\":\"https:\\\/\\\/aconteceunovale.com.br\\\/portal\\\/?p=26015#primaryimage\"},\"image\":{\"@id\":\"https:\\\/\\\/aconteceunovale.com.br\\\/portal\\\/?p=26015#primaryimage\"},\"thumbnailUrl\":\"https:\\\/\\\/aconteceunovale.com.br\\\/portal\\\/wp-content\\\/uploads\\\/2014\\\/04\\\/joaima_07_04.jpg\",\"datePublished\":\"2014-04-07T18:23:14+00:00\",\"dateModified\":\"2026-09-02T16:21:32+00:00\",\"author\":{\"@id\":\"https:\\\/\\\/aconteceunovale.com.br\\\/portal\\\/#\\\/schema\\\/person\\\/633529146f2c94272bef50ac2953d589\"},\"breadcrumb\":{\"@id\":\"https:\\\/\\\/aconteceunovale.com.br\\\/portal\\\/?p=26015#breadcrumb\"},\"inLanguage\":\"pt-BR\",\"potentialAction\":[{\"@type\":\"ReadAction\",\"target\":[\"https:\\\/\\\/aconteceunovale.com.br\\\/portal\\\/?p=26015\"]}]},{\"@type\":\"ImageObject\",\"inLanguage\":\"pt-BR\",\"@id\":\"https:\\\/\\\/aconteceunovale.com.br\\\/portal\\\/?p=26015#primaryimage\",\"url\":\"https:\\\/\\\/aconteceunovale.com.br\\\/portal\\\/wp-content\\\/uploads\\\/2014\\\/04\\\/joaima_07_04.jpg\",\"contentUrl\":\"https:\\\/\\\/aconteceunovale.com.br\\\/portal\\\/wp-content\\\/uploads\\\/2014\\\/04\\\/joaima_07_04.jpg\",\"width\":640,\"height\":360},{\"@type\":\"BreadcrumbList\",\"@id\":\"https:\\\/\\\/aconteceunovale.com.br\\\/portal\\\/?p=26015#breadcrumb\",\"itemListElement\":[{\"@type\":\"ListItem\",\"position\":1,\"name\":\"In\u00edcio\",\"item\":\"https:\\\/\\\/aconteceunovale.com.br\\\/portal\\\/\"},{\"@type\":\"ListItem\",\"position\":2,\"name\":\"Pol\u00edcia procura por acusados de atirar em adolescente e matar menor de 14 anos em Joaima\"}]},{\"@type\":\"WebSite\",\"@id\":\"https:\\\/\\\/aconteceunovale.com.br\\\/portal\\\/#website\",\"url\":\"https:\\\/\\\/aconteceunovale.com.br\\\/portal\\\/\",\"name\":\"Aconteceu no Vale\",\"description\":\"Portal de Not\u00edcias\",\"potentialAction\":[{\"@type\":\"SearchAction\",\"target\":{\"@type\":\"EntryPoint\",\"urlTemplate\":\"https:\\\/\\\/aconteceunovale.com.br\\\/portal\\\/?s={search_term_string}\"},\"query-input\":{\"@type\":\"PropertyValueSpecification\",\"valueRequired\":true,\"valueName\":\"search_term_string\"}}],\"inLanguage\":\"pt-BR\"},{\"@type\":\"Person\",\"@id\":\"https:\\\/\\\/aconteceunovale.com.br\\\/portal\\\/#\\\/schema\\\/person\\\/633529146f2c94272bef50ac2953d589\",\"name\":\"Aconteceu no Vale\",\"description\":\"Equipe de reportagem do Aconteceu no Vale, portal de not\u00edcias do Vale do Jequitinhonha, em Minas Gerais. Cobrimos as 51 cidades do Vale desde 2013. Sugest\u00f5es de pauta e pedidos de corre\u00e7\u00e3o: contato@aconteceunovale.com.br\",\"sameAs\":[\"http:\\\/\\\/www.aconteceunovale.com.br\"],\"url\":\"https:\\\/\\\/aconteceunovale.com.br\\\/portal\\\/?author=1\"}]}<\/script>\n<!-- \/ Yoast SEO plugin. -->","yoast_head_json":{"title":"Pol\u00edcia procura por acusados de atirar em adolescente e matar menor de 14 anos em Joaima - Aconteceu no Vale","robots":{"index":"index","follow":"follow","max-snippet":"max-snippet:-1","max-image-preview":"max-image-preview:large","max-video-preview":"max-video-preview:-1"},"canonical":"https:\/\/aconteceunovale.com.br\/portal\/?p=26015","og_locale":"pt_BR","og_type":"article","og_title":"Pol\u00edcia procura por acusados de atirar em adolescente e matar menor de 14 anos em Joaima - Aconteceu no Vale","og_description":"As pol\u00edcias Civil e Miitar procuram por dois rapazes de 22 anos, acusados de matar a tiros um adolescente de 14 anos e atirar em outro de 18, na noite de quinta-feira (3) em Joaima, no Vale do Jequitinhonha (MG). O crime ocorreu na rua S\u00e3o Paulino, no bairro Via Newt\u00e3o por volta das 20h. [&hellip;]","og_url":"https:\/\/aconteceunovale.com.br\/portal\/?p=26015","og_site_name":"Aconteceu no Vale","article_publisher":"https:\/\/www.facebook.com\/aconteceunovale\/","article_published_time":"2014-04-07T18:23:14+00:00","article_modified_time":"2026-09-02T16:21:32+00:00","og_image":[{"width":640,"height":360,"url":"https:\/\/aconteceunovale.com.br\/portal\/wp-content\/uploads\/2014\/04\/joaima_07_04.jpg","type":"image\/jpeg"}],"author":"Aconteceu no Vale","twitter_card":"summary_large_image","twitter_creator":"@noticiadosvales","twitter_site":"@noticiadosvales","twitter_misc":{"Escrito por":"Aconteceu no Vale","Est. tempo de leitura":"2 minutos"},"schema":{"@context":"https:\/\/schema.org","@graph":[{"@type":"Article","@id":"https:\/\/aconteceunovale.com.br\/portal\/?p=26015#article","isPartOf":{"@id":"https:\/\/aconteceunovale.com.br\/portal\/?p=26015"},"author":{"name":"Aconteceu no Vale","@id":"https:\/\/aconteceunovale.com.br\/portal\/#\/schema\/person\/633529146f2c94272bef50ac2953d589"},"headline":"Pol\u00edcia procura por acusados de atirar em adolescente e matar menor de 14 anos em Joaima","datePublished":"2014-04-07T18:23:14+00:00","dateModified":"2026-09-02T16:21:32+00:00","mainEntityOfPage":{"@id":"https:\/\/aconteceunovale.com.br\/portal\/?p=26015"},"wordCount":337,"commentCount":0,"image":{"@id":"https:\/\/aconteceunovale.com.br\/portal\/?p=26015#primaryimage"},"thumbnailUrl":"https:\/\/aconteceunovale.com.br\/portal\/wp-content\/uploads\/2014\/04\/joaima_07_04.jpg","keywords":["Joa\u00edma","Pol\u00edcia procura por acusados de atirar em adolescente e matar menor de 14 anos em Joaima"],"articleSection":["Joa\u00edma","Vale do Jequitinhonha"],"inLanguage":"pt-BR","potentialAction":[{"@type":"CommentAction","name":"Comment","target":["https:\/\/aconteceunovale.com.br\/portal\/?p=26015#respond"]}]},{"@type":"WebPage","@id":"https:\/\/aconteceunovale.com.br\/portal\/?p=26015","url":"https:\/\/aconteceunovale.com.br\/portal\/?p=26015","name":"Pol\u00edcia procura por acusados de atirar em adolescente e matar menor de 14 anos em Joaima - Aconteceu no Vale","isPartOf":{"@id":"https:\/\/aconteceunovale.com.br\/portal\/#website"},"primaryImageOfPage":{"@id":"https:\/\/aconteceunovale.com.br\/portal\/?p=26015#primaryimage"},"image":{"@id":"https:\/\/aconteceunovale.com.br\/portal\/?p=26015#primaryimage"},"thumbnailUrl":"https:\/\/aconteceunovale.com.br\/portal\/wp-content\/uploads\/2014\/04\/joaima_07_04.jpg","datePublished":"2014-04-07T18:23:14+00:00","dateModified":"2026-09-02T16:21:32+00:00","author":{"@id":"https:\/\/aconteceunovale.com.br\/portal\/#\/schema\/person\/633529146f2c94272bef50ac2953d589"},"breadcrumb":{"@id":"https:\/\/aconteceunovale.com.br\/portal\/?p=26015#breadcrumb"},"inLanguage":"pt-BR","potentialAction":[{"@type":"ReadAction","target":["https:\/\/aconteceunovale.com.br\/portal\/?p=26015"]}]},{"@type":"ImageObject","inLanguage":"pt-BR","@id":"https:\/\/aconteceunovale.com.br\/portal\/?p=26015#primaryimage","url":"https:\/\/aconteceunovale.com.br\/portal\/wp-content\/uploads\/2014\/04\/joaima_07_04.jpg","contentUrl":"https:\/\/aconteceunovale.com.br\/portal\/wp-content\/uploads\/2014\/04\/joaima_07_04.jpg","width":640,"height":360},{"@type":"BreadcrumbList","@id":"https:\/\/aconteceunovale.com.br\/portal\/?p=26015#breadcrumb","itemListElement":[{"@type":"ListItem","position":1,"name":"In\u00edcio","item":"https:\/\/aconteceunovale.com.br\/portal\/"},{"@type":"ListItem","position":2,"name":"Pol\u00edcia procura por acusados de atirar em adolescente e matar menor de 14 anos em Joaima"}]},{"@type":"WebSite","@id":"https:\/\/aconteceunovale.com.br\/portal\/#website","url":"https:\/\/aconteceunovale.com.br\/portal\/","name":"Aconteceu no Vale","description":"Portal de Not\u00edcias","potentialAction":[{"@type":"SearchAction","target":{"@type":"EntryPoint","urlTemplate":"https:\/\/aconteceunovale.com.br\/portal\/?s={search_term_string}"},"query-input":{"@type":"PropertyValueSpecification","valueRequired":true,"valueName":"search_term_string"}}],"inLanguage":"pt-BR"},{"@type":"Person","@id":"https:\/\/aconteceunovale.com.br\/portal\/#\/schema\/person\/633529146f2c94272bef50ac2953d589","name":"Aconteceu no Vale","description":"Equipe de reportagem do Aconteceu no Vale, portal de not\u00edcias do Vale do Jequitinhonha, em Minas Gerais. Cobrimos as 51 cidades do Vale desde 2013. Sugest\u00f5es de pauta e pedidos de corre\u00e7\u00e3o: contato@aconteceunovale.com.br","sameAs":["http:\/\/www.aconteceunovale.com.br"],"url":"https:\/\/aconteceunovale.com.br\/portal\/?author=1"}]}},"_links":{"self":[{"href":"https:\/\/aconteceunovale.com.br\/portal\/index.php?rest_route=\/wp\/v2\/posts\/26015","targetHints":{"allow":["GET"]}}],"collection":[{"href":"https:\/\/aconteceunovale.com.br\/portal\/index.php?rest_route=\/wp\/v2\/posts"}],"about":[{"href":"https:\/\/aconteceunovale.com.br\/portal\/index.php?rest_route=\/wp\/v2\/types\/post"}],"author":[{"embeddable":true,"href":"https:\/\/aconteceunovale.com.br\/portal\/index.php?rest_route=\/wp\/v2\/users\/1"}],"replies":[{"embeddable":true,"href":"https:\/\/aconteceunovale.com.br\/portal\/index.php?rest_route=%2Fwp%2Fv2%2Fcomments&post=26015"}],"version-history":[{"count":1,"href":"https:\/\/aconteceunovale.com.br\/portal\/index.php?rest_route=\/wp\/v2\/posts\/26015\/revisions"}],"predecessor-version":[{"id":201231,"href":"https:\/\/aconteceunovale.com.br\/portal\/index.php?rest_route=\/wp\/v2\/posts\/26015\/revisions\/201231"}],"wp:featuredmedia":[{"embeddable":true,"href":"https:\/\/aconteceunovale.com.br\/portal\/index.php?rest_route=\/wp\/v2\/media\/26016"}],"wp:attachment":[{"href":"https:\/\/aconteceunovale.com.br\/portal\/index.php?rest_route=%2Fwp%2Fv2%2Fmedia&parent=26015"}],"wp:term":[{"taxonomy":"category","embeddable":true,"href":"https:\/\/aconteceunovale.com.br\/portal\/index.php?rest_route=%2Fwp%2Fv2%2Fcategories&post=26015"},{"taxonomy":"post_tag","embeddable":true,"href":"https:\/\/aconteceunovale.com.br\/portal\/index.php?rest_route=%2Fwp%2Fv2%2Ftags&post=26015"}],"curies":[{"name":"wp","href":"https:\/\/api.w.org\/{rel}","templated":true}]}}