{"id":25991,"date":"2014-04-07T13:01:46","date_gmt":"2014-04-07T16:01:46","guid":{"rendered":"http:\/\/aconteceunovale.com.br\/portal\/?p=25991"},"modified":"2014-04-07T13:01:46","modified_gmt":"2014-04-07T16:01:46","slug":"mulher-traida-coloca-fogo-no-veiculo-do-companheiro","status":"publish","type":"post","link":"https:\/\/aconteceunovale.com.br\/portal\/?p=25991","title":{"rendered":"Mulher tra\u00edda coloca fogo no ve\u00edculo do companheiro"},"content":{"rendered":"<p>O Corpo de Bombeiro de Montes Claros (MG) foi acionado na noite desse domingo (6) para apagar um inc\u00eandio em um carro, na Vila Regina.<\/p>\n<p>Segundo os bombeiros, o dono do ve\u00edculo informou que o inc\u00eancio teria sido provocado por sua companheira, por motivo de ci\u00fames. A mulher confessou, e alegou que o companheiro a teria tra\u00eddo com outra mulher, e por isso ela ateou fogo no carro. Ainda segundo os mulitares, a suposta namorada n\u00e3o estava no local no momento da chegada da equipe dos bombeiros.<\/p>\n<p>Os bombeiros informaram ainda que o local foi isolado e iniciado os trabalhos de combate \u00e0s chamas, e foram gastos 3 mil litros de \u00e1gua. Ap\u00f3s os trabalhos, foi constatada a perda total do ve\u00edculo.<\/p>\n<p>Segundo a Pol\u00edcia Militar, o casal est\u00e1 em processo de separa\u00e7\u00e3o. A briga teria come\u00e7ado entre o dois e a namorada do homem, e todos alegaram agress\u00e3o. O casal foi encaminhado \u00e0 delagacia, mas foram liberados.<\/p>\n<p><img decoding=\"async\" src=\"http:\/\/aconteceunovale.com.br\/portal\/wp-content\/uploads\/2014\/04\/veiculo_queimado_moc_06_04.jpg\" alt=\"\" \/><em>(Foto: Assessoria de Comunica\u00e7\u00e3o Organizacional do 7\u00ba BBM)<\/em><br \/>\n<\/br><\/p>\n<h4><strong>Corpo de Bombeiros d\u00e1 dicas em caso de inc\u00eandio em ve\u00edculos:<\/strong><\/h4>\n<p>Evite surpresas desagrad\u00e1veis. Mantenha seu ve\u00edculo em boas condi\u00e7\u00f5es de uso, fazendo periodicamente a manuten\u00e7\u00e3o preventiva;<\/p>\n<p>&#8211; Pratique e ensine a retirada do extintor de seu suporte;<\/p>\n<p>&#8211; Verifique todo m\u00eas o estado de conserva\u00e7\u00e3o do extintor, seguindo as instru\u00e7\u00f5es contidas no r\u00f3tulo do fabricante, e observando se:<\/p>\n<p>&#8211; O ponteiro indicador de press\u00e3o permanece na faixa verde, o que indica estar devidamente pressurizado;<\/p>\n<p>&#8211; O lacre de inviolabilidade permanece intacto;<\/p>\n<p>&#8211; A apar\u00eancia geral do extintor n\u00e3o apresenta sinais de oxida\u00e7\u00e3o (ferrugem), riscos ou amassamentos;<\/p>\n<p>&#8211; O bico da v\u00e1lvula permanece desobstru\u00eddo;<\/p>\n<p>&#8211; As instru\u00e7\u00f5es de opera\u00e7\u00e3o est\u00e3o leg\u00edveis;<\/p>\n<p>&#8211; As datas-limites de Garantia, Validade e Teste Hidrost\u00e1tico est\u00e3o dentro do prazo;<\/p>\n<p>&#8211; Durante a verifica\u00e7\u00e3o mensal, agite o extintor para manter o p\u00f3 qu\u00edmico sempre em boas condi\u00e7\u00f5es de uso;<\/p>\n<p>&#8211; Saiba distinguir se o extintor \u00e9 novo ou recondicionado, por interm\u00e9dio dos selos do INMETRO;<\/p>\n<p>&#8211; N\u00e3o teste seu extintor. Mesmo uma pequena descarga poder\u00e1 acarretar um microvazamento da press\u00e3o interna, tornando o inoperante;<\/p>\n<p>&#8211; Nunca atire ou deixe um extintor pr\u00f3ximo do fogo de maneira descuidada, mesmo que descarregado.<\/p>\n<p>&#8211; O calor do fogo aumentar\u00e1 a press\u00e3o interna do cilindro, podendo causar uma explos\u00e3o;<\/p>\n<p>&#8211; Use o extintor na vertical; nunca &#8220;deitado&#8221; ou de &#8220;cabe\u00e7a para baixo&#8221;. (G1)<\/p>\n","protected":false},"excerpt":{"rendered":"<p>O Corpo de Bombeiro de Montes Claros (MG) foi acionado na noite desse domingo (6) para apagar um inc\u00eandio em um carro, na Vila Regina. Segundo os bombeiros, o dono do ve\u00edculo informou que o inc\u00eancio teria sido provocado por sua companheira, por motivo de ci\u00fames. A mulher confessou, e alegou que o companheiro a [&hellip;]<\/p>\n","protected":false},"author":1,"featured_media":25992,"comment_status":"open","ping_status":"closed","sticky":false,"template":"","format":"standard","meta":{"amp_status":"","footnotes":""},"categories":[1236],"tags":[1018,210,6387],"class_list":["post-25991","post","type-post","status-publish","format-standard","has-post-thumbnail","hentry","category-norte_de_minas","tag-destaque","tag-montes-claros","tag-mulher-traida-coloca-fogo-no-veiculo-do-companheiro"],"yoast_head":"<!-- This site is optimized with the Yoast SEO plugin v28.3 - https:\/\/yoast.com\/product\/yoast-seo-wordpress\/ -->\n<title>Mulher tra\u00edda coloca fogo no ve\u00edculo do companheiro - Aconteceu no Vale<\/title>\n<meta name=\"robots\" content=\"index, follow, max-snippet:-1, max-image-preview:large, max-video-preview:-1\" \/>\n<link rel=\"canonical\" href=\"https:\/\/aconteceunovale.com.br\/portal\/?p=25991\" \/>\n<meta property=\"og:locale\" content=\"pt_BR\" \/>\n<meta property=\"og:type\" content=\"article\" \/>\n<meta property=\"og:title\" content=\"Mulher tra\u00edda coloca fogo no ve\u00edculo do companheiro - Aconteceu no Vale\" \/>\n<meta property=\"og:description\" content=\"O Corpo de Bombeiro de Montes Claros (MG) foi acionado na noite desse domingo (6) para apagar um inc\u00eandio em um carro, na Vila Regina. Segundo os bombeiros, o dono do ve\u00edculo informou que o inc\u00eancio teria sido provocado por sua companheira, por motivo de ci\u00fames. A mulher confessou, e alegou que o companheiro a [&hellip;]\" \/>\n<meta property=\"og:url\" content=\"https:\/\/aconteceunovale.com.br\/portal\/?p=25991\" \/>\n<meta property=\"og:site_name\" content=\"Aconteceu no Vale\" \/>\n<meta property=\"article:publisher\" content=\"https:\/\/www.facebook.com\/aconteceunovale\/\" \/>\n<meta property=\"article:published_time\" content=\"2014-04-07T16:01:46+00:00\" \/>\n<meta property=\"og:image\" content=\"https:\/\/aconteceunovale.com.br\/portal\/wp-content\/uploads\/2014\/04\/veiculo_queimado_moc_06_04.jpg\" \/>\n\t<meta property=\"og:image:width\" content=\"600\" \/>\n\t<meta property=\"og:image:height\" content=\"450\" \/>\n\t<meta property=\"og:image:type\" content=\"image\/jpeg\" \/>\n<meta name=\"author\" content=\"Aconteceu no Vale\" \/>\n<meta name=\"twitter:card\" content=\"summary_large_image\" \/>\n<meta name=\"twitter:creator\" content=\"@noticiadosvales\" \/>\n<meta name=\"twitter:site\" content=\"@noticiadosvales\" \/>\n<meta name=\"twitter:label1\" content=\"Escrito por\" \/>\n\t<meta name=\"twitter:data1\" content=\"Aconteceu no Vale\" \/>\n\t<meta name=\"twitter:label2\" content=\"Est. tempo de leitura\" \/>\n\t<meta name=\"twitter:data2\" content=\"2 minutos\" \/>\n<script type=\"application\/ld+json\" class=\"yoast-schema-graph\">{\"@context\":\"https:\\\/\\\/schema.org\",\"@graph\":[{\"@type\":\"Article\",\"@id\":\"https:\\\/\\\/aconteceunovale.com.br\\\/portal\\\/?p=25991#article\",\"isPartOf\":{\"@id\":\"https:\\\/\\\/aconteceunovale.com.br\\\/portal\\\/?p=25991\"},\"author\":{\"name\":\"Aconteceu no Vale\",\"@id\":\"https:\\\/\\\/aconteceunovale.com.br\\\/portal\\\/#\\\/schema\\\/person\\\/633529146f2c94272bef50ac2953d589\"},\"headline\":\"Mulher tra\u00edda coloca fogo no ve\u00edculo do companheiro\",\"datePublished\":\"2014-04-07T16:01:46+00:00\",\"mainEntityOfPage\":{\"@id\":\"https:\\\/\\\/aconteceunovale.com.br\\\/portal\\\/?p=25991\"},\"wordCount\":439,\"commentCount\":0,\"image\":{\"@id\":\"https:\\\/\\\/aconteceunovale.com.br\\\/portal\\\/?p=25991#primaryimage\"},\"thumbnailUrl\":\"https:\\\/\\\/aconteceunovale.com.br\\\/portal\\\/wp-content\\\/uploads\\\/2014\\\/04\\\/veiculo_queimado_moc_06_04.jpg\",\"keywords\":[\"destaque\",\"Montes Claros\",\"Mulher tra\u00edda coloca fogo no ve\u00edculo do companheiro\"],\"articleSection\":[\"Norte de Minas\"],\"inLanguage\":\"pt-BR\",\"potentialAction\":[{\"@type\":\"CommentAction\",\"name\":\"Comment\",\"target\":[\"https:\\\/\\\/aconteceunovale.com.br\\\/portal\\\/?p=25991#respond\"]}]},{\"@type\":\"WebPage\",\"@id\":\"https:\\\/\\\/aconteceunovale.com.br\\\/portal\\\/?p=25991\",\"url\":\"https:\\\/\\\/aconteceunovale.com.br\\\/portal\\\/?p=25991\",\"name\":\"Mulher tra\u00edda coloca fogo no ve\u00edculo do companheiro - Aconteceu no Vale\",\"isPartOf\":{\"@id\":\"https:\\\/\\\/aconteceunovale.com.br\\\/portal\\\/#website\"},\"primaryImageOfPage\":{\"@id\":\"https:\\\/\\\/aconteceunovale.com.br\\\/portal\\\/?p=25991#primaryimage\"},\"image\":{\"@id\":\"https:\\\/\\\/aconteceunovale.com.br\\\/portal\\\/?p=25991#primaryimage\"},\"thumbnailUrl\":\"https:\\\/\\\/aconteceunovale.com.br\\\/portal\\\/wp-content\\\/uploads\\\/2014\\\/04\\\/veiculo_queimado_moc_06_04.jpg\",\"datePublished\":\"2014-04-07T16:01:46+00:00\",\"author\":{\"@id\":\"https:\\\/\\\/aconteceunovale.com.br\\\/portal\\\/#\\\/schema\\\/person\\\/633529146f2c94272bef50ac2953d589\"},\"breadcrumb\":{\"@id\":\"https:\\\/\\\/aconteceunovale.com.br\\\/portal\\\/?p=25991#breadcrumb\"},\"inLanguage\":\"pt-BR\",\"potentialAction\":[{\"@type\":\"ReadAction\",\"target\":[\"https:\\\/\\\/aconteceunovale.com.br\\\/portal\\\/?p=25991\"]}]},{\"@type\":\"ImageObject\",\"inLanguage\":\"pt-BR\",\"@id\":\"https:\\\/\\\/aconteceunovale.com.br\\\/portal\\\/?p=25991#primaryimage\",\"url\":\"https:\\\/\\\/aconteceunovale.com.br\\\/portal\\\/wp-content\\\/uploads\\\/2014\\\/04\\\/veiculo_queimado_moc_06_04.jpg\",\"contentUrl\":\"https:\\\/\\\/aconteceunovale.com.br\\\/portal\\\/wp-content\\\/uploads\\\/2014\\\/04\\\/veiculo_queimado_moc_06_04.jpg\",\"width\":600,\"height\":450},{\"@type\":\"BreadcrumbList\",\"@id\":\"https:\\\/\\\/aconteceunovale.com.br\\\/portal\\\/?p=25991#breadcrumb\",\"itemListElement\":[{\"@type\":\"ListItem\",\"position\":1,\"name\":\"In\u00edcio\",\"item\":\"https:\\\/\\\/aconteceunovale.com.br\\\/portal\\\/\"},{\"@type\":\"ListItem\",\"position\":2,\"name\":\"Mulher tra\u00edda coloca fogo no ve\u00edculo do companheiro\"}]},{\"@type\":\"WebSite\",\"@id\":\"https:\\\/\\\/aconteceunovale.com.br\\\/portal\\\/#website\",\"url\":\"https:\\\/\\\/aconteceunovale.com.br\\\/portal\\\/\",\"name\":\"Aconteceu no Vale\",\"description\":\"Portal de Not\u00edcias\",\"potentialAction\":[{\"@type\":\"SearchAction\",\"target\":{\"@type\":\"EntryPoint\",\"urlTemplate\":\"https:\\\/\\\/aconteceunovale.com.br\\\/portal\\\/?s={search_term_string}\"},\"query-input\":{\"@type\":\"PropertyValueSpecification\",\"valueRequired\":true,\"valueName\":\"search_term_string\"}}],\"inLanguage\":\"pt-BR\"},{\"@type\":\"Person\",\"@id\":\"https:\\\/\\\/aconteceunovale.com.br\\\/portal\\\/#\\\/schema\\\/person\\\/633529146f2c94272bef50ac2953d589\",\"name\":\"Aconteceu no Vale\",\"description\":\"Equipe de reportagem do Aconteceu no Vale, portal de not\u00edcias do Vale do Jequitinhonha, em Minas Gerais. Cobrimos as 51 cidades do Vale desde 2013. Sugest\u00f5es de pauta e pedidos de corre\u00e7\u00e3o: contato@aconteceunovale.com.br\",\"sameAs\":[\"http:\\\/\\\/www.aconteceunovale.com.br\"],\"url\":\"https:\\\/\\\/aconteceunovale.com.br\\\/portal\\\/?author=1\"}]}<\/script>\n<!-- \/ Yoast SEO plugin. -->","yoast_head_json":{"title":"Mulher tra\u00edda coloca fogo no ve\u00edculo do companheiro - Aconteceu no Vale","robots":{"index":"index","follow":"follow","max-snippet":"max-snippet:-1","max-image-preview":"max-image-preview:large","max-video-preview":"max-video-preview:-1"},"canonical":"https:\/\/aconteceunovale.com.br\/portal\/?p=25991","og_locale":"pt_BR","og_type":"article","og_title":"Mulher tra\u00edda coloca fogo no ve\u00edculo do companheiro - Aconteceu no Vale","og_description":"O Corpo de Bombeiro de Montes Claros (MG) foi acionado na noite desse domingo (6) para apagar um inc\u00eandio em um carro, na Vila Regina. Segundo os bombeiros, o dono do ve\u00edculo informou que o inc\u00eancio teria sido provocado por sua companheira, por motivo de ci\u00fames. A mulher confessou, e alegou que o companheiro a [&hellip;]","og_url":"https:\/\/aconteceunovale.com.br\/portal\/?p=25991","og_site_name":"Aconteceu no Vale","article_publisher":"https:\/\/www.facebook.com\/aconteceunovale\/","article_published_time":"2014-04-07T16:01:46+00:00","og_image":[{"width":600,"height":450,"url":"https:\/\/aconteceunovale.com.br\/portal\/wp-content\/uploads\/2014\/04\/veiculo_queimado_moc_06_04.jpg","type":"image\/jpeg"}],"author":"Aconteceu no Vale","twitter_card":"summary_large_image","twitter_creator":"@noticiadosvales","twitter_site":"@noticiadosvales","twitter_misc":{"Escrito por":"Aconteceu no Vale","Est. tempo de leitura":"2 minutos"},"schema":{"@context":"https:\/\/schema.org","@graph":[{"@type":"Article","@id":"https:\/\/aconteceunovale.com.br\/portal\/?p=25991#article","isPartOf":{"@id":"https:\/\/aconteceunovale.com.br\/portal\/?p=25991"},"author":{"name":"Aconteceu no Vale","@id":"https:\/\/aconteceunovale.com.br\/portal\/#\/schema\/person\/633529146f2c94272bef50ac2953d589"},"headline":"Mulher tra\u00edda coloca fogo no ve\u00edculo do companheiro","datePublished":"2014-04-07T16:01:46+00:00","mainEntityOfPage":{"@id":"https:\/\/aconteceunovale.com.br\/portal\/?p=25991"},"wordCount":439,"commentCount":0,"image":{"@id":"https:\/\/aconteceunovale.com.br\/portal\/?p=25991#primaryimage"},"thumbnailUrl":"https:\/\/aconteceunovale.com.br\/portal\/wp-content\/uploads\/2014\/04\/veiculo_queimado_moc_06_04.jpg","keywords":["destaque","Montes Claros","Mulher tra\u00edda coloca fogo no ve\u00edculo do companheiro"],"articleSection":["Norte de Minas"],"inLanguage":"pt-BR","potentialAction":[{"@type":"CommentAction","name":"Comment","target":["https:\/\/aconteceunovale.com.br\/portal\/?p=25991#respond"]}]},{"@type":"WebPage","@id":"https:\/\/aconteceunovale.com.br\/portal\/?p=25991","url":"https:\/\/aconteceunovale.com.br\/portal\/?p=25991","name":"Mulher tra\u00edda coloca fogo no ve\u00edculo do companheiro - Aconteceu no Vale","isPartOf":{"@id":"https:\/\/aconteceunovale.com.br\/portal\/#website"},"primaryImageOfPage":{"@id":"https:\/\/aconteceunovale.com.br\/portal\/?p=25991#primaryimage"},"image":{"@id":"https:\/\/aconteceunovale.com.br\/portal\/?p=25991#primaryimage"},"thumbnailUrl":"https:\/\/aconteceunovale.com.br\/portal\/wp-content\/uploads\/2014\/04\/veiculo_queimado_moc_06_04.jpg","datePublished":"2014-04-07T16:01:46+00:00","author":{"@id":"https:\/\/aconteceunovale.com.br\/portal\/#\/schema\/person\/633529146f2c94272bef50ac2953d589"},"breadcrumb":{"@id":"https:\/\/aconteceunovale.com.br\/portal\/?p=25991#breadcrumb"},"inLanguage":"pt-BR","potentialAction":[{"@type":"ReadAction","target":["https:\/\/aconteceunovale.com.br\/portal\/?p=25991"]}]},{"@type":"ImageObject","inLanguage":"pt-BR","@id":"https:\/\/aconteceunovale.com.br\/portal\/?p=25991#primaryimage","url":"https:\/\/aconteceunovale.com.br\/portal\/wp-content\/uploads\/2014\/04\/veiculo_queimado_moc_06_04.jpg","contentUrl":"https:\/\/aconteceunovale.com.br\/portal\/wp-content\/uploads\/2014\/04\/veiculo_queimado_moc_06_04.jpg","width":600,"height":450},{"@type":"BreadcrumbList","@id":"https:\/\/aconteceunovale.com.br\/portal\/?p=25991#breadcrumb","itemListElement":[{"@type":"ListItem","position":1,"name":"In\u00edcio","item":"https:\/\/aconteceunovale.com.br\/portal\/"},{"@type":"ListItem","position":2,"name":"Mulher tra\u00edda coloca fogo no ve\u00edculo do companheiro"}]},{"@type":"WebSite","@id":"https:\/\/aconteceunovale.com.br\/portal\/#website","url":"https:\/\/aconteceunovale.com.br\/portal\/","name":"Aconteceu no Vale","description":"Portal de Not\u00edcias","potentialAction":[{"@type":"SearchAction","target":{"@type":"EntryPoint","urlTemplate":"https:\/\/aconteceunovale.com.br\/portal\/?s={search_term_string}"},"query-input":{"@type":"PropertyValueSpecification","valueRequired":true,"valueName":"search_term_string"}}],"inLanguage":"pt-BR"},{"@type":"Person","@id":"https:\/\/aconteceunovale.com.br\/portal\/#\/schema\/person\/633529146f2c94272bef50ac2953d589","name":"Aconteceu no Vale","description":"Equipe de reportagem do Aconteceu no Vale, portal de not\u00edcias do Vale do Jequitinhonha, em Minas Gerais. Cobrimos as 51 cidades do Vale desde 2013. Sugest\u00f5es de pauta e pedidos de corre\u00e7\u00e3o: contato@aconteceunovale.com.br","sameAs":["http:\/\/www.aconteceunovale.com.br"],"url":"https:\/\/aconteceunovale.com.br\/portal\/?author=1"}]}},"_links":{"self":[{"href":"https:\/\/aconteceunovale.com.br\/portal\/index.php?rest_route=\/wp\/v2\/posts\/25991","targetHints":{"allow":["GET"]}}],"collection":[{"href":"https:\/\/aconteceunovale.com.br\/portal\/index.php?rest_route=\/wp\/v2\/posts"}],"about":[{"href":"https:\/\/aconteceunovale.com.br\/portal\/index.php?rest_route=\/wp\/v2\/types\/post"}],"author":[{"embeddable":true,"href":"https:\/\/aconteceunovale.com.br\/portal\/index.php?rest_route=\/wp\/v2\/users\/1"}],"replies":[{"embeddable":true,"href":"https:\/\/aconteceunovale.com.br\/portal\/index.php?rest_route=%2Fwp%2Fv2%2Fcomments&post=25991"}],"version-history":[{"count":0,"href":"https:\/\/aconteceunovale.com.br\/portal\/index.php?rest_route=\/wp\/v2\/posts\/25991\/revisions"}],"wp:featuredmedia":[{"embeddable":true,"href":"https:\/\/aconteceunovale.com.br\/portal\/index.php?rest_route=\/wp\/v2\/media\/25992"}],"wp:attachment":[{"href":"https:\/\/aconteceunovale.com.br\/portal\/index.php?rest_route=%2Fwp%2Fv2%2Fmedia&parent=25991"}],"wp:term":[{"taxonomy":"category","embeddable":true,"href":"https:\/\/aconteceunovale.com.br\/portal\/index.php?rest_route=%2Fwp%2Fv2%2Fcategories&post=25991"},{"taxonomy":"post_tag","embeddable":true,"href":"https:\/\/aconteceunovale.com.br\/portal\/index.php?rest_route=%2Fwp%2Fv2%2Ftags&post=25991"}],"curies":[{"name":"wp","href":"https:\/\/api.w.org\/{rel}","templated":true}]}}