{"id":25988,"date":"2014-04-07T12:49:35","date_gmt":"2014-04-07T15:49:35","guid":{"rendered":"http:\/\/aconteceunovale.com.br\/portal\/?p=25988"},"modified":"2014-04-07T12:49:35","modified_gmt":"2014-04-07T15:49:35","slug":"policial-militar-morre-em-acidente-envolvendo-moto-e-carreta-na-br-381","status":"publish","type":"post","link":"https:\/\/aconteceunovale.com.br\/portal\/?p=25988","title":{"rendered":"Policial Militar morre em acidente envolvendo moto e carreta na BR-381"},"content":{"rendered":"<p>Um acidente na BR-381 matou o soldado da Pol\u00edcia Militar Leonardo Vin\u00edcius Sousa de Assis, 23 anos, lotado no 58\u00ba Batalh\u00e3o de Coronel Fabriciano. O acidente ocorreu por volta das 12h deste domingo, 6 de abril, no km 310 da rodovia, pr\u00f3ximo a Ant\u00f4nio Dias.<\/p>\n<p><img decoding=\"async\" src=\"http:\/\/aconteceunovale.com.br\/portal\/wp-content\/uploads\/2014\/04\/pm_morre_acidente_381.jpg\" alt=\"\" \/><em><strong>Moto ficou completamente destru\u00edda. PM trabalhou em Monlevade e tinha sido transferido para o Vale do A\u00e7o recentemente<\/strong><\/em><br \/>\n<\/br><\/p>\n<p>O militar seguia sentido Nova Era, conduzindo uma motocicleta Yamaha junto com outros cinco motociclistas. Numa curva, ele perdeu o controle, caiu e bateu de frente com uma carreta que transitava no sentido contr\u00e1rio. O outro motociclista que estava no grupo tamb\u00e9m caiu e foi socorrido.<\/p>\n<p>Leonardo trabalhou na 17\u00aa Companhia Independente de Jo\u00e3o Monlevade e foi transferido recentemente para a cidade no Vale do A\u00e7o. (Informa\u00e7\u00f5es: Bell Silva\/O Popular)<\/p>\n","protected":false},"excerpt":{"rendered":"<p>Um acidente na BR-381 matou o soldado da Pol\u00edcia Militar Leonardo Vin\u00edcius Sousa de Assis, 23 anos, lotado no 58\u00ba Batalh\u00e3o de Coronel Fabriciano. O acidente ocorreu por volta das 12h deste domingo, 6 de abril, no km 310 da rodovia, pr\u00f3ximo a Ant\u00f4nio Dias. Moto ficou completamente destru\u00edda. PM trabalhou em Monlevade e tinha [&hellip;]<\/p>\n","protected":false},"author":1,"featured_media":25989,"comment_status":"open","ping_status":"closed","sticky":false,"template":"","format":"standard","meta":{"amp_status":"","footnotes":""},"categories":[121],"tags":[1740,1524,1018,6386,6385,6384],"class_list":["post-25988","post","type-post","status-publish","format-standard","has-post-thumbnail","hentry","category-leste","tag-antonio-dias","tag-coronel-fabriciano","tag-destaque","tag-policial-militar-morre-em-acidente-envolvendo-moto-e-carreta-em-antonio-dias","tag-policial-militar-morre-em-acidente-envolvendo-moto-e-carreta-na-br-381","tag-policial-morre-em-acidente-na-br-381"],"yoast_head":"<!-- This site is optimized with the Yoast SEO plugin v28.3 - https:\/\/yoast.com\/product\/yoast-seo-wordpress\/ -->\n<title>Policial Militar morre em acidente envolvendo moto e carreta na BR-381 - Aconteceu no Vale<\/title>\n<meta name=\"robots\" content=\"index, follow, max-snippet:-1, max-image-preview:large, max-video-preview:-1\" \/>\n<link rel=\"canonical\" href=\"https:\/\/aconteceunovale.com.br\/portal\/?p=25988\" \/>\n<meta property=\"og:locale\" content=\"pt_BR\" \/>\n<meta property=\"og:type\" content=\"article\" \/>\n<meta property=\"og:title\" content=\"Policial Militar morre em acidente envolvendo moto e carreta na BR-381 - Aconteceu no Vale\" \/>\n<meta property=\"og:description\" content=\"Um acidente na BR-381 matou o soldado da Pol\u00edcia Militar Leonardo Vin\u00edcius Sousa de Assis, 23 anos, lotado no 58\u00ba Batalh\u00e3o de Coronel Fabriciano. O acidente ocorreu por volta das 12h deste domingo, 6 de abril, no km 310 da rodovia, pr\u00f3ximo a Ant\u00f4nio Dias. Moto ficou completamente destru\u00edda. PM trabalhou em Monlevade e tinha [&hellip;]\" \/>\n<meta property=\"og:url\" content=\"https:\/\/aconteceunovale.com.br\/portal\/?p=25988\" \/>\n<meta property=\"og:site_name\" content=\"Aconteceu no Vale\" \/>\n<meta property=\"article:publisher\" content=\"https:\/\/www.facebook.com\/aconteceunovale\/\" \/>\n<meta property=\"article:published_time\" content=\"2014-04-07T15:49:35+00:00\" \/>\n<meta property=\"og:image\" content=\"https:\/\/aconteceunovale.com.br\/portal\/wp-content\/uploads\/2014\/04\/pm_morre_acidente_381.jpg\" \/>\n\t<meta property=\"og:image:width\" content=\"640\" \/>\n\t<meta property=\"og:image:height\" content=\"434\" \/>\n\t<meta property=\"og:image:type\" content=\"image\/jpeg\" \/>\n<meta name=\"author\" content=\"Aconteceu no Vale\" \/>\n<meta name=\"twitter:card\" content=\"summary_large_image\" \/>\n<meta name=\"twitter:creator\" content=\"@noticiadosvales\" \/>\n<meta name=\"twitter:site\" content=\"@noticiadosvales\" \/>\n<meta name=\"twitter:label1\" content=\"Escrito por\" \/>\n\t<meta name=\"twitter:data1\" content=\"Aconteceu no Vale\" \/>\n\t<meta name=\"twitter:label2\" content=\"Est. tempo de leitura\" \/>\n\t<meta name=\"twitter:data2\" content=\"1 minuto\" \/>\n<script type=\"application\/ld+json\" class=\"yoast-schema-graph\">{\"@context\":\"https:\\\/\\\/schema.org\",\"@graph\":[{\"@type\":\"Article\",\"@id\":\"https:\\\/\\\/aconteceunovale.com.br\\\/portal\\\/?p=25988#article\",\"isPartOf\":{\"@id\":\"https:\\\/\\\/aconteceunovale.com.br\\\/portal\\\/?p=25988\"},\"author\":{\"name\":\"Aconteceu no Vale\",\"@id\":\"https:\\\/\\\/aconteceunovale.com.br\\\/portal\\\/#\\\/schema\\\/person\\\/633529146f2c94272bef50ac2953d589\"},\"headline\":\"Policial Militar morre em acidente envolvendo moto e carreta na BR-381\",\"datePublished\":\"2014-04-07T15:49:35+00:00\",\"mainEntityOfPage\":{\"@id\":\"https:\\\/\\\/aconteceunovale.com.br\\\/portal\\\/?p=25988\"},\"wordCount\":152,\"commentCount\":0,\"image\":{\"@id\":\"https:\\\/\\\/aconteceunovale.com.br\\\/portal\\\/?p=25988#primaryimage\"},\"thumbnailUrl\":\"https:\\\/\\\/aconteceunovale.com.br\\\/portal\\\/wp-content\\\/uploads\\\/2014\\\/04\\\/pm_morre_acidente_381.jpg\",\"keywords\":[\"Ant\u00f4nio Dias\",\"Coronel Fabriciano\",\"destaque\",\"Policial Militar morre em acidente envolvendo moto e carreta em Ant\u00f4nio Dias\",\"Policial Militar morre em acidente envolvendo moto e carreta na BR-381\",\"Policial morre em acidente na BR-381\"],\"articleSection\":[\"Leste de Minas\"],\"inLanguage\":\"pt-BR\",\"potentialAction\":[{\"@type\":\"CommentAction\",\"name\":\"Comment\",\"target\":[\"https:\\\/\\\/aconteceunovale.com.br\\\/portal\\\/?p=25988#respond\"]}]},{\"@type\":\"WebPage\",\"@id\":\"https:\\\/\\\/aconteceunovale.com.br\\\/portal\\\/?p=25988\",\"url\":\"https:\\\/\\\/aconteceunovale.com.br\\\/portal\\\/?p=25988\",\"name\":\"Policial Militar morre em acidente envolvendo moto e carreta na BR-381 - Aconteceu no Vale\",\"isPartOf\":{\"@id\":\"https:\\\/\\\/aconteceunovale.com.br\\\/portal\\\/#website\"},\"primaryImageOfPage\":{\"@id\":\"https:\\\/\\\/aconteceunovale.com.br\\\/portal\\\/?p=25988#primaryimage\"},\"image\":{\"@id\":\"https:\\\/\\\/aconteceunovale.com.br\\\/portal\\\/?p=25988#primaryimage\"},\"thumbnailUrl\":\"https:\\\/\\\/aconteceunovale.com.br\\\/portal\\\/wp-content\\\/uploads\\\/2014\\\/04\\\/pm_morre_acidente_381.jpg\",\"datePublished\":\"2014-04-07T15:49:35+00:00\",\"author\":{\"@id\":\"https:\\\/\\\/aconteceunovale.com.br\\\/portal\\\/#\\\/schema\\\/person\\\/633529146f2c94272bef50ac2953d589\"},\"breadcrumb\":{\"@id\":\"https:\\\/\\\/aconteceunovale.com.br\\\/portal\\\/?p=25988#breadcrumb\"},\"inLanguage\":\"pt-BR\",\"potentialAction\":[{\"@type\":\"ReadAction\",\"target\":[\"https:\\\/\\\/aconteceunovale.com.br\\\/portal\\\/?p=25988\"]}]},{\"@type\":\"ImageObject\",\"inLanguage\":\"pt-BR\",\"@id\":\"https:\\\/\\\/aconteceunovale.com.br\\\/portal\\\/?p=25988#primaryimage\",\"url\":\"https:\\\/\\\/aconteceunovale.com.br\\\/portal\\\/wp-content\\\/uploads\\\/2014\\\/04\\\/pm_morre_acidente_381.jpg\",\"contentUrl\":\"https:\\\/\\\/aconteceunovale.com.br\\\/portal\\\/wp-content\\\/uploads\\\/2014\\\/04\\\/pm_morre_acidente_381.jpg\",\"width\":640,\"height\":434},{\"@type\":\"BreadcrumbList\",\"@id\":\"https:\\\/\\\/aconteceunovale.com.br\\\/portal\\\/?p=25988#breadcrumb\",\"itemListElement\":[{\"@type\":\"ListItem\",\"position\":1,\"name\":\"In\u00edcio\",\"item\":\"https:\\\/\\\/aconteceunovale.com.br\\\/portal\\\/\"},{\"@type\":\"ListItem\",\"position\":2,\"name\":\"Policial Militar morre em acidente envolvendo moto e carreta na BR-381\"}]},{\"@type\":\"WebSite\",\"@id\":\"https:\\\/\\\/aconteceunovale.com.br\\\/portal\\\/#website\",\"url\":\"https:\\\/\\\/aconteceunovale.com.br\\\/portal\\\/\",\"name\":\"Aconteceu no Vale\",\"description\":\"Portal de Not\u00edcias\",\"potentialAction\":[{\"@type\":\"SearchAction\",\"target\":{\"@type\":\"EntryPoint\",\"urlTemplate\":\"https:\\\/\\\/aconteceunovale.com.br\\\/portal\\\/?s={search_term_string}\"},\"query-input\":{\"@type\":\"PropertyValueSpecification\",\"valueRequired\":true,\"valueName\":\"search_term_string\"}}],\"inLanguage\":\"pt-BR\"},{\"@type\":\"Person\",\"@id\":\"https:\\\/\\\/aconteceunovale.com.br\\\/portal\\\/#\\\/schema\\\/person\\\/633529146f2c94272bef50ac2953d589\",\"name\":\"Aconteceu no Vale\",\"description\":\"Equipe de reportagem do Aconteceu no Vale, portal de not\u00edcias do Vale do Jequitinhonha, em Minas Gerais. Cobrimos as 51 cidades do Vale desde 2013. Sugest\u00f5es de pauta e pedidos de corre\u00e7\u00e3o: contato@aconteceunovale.com.br\",\"sameAs\":[\"http:\\\/\\\/www.aconteceunovale.com.br\"],\"url\":\"https:\\\/\\\/aconteceunovale.com.br\\\/portal\\\/?author=1\"}]}<\/script>\n<!-- \/ Yoast SEO plugin. -->","yoast_head_json":{"title":"Policial Militar morre em acidente envolvendo moto e carreta na BR-381 - Aconteceu no Vale","robots":{"index":"index","follow":"follow","max-snippet":"max-snippet:-1","max-image-preview":"max-image-preview:large","max-video-preview":"max-video-preview:-1"},"canonical":"https:\/\/aconteceunovale.com.br\/portal\/?p=25988","og_locale":"pt_BR","og_type":"article","og_title":"Policial Militar morre em acidente envolvendo moto e carreta na BR-381 - Aconteceu no Vale","og_description":"Um acidente na BR-381 matou o soldado da Pol\u00edcia Militar Leonardo Vin\u00edcius Sousa de Assis, 23 anos, lotado no 58\u00ba Batalh\u00e3o de Coronel Fabriciano. O acidente ocorreu por volta das 12h deste domingo, 6 de abril, no km 310 da rodovia, pr\u00f3ximo a Ant\u00f4nio Dias. Moto ficou completamente destru\u00edda. PM trabalhou em Monlevade e tinha [&hellip;]","og_url":"https:\/\/aconteceunovale.com.br\/portal\/?p=25988","og_site_name":"Aconteceu no Vale","article_publisher":"https:\/\/www.facebook.com\/aconteceunovale\/","article_published_time":"2014-04-07T15:49:35+00:00","og_image":[{"width":640,"height":434,"url":"https:\/\/aconteceunovale.com.br\/portal\/wp-content\/uploads\/2014\/04\/pm_morre_acidente_381.jpg","type":"image\/jpeg"}],"author":"Aconteceu no Vale","twitter_card":"summary_large_image","twitter_creator":"@noticiadosvales","twitter_site":"@noticiadosvales","twitter_misc":{"Escrito por":"Aconteceu no Vale","Est. tempo de leitura":"1 minuto"},"schema":{"@context":"https:\/\/schema.org","@graph":[{"@type":"Article","@id":"https:\/\/aconteceunovale.com.br\/portal\/?p=25988#article","isPartOf":{"@id":"https:\/\/aconteceunovale.com.br\/portal\/?p=25988"},"author":{"name":"Aconteceu no Vale","@id":"https:\/\/aconteceunovale.com.br\/portal\/#\/schema\/person\/633529146f2c94272bef50ac2953d589"},"headline":"Policial Militar morre em acidente envolvendo moto e carreta na BR-381","datePublished":"2014-04-07T15:49:35+00:00","mainEntityOfPage":{"@id":"https:\/\/aconteceunovale.com.br\/portal\/?p=25988"},"wordCount":152,"commentCount":0,"image":{"@id":"https:\/\/aconteceunovale.com.br\/portal\/?p=25988#primaryimage"},"thumbnailUrl":"https:\/\/aconteceunovale.com.br\/portal\/wp-content\/uploads\/2014\/04\/pm_morre_acidente_381.jpg","keywords":["Ant\u00f4nio Dias","Coronel Fabriciano","destaque","Policial Militar morre em acidente envolvendo moto e carreta em Ant\u00f4nio Dias","Policial Militar morre em acidente envolvendo moto e carreta na BR-381","Policial morre em acidente na BR-381"],"articleSection":["Leste de Minas"],"inLanguage":"pt-BR","potentialAction":[{"@type":"CommentAction","name":"Comment","target":["https:\/\/aconteceunovale.com.br\/portal\/?p=25988#respond"]}]},{"@type":"WebPage","@id":"https:\/\/aconteceunovale.com.br\/portal\/?p=25988","url":"https:\/\/aconteceunovale.com.br\/portal\/?p=25988","name":"Policial Militar morre em acidente envolvendo moto e carreta na BR-381 - Aconteceu no Vale","isPartOf":{"@id":"https:\/\/aconteceunovale.com.br\/portal\/#website"},"primaryImageOfPage":{"@id":"https:\/\/aconteceunovale.com.br\/portal\/?p=25988#primaryimage"},"image":{"@id":"https:\/\/aconteceunovale.com.br\/portal\/?p=25988#primaryimage"},"thumbnailUrl":"https:\/\/aconteceunovale.com.br\/portal\/wp-content\/uploads\/2014\/04\/pm_morre_acidente_381.jpg","datePublished":"2014-04-07T15:49:35+00:00","author":{"@id":"https:\/\/aconteceunovale.com.br\/portal\/#\/schema\/person\/633529146f2c94272bef50ac2953d589"},"breadcrumb":{"@id":"https:\/\/aconteceunovale.com.br\/portal\/?p=25988#breadcrumb"},"inLanguage":"pt-BR","potentialAction":[{"@type":"ReadAction","target":["https:\/\/aconteceunovale.com.br\/portal\/?p=25988"]}]},{"@type":"ImageObject","inLanguage":"pt-BR","@id":"https:\/\/aconteceunovale.com.br\/portal\/?p=25988#primaryimage","url":"https:\/\/aconteceunovale.com.br\/portal\/wp-content\/uploads\/2014\/04\/pm_morre_acidente_381.jpg","contentUrl":"https:\/\/aconteceunovale.com.br\/portal\/wp-content\/uploads\/2014\/04\/pm_morre_acidente_381.jpg","width":640,"height":434},{"@type":"BreadcrumbList","@id":"https:\/\/aconteceunovale.com.br\/portal\/?p=25988#breadcrumb","itemListElement":[{"@type":"ListItem","position":1,"name":"In\u00edcio","item":"https:\/\/aconteceunovale.com.br\/portal\/"},{"@type":"ListItem","position":2,"name":"Policial Militar morre em acidente envolvendo moto e carreta na BR-381"}]},{"@type":"WebSite","@id":"https:\/\/aconteceunovale.com.br\/portal\/#website","url":"https:\/\/aconteceunovale.com.br\/portal\/","name":"Aconteceu no Vale","description":"Portal de Not\u00edcias","potentialAction":[{"@type":"SearchAction","target":{"@type":"EntryPoint","urlTemplate":"https:\/\/aconteceunovale.com.br\/portal\/?s={search_term_string}"},"query-input":{"@type":"PropertyValueSpecification","valueRequired":true,"valueName":"search_term_string"}}],"inLanguage":"pt-BR"},{"@type":"Person","@id":"https:\/\/aconteceunovale.com.br\/portal\/#\/schema\/person\/633529146f2c94272bef50ac2953d589","name":"Aconteceu no Vale","description":"Equipe de reportagem do Aconteceu no Vale, portal de not\u00edcias do Vale do Jequitinhonha, em Minas Gerais. Cobrimos as 51 cidades do Vale desde 2013. Sugest\u00f5es de pauta e pedidos de corre\u00e7\u00e3o: contato@aconteceunovale.com.br","sameAs":["http:\/\/www.aconteceunovale.com.br"],"url":"https:\/\/aconteceunovale.com.br\/portal\/?author=1"}]}},"_links":{"self":[{"href":"https:\/\/aconteceunovale.com.br\/portal\/index.php?rest_route=\/wp\/v2\/posts\/25988","targetHints":{"allow":["GET"]}}],"collection":[{"href":"https:\/\/aconteceunovale.com.br\/portal\/index.php?rest_route=\/wp\/v2\/posts"}],"about":[{"href":"https:\/\/aconteceunovale.com.br\/portal\/index.php?rest_route=\/wp\/v2\/types\/post"}],"author":[{"embeddable":true,"href":"https:\/\/aconteceunovale.com.br\/portal\/index.php?rest_route=\/wp\/v2\/users\/1"}],"replies":[{"embeddable":true,"href":"https:\/\/aconteceunovale.com.br\/portal\/index.php?rest_route=%2Fwp%2Fv2%2Fcomments&post=25988"}],"version-history":[{"count":0,"href":"https:\/\/aconteceunovale.com.br\/portal\/index.php?rest_route=\/wp\/v2\/posts\/25988\/revisions"}],"wp:featuredmedia":[{"embeddable":true,"href":"https:\/\/aconteceunovale.com.br\/portal\/index.php?rest_route=\/wp\/v2\/media\/25989"}],"wp:attachment":[{"href":"https:\/\/aconteceunovale.com.br\/portal\/index.php?rest_route=%2Fwp%2Fv2%2Fmedia&parent=25988"}],"wp:term":[{"taxonomy":"category","embeddable":true,"href":"https:\/\/aconteceunovale.com.br\/portal\/index.php?rest_route=%2Fwp%2Fv2%2Fcategories&post=25988"},{"taxonomy":"post_tag","embeddable":true,"href":"https:\/\/aconteceunovale.com.br\/portal\/index.php?rest_route=%2Fwp%2Fv2%2Ftags&post=25988"}],"curies":[{"name":"wp","href":"https:\/\/api.w.org\/{rel}","templated":true}]}}