{"id":25985,"date":"2014-04-07T10:04:02","date_gmt":"2014-04-07T13:04:02","guid":{"rendered":"http:\/\/aconteceunovale.com.br\/portal\/?p=25985"},"modified":"2014-04-07T10:04:19","modified_gmt":"2014-04-07T13:04:19","slug":"moradores-relatam-panico-durante-tremores-de-terra-em-montes-claros","status":"publish","type":"post","link":"https:\/\/aconteceunovale.com.br\/portal\/?p=25985","title":{"rendered":"Moradores relatam p\u00e2nico durante tremores de terra em Montes Claros"},"content":{"rendered":"<p>Ontem, o ch\u00e3o balan\u00e7ou de novo em Montes Claros. Cinco tremores assustaram moradores do Norte de Minas \u2013 o mais forte, \u00e0s 10h40, atingiu 4,2 pontos na escala Richter, registrados pelo Observat\u00f3rio Sismol\u00f3gico da Universidade de Bras\u00edlia (UnB). Por 45 minutos, 90 mil domic\u00edlios norte-mineiros ficaram sem luz \u2013 70 mil deles em Montes Claros, metade dos im\u00f3veis da cidade. Os outros 20 mil ficam nos munic\u00edpios de Cora\u00e7\u00e3o de Jesus, Gr\u00e3o Mogol e Botumirim.<\/p>\n<p>De acordo com a Cemig, os tremores provocaram problemas na subesta\u00e7\u00e3o de energia que fica perto do epicentro do fen\u00f4meno. Servi\u00e7os de telefonia e internet foram temporariamente interrompidos. Depois do abalo mais intenso, seguiram-se tr\u00eas menores, chamados r\u00e9plicas. \u00c0s 16h31, o fen\u00f4meno voltou a assustar, alcan\u00e7ando 4,1 pontos, segundo a UnB.<\/p>\n<p>O reboco do teto de uma casa caiu e uma crian\u00e7a ficou levemente ferida. Na Vila Alice, um telhado foi danificado. Os servi\u00e7os de telefonia deixaram de funcionar por cerca de 30 minutos. O Corpo de Bombeiros recebeu cerca de 200 chamadas de pessoas assustadas, pedindo orienta\u00e7\u00e3o. Os tremores acabaram tamb\u00e9m com o sossego de frequentadores de bares e clubes de Montes Claros.<\/p>\n<p>Maio Fen\u00f4menos s\u00edsmicos n\u00e3o s\u00e3o novidade para os montes-clarenses. Em maio de 2012, um tremor de 4,2 pontos na escala Richter provocou rachaduras em cerca 60 casas na Vila Atl\u00e2ntica, situada na \u00e1rea onde h\u00e1 uma falha geol\u00f3gica.<\/p>\n<p>Desta vez, o susto foi consider\u00e1vel, pois os cinco tremores ocorreram no mesmo dia. Moradores se angustiaram com a falta de informa\u00e7\u00f5es sobre a intensidade do fen\u00f4meno. Ontem de manh\u00e3, logo em seguida ao primeiro tremor, entrou em a\u00e7\u00e3o a for\u00e7a-tarefa formada por Corpo de Bombeiros, Pol\u00edcia Militar, Cemig, Defesa Civil Municipal e Guarda Municipal. No entanto, a equipe n\u00e3o conseguiu informa\u00e7\u00f5es oficiais do Observat\u00f3rio Sismol\u00f3gico da UnB sobre a magnitude dos abalos. O \u00f3rg\u00e3o \u00e9 encarregado de monitorar tremores de terra no pa\u00eds. <\/p>\n<p>O coordenador municipal de Defesa Civil de Montes Claros, Mattsson Malveira, disse que a falta de dados oficiais dificulta o trabalho de preven\u00e7\u00e3o e orienta\u00e7\u00e3o aos moradores. \u201c\u00c9 preciso postura mais s\u00e9ria por parte do governo federal. Necessitamos de informa\u00e7\u00f5es mais detalhadas para podermos ajudar a popula\u00e7\u00e3o\u201d, criticou Malveira. De acordo com ele, a situa\u00e7\u00e3o foi at\u00edpica, pois houve v\u00e1rios tremores no mesmo dia.<\/p>\n<p>O chefe do Observat\u00f3rio Sismol\u00f3gico da UnB, professor Lucas Vieira Barros, explicou ao EM que se encontrava numa cidade-sat\u00e9lite de Bras\u00edlia. No fim de semana, n\u00e3o h\u00e1 funcion\u00e1rios no Observat\u00f3rio, informou. No fim da tarde, o pr\u00f3prio professor foi \u00e0 sede do \u00f3rg\u00e3o providenciar a leitura dos dados.<\/p>\n<p>De acordo com o especialista, aparelhos registraram as magnitudes do primeiro e do \u00faltimo abalos, mais fortes. \u201cOs outros tremores, secund\u00e1rios ao primeiro, foram de menor intensidade. \u00c9 necess\u00e1ria leitura mais precisa para poder calcul\u00e1-los\u201d, afirmou.<\/p>\n<p><img decoding=\"async\" src=\"http:\/\/aconteceunovale.com.br\/portal\/wp-content\/uploads\/2014\/04\/casa_interditada_moc_07_04.jpg\" alt=\"\" \/><strong>A\u00e7\u00e3o de bombeiros interdita moradia no Bairro Delfino &#8211; Foto: Wilson Ribeiro\/TV Alterosa<\/strong><br \/>\n<\/br><\/p>\n<h3><strong>P\u00e2nico e casa interditada<\/strong><\/h3>\n<p>Ana Carolina Ferreira Mesquita, de 14 anos, assistia \u00e0 TV na sala da pequena casa onde mora, no Bairro Delfino, quando despencou o reboco do teto. Um fragmento atingiu a adolescente. \u201cS\u00f3 fez um \u2018galo\u2019 na minha cabe\u00e7a\u201d, contou ela, muito assustada. Por causa da chuva, h\u00e1 infiltra\u00e7\u00f5es na laje, o que contribuiu para a queda do reboco.<\/p>\n<p>O im\u00f3vel foi interditado pelo Corpo de Bombeiros. \u201cN\u00e3o sabemos para onde ir\u201d, reclamou, desolado, o agente sanit\u00e1rio Francisco Jos\u00e9 Mesquita, de 43, pai de Ana Carolina. \u201cAgora, s\u00f3 Deus\u201d, lamentou a menina.<\/p>\n<p>No Centro de Montes Claros, mais p\u00e2nico. Uma mulher, que n\u00e3o quis se identificar, saiu correndo para a rua depois de ver surgirem rachaduras na parede da cozinha de seu apartamento, no terceiro andar. O Corpo de Bombeiros foi acionado para resgatar tr\u00eas pessoas presas em elevadores. Apenas uma foi atendida. No caso das outras duas, a energia el\u00e9trica voltou antes da chegada dos agentes. Na Vila Alice, o telhado de uma casa foi danificado.<\/p>\n<p>O tremor da manh\u00e3 foi sentido com mais intensidade na Vila Atl\u00e2ntica, que fica perto do epicentro do abalo. Os moradores sa\u00edram correndo, muito assustados. \u201cEstava lavando roupas, e a casa toda balan\u00e7ou\u201d, contou a dom\u00e9stica Sueli Pereira da Silva. No final da manh\u00e3, ela ainda temia voltar para sua resid\u00eancia.<\/p>\n<p>Vizinha de Sueli, a auxiliar Ala\u00edde Ferreira da Fonseca n\u00e3o escondia a apreens\u00e3o. \u201cO tremor foi muito forte\u201d, revelou. Apesar do susto, Ala\u00edde teve um consolo: desta vez, n\u00e3o houve rachaduras em sua casa, como ocorreu anteriormente. (Estado de Minas)<\/p>\n","protected":false},"excerpt":{"rendered":"<p>Ontem, o ch\u00e3o balan\u00e7ou de novo em Montes Claros. Cinco tremores assustaram moradores do Norte de Minas \u2013 o mais forte, \u00e0s 10h40, atingiu 4,2 pontos na escala Richter, registrados pelo Observat\u00f3rio Sismol\u00f3gico da Universidade de Bras\u00edlia (UnB). Por 45 minutos, 90 mil domic\u00edlios norte-mineiros ficaram sem luz \u2013 70 mil deles em Montes Claros, [&hellip;]<\/p>\n","protected":false},"author":1,"featured_media":25986,"comment_status":"open","ping_status":"closed","sticky":false,"template":"","format":"standard","meta":{"amp_status":"","footnotes":""},"categories":[1236],"tags":[1018,210,6383],"class_list":["post-25985","post","type-post","status-publish","format-standard","has-post-thumbnail","hentry","category-norte_de_minas","tag-destaque","tag-montes-claros","tag-moradores-relatam-panico-durante-tremores-de-terra-em-montes-claros"],"yoast_head":"<!-- This site is optimized with the Yoast SEO plugin v28.3 - https:\/\/yoast.com\/product\/yoast-seo-wordpress\/ -->\n<title>Moradores relatam p\u00e2nico durante tremores de terra em Montes Claros - Aconteceu no Vale<\/title>\n<meta name=\"robots\" content=\"index, follow, max-snippet:-1, max-image-preview:large, max-video-preview:-1\" \/>\n<link rel=\"canonical\" href=\"https:\/\/aconteceunovale.com.br\/portal\/?p=25985\" \/>\n<meta property=\"og:locale\" content=\"pt_BR\" \/>\n<meta property=\"og:type\" content=\"article\" \/>\n<meta property=\"og:title\" content=\"Moradores relatam p\u00e2nico durante tremores de terra em Montes Claros - Aconteceu no Vale\" \/>\n<meta property=\"og:description\" content=\"Ontem, o ch\u00e3o balan\u00e7ou de novo em Montes Claros. Cinco tremores assustaram moradores do Norte de Minas \u2013 o mais forte, \u00e0s 10h40, atingiu 4,2 pontos na escala Richter, registrados pelo Observat\u00f3rio Sismol\u00f3gico da Universidade de Bras\u00edlia (UnB). Por 45 minutos, 90 mil domic\u00edlios norte-mineiros ficaram sem luz \u2013 70 mil deles em Montes Claros, [&hellip;]\" \/>\n<meta property=\"og:url\" content=\"https:\/\/aconteceunovale.com.br\/portal\/?p=25985\" \/>\n<meta property=\"og:site_name\" content=\"Aconteceu no Vale\" \/>\n<meta property=\"article:publisher\" content=\"https:\/\/www.facebook.com\/aconteceunovale\/\" \/>\n<meta property=\"article:published_time\" content=\"2014-04-07T13:04:02+00:00\" \/>\n<meta property=\"article:modified_time\" content=\"2014-04-07T13:04:19+00:00\" \/>\n<meta property=\"og:image\" content=\"https:\/\/aconteceunovale.com.br\/portal\/wp-content\/uploads\/2014\/04\/casa_interditada_moc_07_04.jpg\" \/>\n\t<meta property=\"og:image:width\" content=\"620\" \/>\n\t<meta property=\"og:image:height\" content=\"318\" \/>\n\t<meta property=\"og:image:type\" content=\"image\/jpeg\" \/>\n<meta name=\"author\" content=\"Aconteceu no Vale\" \/>\n<meta name=\"twitter:card\" content=\"summary_large_image\" \/>\n<meta name=\"twitter:creator\" content=\"@noticiadosvales\" \/>\n<meta name=\"twitter:site\" content=\"@noticiadosvales\" \/>\n<meta name=\"twitter:label1\" content=\"Escrito por\" \/>\n\t<meta name=\"twitter:data1\" content=\"Aconteceu no Vale\" \/>\n\t<meta name=\"twitter:label2\" content=\"Est. tempo de leitura\" \/>\n\t<meta name=\"twitter:data2\" content=\"4 minutos\" \/>\n<script type=\"application\/ld+json\" class=\"yoast-schema-graph\">{\"@context\":\"https:\\\/\\\/schema.org\",\"@graph\":[{\"@type\":\"Article\",\"@id\":\"https:\\\/\\\/aconteceunovale.com.br\\\/portal\\\/?p=25985#article\",\"isPartOf\":{\"@id\":\"https:\\\/\\\/aconteceunovale.com.br\\\/portal\\\/?p=25985\"},\"author\":{\"name\":\"Aconteceu no Vale\",\"@id\":\"https:\\\/\\\/aconteceunovale.com.br\\\/portal\\\/#\\\/schema\\\/person\\\/633529146f2c94272bef50ac2953d589\"},\"headline\":\"Moradores relatam p\u00e2nico durante tremores de terra em Montes Claros\",\"datePublished\":\"2014-04-07T13:04:02+00:00\",\"dateModified\":\"2014-04-07T13:04:19+00:00\",\"mainEntityOfPage\":{\"@id\":\"https:\\\/\\\/aconteceunovale.com.br\\\/portal\\\/?p=25985\"},\"wordCount\":805,\"commentCount\":0,\"image\":{\"@id\":\"https:\\\/\\\/aconteceunovale.com.br\\\/portal\\\/?p=25985#primaryimage\"},\"thumbnailUrl\":\"https:\\\/\\\/aconteceunovale.com.br\\\/portal\\\/wp-content\\\/uploads\\\/2014\\\/04\\\/casa_interditada_moc_07_04.jpg\",\"keywords\":[\"destaque\",\"Montes Claros\",\"Moradores relatam p\u00e2nico durante tremores de terra em Montes Claros\"],\"articleSection\":[\"Norte de Minas\"],\"inLanguage\":\"pt-BR\",\"potentialAction\":[{\"@type\":\"CommentAction\",\"name\":\"Comment\",\"target\":[\"https:\\\/\\\/aconteceunovale.com.br\\\/portal\\\/?p=25985#respond\"]}]},{\"@type\":\"WebPage\",\"@id\":\"https:\\\/\\\/aconteceunovale.com.br\\\/portal\\\/?p=25985\",\"url\":\"https:\\\/\\\/aconteceunovale.com.br\\\/portal\\\/?p=25985\",\"name\":\"Moradores relatam p\u00e2nico durante tremores de terra em Montes Claros - Aconteceu no Vale\",\"isPartOf\":{\"@id\":\"https:\\\/\\\/aconteceunovale.com.br\\\/portal\\\/#website\"},\"primaryImageOfPage\":{\"@id\":\"https:\\\/\\\/aconteceunovale.com.br\\\/portal\\\/?p=25985#primaryimage\"},\"image\":{\"@id\":\"https:\\\/\\\/aconteceunovale.com.br\\\/portal\\\/?p=25985#primaryimage\"},\"thumbnailUrl\":\"https:\\\/\\\/aconteceunovale.com.br\\\/portal\\\/wp-content\\\/uploads\\\/2014\\\/04\\\/casa_interditada_moc_07_04.jpg\",\"datePublished\":\"2014-04-07T13:04:02+00:00\",\"dateModified\":\"2014-04-07T13:04:19+00:00\",\"author\":{\"@id\":\"https:\\\/\\\/aconteceunovale.com.br\\\/portal\\\/#\\\/schema\\\/person\\\/633529146f2c94272bef50ac2953d589\"},\"breadcrumb\":{\"@id\":\"https:\\\/\\\/aconteceunovale.com.br\\\/portal\\\/?p=25985#breadcrumb\"},\"inLanguage\":\"pt-BR\",\"potentialAction\":[{\"@type\":\"ReadAction\",\"target\":[\"https:\\\/\\\/aconteceunovale.com.br\\\/portal\\\/?p=25985\"]}]},{\"@type\":\"ImageObject\",\"inLanguage\":\"pt-BR\",\"@id\":\"https:\\\/\\\/aconteceunovale.com.br\\\/portal\\\/?p=25985#primaryimage\",\"url\":\"https:\\\/\\\/aconteceunovale.com.br\\\/portal\\\/wp-content\\\/uploads\\\/2014\\\/04\\\/casa_interditada_moc_07_04.jpg\",\"contentUrl\":\"https:\\\/\\\/aconteceunovale.com.br\\\/portal\\\/wp-content\\\/uploads\\\/2014\\\/04\\\/casa_interditada_moc_07_04.jpg\",\"width\":620,\"height\":318},{\"@type\":\"BreadcrumbList\",\"@id\":\"https:\\\/\\\/aconteceunovale.com.br\\\/portal\\\/?p=25985#breadcrumb\",\"itemListElement\":[{\"@type\":\"ListItem\",\"position\":1,\"name\":\"In\u00edcio\",\"item\":\"https:\\\/\\\/aconteceunovale.com.br\\\/portal\\\/\"},{\"@type\":\"ListItem\",\"position\":2,\"name\":\"Moradores relatam p\u00e2nico durante tremores de terra em Montes Claros\"}]},{\"@type\":\"WebSite\",\"@id\":\"https:\\\/\\\/aconteceunovale.com.br\\\/portal\\\/#website\",\"url\":\"https:\\\/\\\/aconteceunovale.com.br\\\/portal\\\/\",\"name\":\"Aconteceu no Vale\",\"description\":\"Portal de Not\u00edcias\",\"potentialAction\":[{\"@type\":\"SearchAction\",\"target\":{\"@type\":\"EntryPoint\",\"urlTemplate\":\"https:\\\/\\\/aconteceunovale.com.br\\\/portal\\\/?s={search_term_string}\"},\"query-input\":{\"@type\":\"PropertyValueSpecification\",\"valueRequired\":true,\"valueName\":\"search_term_string\"}}],\"inLanguage\":\"pt-BR\"},{\"@type\":\"Person\",\"@id\":\"https:\\\/\\\/aconteceunovale.com.br\\\/portal\\\/#\\\/schema\\\/person\\\/633529146f2c94272bef50ac2953d589\",\"name\":\"Aconteceu no Vale\",\"description\":\"Equipe de reportagem do Aconteceu no Vale, portal de not\u00edcias do Vale do Jequitinhonha, em Minas Gerais. Cobrimos as 51 cidades do Vale desde 2013. Sugest\u00f5es de pauta e pedidos de corre\u00e7\u00e3o: contato@aconteceunovale.com.br\",\"sameAs\":[\"http:\\\/\\\/www.aconteceunovale.com.br\"],\"url\":\"https:\\\/\\\/aconteceunovale.com.br\\\/portal\\\/?author=1\"}]}<\/script>\n<!-- \/ Yoast SEO plugin. -->","yoast_head_json":{"title":"Moradores relatam p\u00e2nico durante tremores de terra em Montes Claros - Aconteceu no Vale","robots":{"index":"index","follow":"follow","max-snippet":"max-snippet:-1","max-image-preview":"max-image-preview:large","max-video-preview":"max-video-preview:-1"},"canonical":"https:\/\/aconteceunovale.com.br\/portal\/?p=25985","og_locale":"pt_BR","og_type":"article","og_title":"Moradores relatam p\u00e2nico durante tremores de terra em Montes Claros - Aconteceu no Vale","og_description":"Ontem, o ch\u00e3o balan\u00e7ou de novo em Montes Claros. Cinco tremores assustaram moradores do Norte de Minas \u2013 o mais forte, \u00e0s 10h40, atingiu 4,2 pontos na escala Richter, registrados pelo Observat\u00f3rio Sismol\u00f3gico da Universidade de Bras\u00edlia (UnB). Por 45 minutos, 90 mil domic\u00edlios norte-mineiros ficaram sem luz \u2013 70 mil deles em Montes Claros, [&hellip;]","og_url":"https:\/\/aconteceunovale.com.br\/portal\/?p=25985","og_site_name":"Aconteceu no Vale","article_publisher":"https:\/\/www.facebook.com\/aconteceunovale\/","article_published_time":"2014-04-07T13:04:02+00:00","article_modified_time":"2014-04-07T13:04:19+00:00","og_image":[{"width":620,"height":318,"url":"https:\/\/aconteceunovale.com.br\/portal\/wp-content\/uploads\/2014\/04\/casa_interditada_moc_07_04.jpg","type":"image\/jpeg"}],"author":"Aconteceu no Vale","twitter_card":"summary_large_image","twitter_creator":"@noticiadosvales","twitter_site":"@noticiadosvales","twitter_misc":{"Escrito por":"Aconteceu no Vale","Est. tempo de leitura":"4 minutos"},"schema":{"@context":"https:\/\/schema.org","@graph":[{"@type":"Article","@id":"https:\/\/aconteceunovale.com.br\/portal\/?p=25985#article","isPartOf":{"@id":"https:\/\/aconteceunovale.com.br\/portal\/?p=25985"},"author":{"name":"Aconteceu no Vale","@id":"https:\/\/aconteceunovale.com.br\/portal\/#\/schema\/person\/633529146f2c94272bef50ac2953d589"},"headline":"Moradores relatam p\u00e2nico durante tremores de terra em Montes Claros","datePublished":"2014-04-07T13:04:02+00:00","dateModified":"2014-04-07T13:04:19+00:00","mainEntityOfPage":{"@id":"https:\/\/aconteceunovale.com.br\/portal\/?p=25985"},"wordCount":805,"commentCount":0,"image":{"@id":"https:\/\/aconteceunovale.com.br\/portal\/?p=25985#primaryimage"},"thumbnailUrl":"https:\/\/aconteceunovale.com.br\/portal\/wp-content\/uploads\/2014\/04\/casa_interditada_moc_07_04.jpg","keywords":["destaque","Montes Claros","Moradores relatam p\u00e2nico durante tremores de terra em Montes Claros"],"articleSection":["Norte de Minas"],"inLanguage":"pt-BR","potentialAction":[{"@type":"CommentAction","name":"Comment","target":["https:\/\/aconteceunovale.com.br\/portal\/?p=25985#respond"]}]},{"@type":"WebPage","@id":"https:\/\/aconteceunovale.com.br\/portal\/?p=25985","url":"https:\/\/aconteceunovale.com.br\/portal\/?p=25985","name":"Moradores relatam p\u00e2nico durante tremores de terra em Montes Claros - Aconteceu no Vale","isPartOf":{"@id":"https:\/\/aconteceunovale.com.br\/portal\/#website"},"primaryImageOfPage":{"@id":"https:\/\/aconteceunovale.com.br\/portal\/?p=25985#primaryimage"},"image":{"@id":"https:\/\/aconteceunovale.com.br\/portal\/?p=25985#primaryimage"},"thumbnailUrl":"https:\/\/aconteceunovale.com.br\/portal\/wp-content\/uploads\/2014\/04\/casa_interditada_moc_07_04.jpg","datePublished":"2014-04-07T13:04:02+00:00","dateModified":"2014-04-07T13:04:19+00:00","author":{"@id":"https:\/\/aconteceunovale.com.br\/portal\/#\/schema\/person\/633529146f2c94272bef50ac2953d589"},"breadcrumb":{"@id":"https:\/\/aconteceunovale.com.br\/portal\/?p=25985#breadcrumb"},"inLanguage":"pt-BR","potentialAction":[{"@type":"ReadAction","target":["https:\/\/aconteceunovale.com.br\/portal\/?p=25985"]}]},{"@type":"ImageObject","inLanguage":"pt-BR","@id":"https:\/\/aconteceunovale.com.br\/portal\/?p=25985#primaryimage","url":"https:\/\/aconteceunovale.com.br\/portal\/wp-content\/uploads\/2014\/04\/casa_interditada_moc_07_04.jpg","contentUrl":"https:\/\/aconteceunovale.com.br\/portal\/wp-content\/uploads\/2014\/04\/casa_interditada_moc_07_04.jpg","width":620,"height":318},{"@type":"BreadcrumbList","@id":"https:\/\/aconteceunovale.com.br\/portal\/?p=25985#breadcrumb","itemListElement":[{"@type":"ListItem","position":1,"name":"In\u00edcio","item":"https:\/\/aconteceunovale.com.br\/portal\/"},{"@type":"ListItem","position":2,"name":"Moradores relatam p\u00e2nico durante tremores de terra em Montes Claros"}]},{"@type":"WebSite","@id":"https:\/\/aconteceunovale.com.br\/portal\/#website","url":"https:\/\/aconteceunovale.com.br\/portal\/","name":"Aconteceu no Vale","description":"Portal de Not\u00edcias","potentialAction":[{"@type":"SearchAction","target":{"@type":"EntryPoint","urlTemplate":"https:\/\/aconteceunovale.com.br\/portal\/?s={search_term_string}"},"query-input":{"@type":"PropertyValueSpecification","valueRequired":true,"valueName":"search_term_string"}}],"inLanguage":"pt-BR"},{"@type":"Person","@id":"https:\/\/aconteceunovale.com.br\/portal\/#\/schema\/person\/633529146f2c94272bef50ac2953d589","name":"Aconteceu no Vale","description":"Equipe de reportagem do Aconteceu no Vale, portal de not\u00edcias do Vale do Jequitinhonha, em Minas Gerais. Cobrimos as 51 cidades do Vale desde 2013. Sugest\u00f5es de pauta e pedidos de corre\u00e7\u00e3o: contato@aconteceunovale.com.br","sameAs":["http:\/\/www.aconteceunovale.com.br"],"url":"https:\/\/aconteceunovale.com.br\/portal\/?author=1"}]}},"_links":{"self":[{"href":"https:\/\/aconteceunovale.com.br\/portal\/index.php?rest_route=\/wp\/v2\/posts\/25985","targetHints":{"allow":["GET"]}}],"collection":[{"href":"https:\/\/aconteceunovale.com.br\/portal\/index.php?rest_route=\/wp\/v2\/posts"}],"about":[{"href":"https:\/\/aconteceunovale.com.br\/portal\/index.php?rest_route=\/wp\/v2\/types\/post"}],"author":[{"embeddable":true,"href":"https:\/\/aconteceunovale.com.br\/portal\/index.php?rest_route=\/wp\/v2\/users\/1"}],"replies":[{"embeddable":true,"href":"https:\/\/aconteceunovale.com.br\/portal\/index.php?rest_route=%2Fwp%2Fv2%2Fcomments&post=25985"}],"version-history":[{"count":0,"href":"https:\/\/aconteceunovale.com.br\/portal\/index.php?rest_route=\/wp\/v2\/posts\/25985\/revisions"}],"wp:featuredmedia":[{"embeddable":true,"href":"https:\/\/aconteceunovale.com.br\/portal\/index.php?rest_route=\/wp\/v2\/media\/25986"}],"wp:attachment":[{"href":"https:\/\/aconteceunovale.com.br\/portal\/index.php?rest_route=%2Fwp%2Fv2%2Fmedia&parent=25985"}],"wp:term":[{"taxonomy":"category","embeddable":true,"href":"https:\/\/aconteceunovale.com.br\/portal\/index.php?rest_route=%2Fwp%2Fv2%2Fcategories&post=25985"},{"taxonomy":"post_tag","embeddable":true,"href":"https:\/\/aconteceunovale.com.br\/portal\/index.php?rest_route=%2Fwp%2Fv2%2Ftags&post=25985"}],"curies":[{"name":"wp","href":"https:\/\/api.w.org\/{rel}","templated":true}]}}