{"id":25975,"date":"2014-04-07T09:30:31","date_gmt":"2014-04-07T12:30:31","guid":{"rendered":"http:\/\/aconteceunovale.com.br\/portal\/?p=25975"},"modified":"2014-04-07T16:07:18","modified_gmt":"2014-04-07T19:07:18","slug":"pai-e-suspeito-de-matar-o-filho-a-facadas-em-sao-joao-das-missoes","status":"publish","type":"post","link":"https:\/\/aconteceunovale.com.br\/portal\/?p=25975","title":{"rendered":"Pai \u00e9 suspeito de matar o filho a facadas em S\u00e3o Jo\u00e3o das Miss\u00f5es"},"content":{"rendered":"<p>Um ind\u00edgena de uma aldeia localizada em no munic\u00edpio de S\u00e3o Jo\u00e3o das Miss\u00f5es, no Norte de Minas, foi preso pela Pol\u00edcia Militar (PM), durante a madrugada de domingo (6), por suspeita de matar o filho a facadas. O crime chocou os cerca de 11 mil habitantes da aldeia Xakriab\u00e1.<\/p>\n<p>Segundo o sargento Adriano Faustino de Almeida do 30\u00ba Batalh\u00e3o da PM, que atendeu a ocorr\u00eancia, no fim da noite de s\u00e1bado (5), a mulher de Evaristo Pereira dos Santos, de 59 anos, havia discutido com a filha. O pai n\u00e3o teria gostado da maneira que a companheira havia se portado e decidiu sair com a filha. Quando os dois retornaram j\u00e1 era madrugada de domingo, por\u00e9m, a jovem estava embriagada.<\/p>\n<p>Ainda de acordo com o sargento, o fato teria gerado revolta no outro filho do casal que n\u00e3o gostou da atitude do pai. Depois de entrar em luta corporal com o filho, Santo pegou um fac\u00e3o e atingiu v\u00e1rias vezes o filho. As v\u00edtimas foram levadas para o Funda\u00e7\u00e3o Hospital de Amparo ao Homem do Campo da cidade de Manga. O suspeito do crime foi agredido por outros ind\u00edgenas que moram na comunidade, por\u00e9m, foi socorrido pela fam\u00edlia e encaminhado para a mesma unidade de sa\u00fade.<\/p>\n<p>O suspeito foi detido e encaminhado para a Delegacia de Plant\u00e3o da cidade. A expectativa \u00e9 de que ele siga preso at\u00e9 o julgamento. \u201cEle est\u00e1 cumprido pris\u00e3o preventiva, j\u00e1 que a delegada j\u00e1 ratificou o flagrante e vai pedir a preventiva para ele\u201d, declarou o sargento.<em> (O Tempo)<\/em><\/p>\n","protected":false},"excerpt":{"rendered":"<p>Um ind\u00edgena de uma aldeia localizada em no munic\u00edpio de S\u00e3o Jo\u00e3o das Miss\u00f5es, no Norte de Minas, foi preso pela Pol\u00edcia Militar (PM), durante a madrugada de domingo (6), por suspeita de matar o filho a facadas. O crime chocou os cerca de 11 mil habitantes da aldeia Xakriab\u00e1. Segundo o sargento Adriano Faustino [&hellip;]<\/p>\n","protected":false},"author":1,"featured_media":16294,"comment_status":"open","ping_status":"closed","sticky":false,"template":"","format":"standard","meta":{"amp_status":"","footnotes":""},"categories":[1236],"tags":[1356,6378,1810],"class_list":["post-25975","post","type-post","status-publish","format-standard","has-post-thumbnail","hentry","category-norte_de_minas","tag-manga","tag-pai-e-suspeito-de-matar-o-filho-a-facadas-em-sao-joao-das-missoes","tag-sao-joao-das-missoes"],"yoast_head":"<!-- This site is optimized with the Yoast SEO plugin v28.3 - https:\/\/yoast.com\/product\/yoast-seo-wordpress\/ -->\n<title>Pai \u00e9 suspeito de matar o filho a facadas em S\u00e3o Jo\u00e3o das Miss\u00f5es - Aconteceu no Vale<\/title>\n<meta name=\"robots\" content=\"index, follow, max-snippet:-1, max-image-preview:large, max-video-preview:-1\" \/>\n<link rel=\"canonical\" href=\"https:\/\/aconteceunovale.com.br\/portal\/?p=25975\" \/>\n<meta property=\"og:locale\" content=\"pt_BR\" \/>\n<meta property=\"og:type\" content=\"article\" \/>\n<meta property=\"og:title\" content=\"Pai \u00e9 suspeito de matar o filho a facadas em S\u00e3o Jo\u00e3o das Miss\u00f5es - Aconteceu no Vale\" \/>\n<meta property=\"og:description\" content=\"Um ind\u00edgena de uma aldeia localizada em no munic\u00edpio de S\u00e3o Jo\u00e3o das Miss\u00f5es, no Norte de Minas, foi preso pela Pol\u00edcia Militar (PM), durante a madrugada de domingo (6), por suspeita de matar o filho a facadas. O crime chocou os cerca de 11 mil habitantes da aldeia Xakriab\u00e1. Segundo o sargento Adriano Faustino [&hellip;]\" \/>\n<meta property=\"og:url\" content=\"https:\/\/aconteceunovale.com.br\/portal\/?p=25975\" \/>\n<meta property=\"og:site_name\" content=\"Aconteceu no Vale\" \/>\n<meta property=\"article:publisher\" content=\"https:\/\/www.facebook.com\/aconteceunovale\/\" \/>\n<meta property=\"article:published_time\" content=\"2014-04-07T12:30:31+00:00\" \/>\n<meta property=\"article:modified_time\" content=\"2014-04-07T19:07:18+00:00\" \/>\n<meta property=\"og:image\" content=\"https:\/\/aconteceunovale.com.br\/portal\/wp-content\/uploads\/2013\/12\/faca_crime.jpg\" \/>\n\t<meta property=\"og:image:width\" content=\"646\" \/>\n\t<meta property=\"og:image:height\" content=\"380\" \/>\n\t<meta property=\"og:image:type\" content=\"image\/jpeg\" \/>\n<meta name=\"author\" content=\"Aconteceu no Vale\" \/>\n<meta name=\"twitter:card\" content=\"summary_large_image\" \/>\n<meta name=\"twitter:creator\" content=\"@noticiadosvales\" \/>\n<meta name=\"twitter:site\" content=\"@noticiadosvales\" \/>\n<meta name=\"twitter:label1\" content=\"Escrito por\" \/>\n\t<meta name=\"twitter:data1\" content=\"Aconteceu no Vale\" \/>\n\t<meta name=\"twitter:label2\" content=\"Est. tempo de leitura\" \/>\n\t<meta name=\"twitter:data2\" content=\"1 minuto\" \/>\n<script type=\"application\/ld+json\" class=\"yoast-schema-graph\">{\"@context\":\"https:\\\/\\\/schema.org\",\"@graph\":[{\"@type\":\"Article\",\"@id\":\"https:\\\/\\\/aconteceunovale.com.br\\\/portal\\\/?p=25975#article\",\"isPartOf\":{\"@id\":\"https:\\\/\\\/aconteceunovale.com.br\\\/portal\\\/?p=25975\"},\"author\":{\"name\":\"Aconteceu no Vale\",\"@id\":\"https:\\\/\\\/aconteceunovale.com.br\\\/portal\\\/#\\\/schema\\\/person\\\/633529146f2c94272bef50ac2953d589\"},\"headline\":\"Pai \u00e9 suspeito de matar o filho a facadas em S\u00e3o Jo\u00e3o das Miss\u00f5es\",\"datePublished\":\"2014-04-07T12:30:31+00:00\",\"dateModified\":\"2014-04-07T19:07:18+00:00\",\"mainEntityOfPage\":{\"@id\":\"https:\\\/\\\/aconteceunovale.com.br\\\/portal\\\/?p=25975\"},\"wordCount\":288,\"commentCount\":0,\"image\":{\"@id\":\"https:\\\/\\\/aconteceunovale.com.br\\\/portal\\\/?p=25975#primaryimage\"},\"thumbnailUrl\":\"https:\\\/\\\/aconteceunovale.com.br\\\/portal\\\/wp-content\\\/uploads\\\/2013\\\/12\\\/faca_crime.jpg\",\"keywords\":[\"manga\",\"Pai \u00e9 suspeito de matar o filho a facadas em S\u00e3o Jo\u00e3o das Miss\u00f5es\",\"S\u00e3o Jo\u00e3o das Miss\u00f5es\"],\"articleSection\":[\"Norte de Minas\"],\"inLanguage\":\"pt-BR\",\"potentialAction\":[{\"@type\":\"CommentAction\",\"name\":\"Comment\",\"target\":[\"https:\\\/\\\/aconteceunovale.com.br\\\/portal\\\/?p=25975#respond\"]}]},{\"@type\":\"WebPage\",\"@id\":\"https:\\\/\\\/aconteceunovale.com.br\\\/portal\\\/?p=25975\",\"url\":\"https:\\\/\\\/aconteceunovale.com.br\\\/portal\\\/?p=25975\",\"name\":\"Pai \u00e9 suspeito de matar o filho a facadas em S\u00e3o Jo\u00e3o das Miss\u00f5es - Aconteceu no Vale\",\"isPartOf\":{\"@id\":\"https:\\\/\\\/aconteceunovale.com.br\\\/portal\\\/#website\"},\"primaryImageOfPage\":{\"@id\":\"https:\\\/\\\/aconteceunovale.com.br\\\/portal\\\/?p=25975#primaryimage\"},\"image\":{\"@id\":\"https:\\\/\\\/aconteceunovale.com.br\\\/portal\\\/?p=25975#primaryimage\"},\"thumbnailUrl\":\"https:\\\/\\\/aconteceunovale.com.br\\\/portal\\\/wp-content\\\/uploads\\\/2013\\\/12\\\/faca_crime.jpg\",\"datePublished\":\"2014-04-07T12:30:31+00:00\",\"dateModified\":\"2014-04-07T19:07:18+00:00\",\"author\":{\"@id\":\"https:\\\/\\\/aconteceunovale.com.br\\\/portal\\\/#\\\/schema\\\/person\\\/633529146f2c94272bef50ac2953d589\"},\"breadcrumb\":{\"@id\":\"https:\\\/\\\/aconteceunovale.com.br\\\/portal\\\/?p=25975#breadcrumb\"},\"inLanguage\":\"pt-BR\",\"potentialAction\":[{\"@type\":\"ReadAction\",\"target\":[\"https:\\\/\\\/aconteceunovale.com.br\\\/portal\\\/?p=25975\"]}]},{\"@type\":\"ImageObject\",\"inLanguage\":\"pt-BR\",\"@id\":\"https:\\\/\\\/aconteceunovale.com.br\\\/portal\\\/?p=25975#primaryimage\",\"url\":\"https:\\\/\\\/aconteceunovale.com.br\\\/portal\\\/wp-content\\\/uploads\\\/2013\\\/12\\\/faca_crime.jpg\",\"contentUrl\":\"https:\\\/\\\/aconteceunovale.com.br\\\/portal\\\/wp-content\\\/uploads\\\/2013\\\/12\\\/faca_crime.jpg\",\"width\":646,\"height\":380},{\"@type\":\"BreadcrumbList\",\"@id\":\"https:\\\/\\\/aconteceunovale.com.br\\\/portal\\\/?p=25975#breadcrumb\",\"itemListElement\":[{\"@type\":\"ListItem\",\"position\":1,\"name\":\"In\u00edcio\",\"item\":\"https:\\\/\\\/aconteceunovale.com.br\\\/portal\\\/\"},{\"@type\":\"ListItem\",\"position\":2,\"name\":\"Pai \u00e9 suspeito de matar o filho a facadas em S\u00e3o Jo\u00e3o das Miss\u00f5es\"}]},{\"@type\":\"WebSite\",\"@id\":\"https:\\\/\\\/aconteceunovale.com.br\\\/portal\\\/#website\",\"url\":\"https:\\\/\\\/aconteceunovale.com.br\\\/portal\\\/\",\"name\":\"Aconteceu no Vale\",\"description\":\"Portal de Not\u00edcias\",\"potentialAction\":[{\"@type\":\"SearchAction\",\"target\":{\"@type\":\"EntryPoint\",\"urlTemplate\":\"https:\\\/\\\/aconteceunovale.com.br\\\/portal\\\/?s={search_term_string}\"},\"query-input\":{\"@type\":\"PropertyValueSpecification\",\"valueRequired\":true,\"valueName\":\"search_term_string\"}}],\"inLanguage\":\"pt-BR\"},{\"@type\":\"Person\",\"@id\":\"https:\\\/\\\/aconteceunovale.com.br\\\/portal\\\/#\\\/schema\\\/person\\\/633529146f2c94272bef50ac2953d589\",\"name\":\"Aconteceu no Vale\",\"description\":\"Equipe de reportagem do Aconteceu no Vale, portal de not\u00edcias do Vale do Jequitinhonha, em Minas Gerais. Cobrimos as 51 cidades do Vale desde 2013. Sugest\u00f5es de pauta e pedidos de corre\u00e7\u00e3o: contato@aconteceunovale.com.br\",\"sameAs\":[\"http:\\\/\\\/www.aconteceunovale.com.br\"],\"url\":\"https:\\\/\\\/aconteceunovale.com.br\\\/portal\\\/?author=1\"}]}<\/script>\n<!-- \/ Yoast SEO plugin. -->","yoast_head_json":{"title":"Pai \u00e9 suspeito de matar o filho a facadas em S\u00e3o Jo\u00e3o das Miss\u00f5es - Aconteceu no Vale","robots":{"index":"index","follow":"follow","max-snippet":"max-snippet:-1","max-image-preview":"max-image-preview:large","max-video-preview":"max-video-preview:-1"},"canonical":"https:\/\/aconteceunovale.com.br\/portal\/?p=25975","og_locale":"pt_BR","og_type":"article","og_title":"Pai \u00e9 suspeito de matar o filho a facadas em S\u00e3o Jo\u00e3o das Miss\u00f5es - Aconteceu no Vale","og_description":"Um ind\u00edgena de uma aldeia localizada em no munic\u00edpio de S\u00e3o Jo\u00e3o das Miss\u00f5es, no Norte de Minas, foi preso pela Pol\u00edcia Militar (PM), durante a madrugada de domingo (6), por suspeita de matar o filho a facadas. O crime chocou os cerca de 11 mil habitantes da aldeia Xakriab\u00e1. Segundo o sargento Adriano Faustino [&hellip;]","og_url":"https:\/\/aconteceunovale.com.br\/portal\/?p=25975","og_site_name":"Aconteceu no Vale","article_publisher":"https:\/\/www.facebook.com\/aconteceunovale\/","article_published_time":"2014-04-07T12:30:31+00:00","article_modified_time":"2014-04-07T19:07:18+00:00","og_image":[{"width":646,"height":380,"url":"https:\/\/aconteceunovale.com.br\/portal\/wp-content\/uploads\/2013\/12\/faca_crime.jpg","type":"image\/jpeg"}],"author":"Aconteceu no Vale","twitter_card":"summary_large_image","twitter_creator":"@noticiadosvales","twitter_site":"@noticiadosvales","twitter_misc":{"Escrito por":"Aconteceu no Vale","Est. tempo de leitura":"1 minuto"},"schema":{"@context":"https:\/\/schema.org","@graph":[{"@type":"Article","@id":"https:\/\/aconteceunovale.com.br\/portal\/?p=25975#article","isPartOf":{"@id":"https:\/\/aconteceunovale.com.br\/portal\/?p=25975"},"author":{"name":"Aconteceu no Vale","@id":"https:\/\/aconteceunovale.com.br\/portal\/#\/schema\/person\/633529146f2c94272bef50ac2953d589"},"headline":"Pai \u00e9 suspeito de matar o filho a facadas em S\u00e3o Jo\u00e3o das Miss\u00f5es","datePublished":"2014-04-07T12:30:31+00:00","dateModified":"2014-04-07T19:07:18+00:00","mainEntityOfPage":{"@id":"https:\/\/aconteceunovale.com.br\/portal\/?p=25975"},"wordCount":288,"commentCount":0,"image":{"@id":"https:\/\/aconteceunovale.com.br\/portal\/?p=25975#primaryimage"},"thumbnailUrl":"https:\/\/aconteceunovale.com.br\/portal\/wp-content\/uploads\/2013\/12\/faca_crime.jpg","keywords":["manga","Pai \u00e9 suspeito de matar o filho a facadas em S\u00e3o Jo\u00e3o das Miss\u00f5es","S\u00e3o Jo\u00e3o das Miss\u00f5es"],"articleSection":["Norte de Minas"],"inLanguage":"pt-BR","potentialAction":[{"@type":"CommentAction","name":"Comment","target":["https:\/\/aconteceunovale.com.br\/portal\/?p=25975#respond"]}]},{"@type":"WebPage","@id":"https:\/\/aconteceunovale.com.br\/portal\/?p=25975","url":"https:\/\/aconteceunovale.com.br\/portal\/?p=25975","name":"Pai \u00e9 suspeito de matar o filho a facadas em S\u00e3o Jo\u00e3o das Miss\u00f5es - Aconteceu no Vale","isPartOf":{"@id":"https:\/\/aconteceunovale.com.br\/portal\/#website"},"primaryImageOfPage":{"@id":"https:\/\/aconteceunovale.com.br\/portal\/?p=25975#primaryimage"},"image":{"@id":"https:\/\/aconteceunovale.com.br\/portal\/?p=25975#primaryimage"},"thumbnailUrl":"https:\/\/aconteceunovale.com.br\/portal\/wp-content\/uploads\/2013\/12\/faca_crime.jpg","datePublished":"2014-04-07T12:30:31+00:00","dateModified":"2014-04-07T19:07:18+00:00","author":{"@id":"https:\/\/aconteceunovale.com.br\/portal\/#\/schema\/person\/633529146f2c94272bef50ac2953d589"},"breadcrumb":{"@id":"https:\/\/aconteceunovale.com.br\/portal\/?p=25975#breadcrumb"},"inLanguage":"pt-BR","potentialAction":[{"@type":"ReadAction","target":["https:\/\/aconteceunovale.com.br\/portal\/?p=25975"]}]},{"@type":"ImageObject","inLanguage":"pt-BR","@id":"https:\/\/aconteceunovale.com.br\/portal\/?p=25975#primaryimage","url":"https:\/\/aconteceunovale.com.br\/portal\/wp-content\/uploads\/2013\/12\/faca_crime.jpg","contentUrl":"https:\/\/aconteceunovale.com.br\/portal\/wp-content\/uploads\/2013\/12\/faca_crime.jpg","width":646,"height":380},{"@type":"BreadcrumbList","@id":"https:\/\/aconteceunovale.com.br\/portal\/?p=25975#breadcrumb","itemListElement":[{"@type":"ListItem","position":1,"name":"In\u00edcio","item":"https:\/\/aconteceunovale.com.br\/portal\/"},{"@type":"ListItem","position":2,"name":"Pai \u00e9 suspeito de matar o filho a facadas em S\u00e3o Jo\u00e3o das Miss\u00f5es"}]},{"@type":"WebSite","@id":"https:\/\/aconteceunovale.com.br\/portal\/#website","url":"https:\/\/aconteceunovale.com.br\/portal\/","name":"Aconteceu no Vale","description":"Portal de Not\u00edcias","potentialAction":[{"@type":"SearchAction","target":{"@type":"EntryPoint","urlTemplate":"https:\/\/aconteceunovale.com.br\/portal\/?s={search_term_string}"},"query-input":{"@type":"PropertyValueSpecification","valueRequired":true,"valueName":"search_term_string"}}],"inLanguage":"pt-BR"},{"@type":"Person","@id":"https:\/\/aconteceunovale.com.br\/portal\/#\/schema\/person\/633529146f2c94272bef50ac2953d589","name":"Aconteceu no Vale","description":"Equipe de reportagem do Aconteceu no Vale, portal de not\u00edcias do Vale do Jequitinhonha, em Minas Gerais. Cobrimos as 51 cidades do Vale desde 2013. Sugest\u00f5es de pauta e pedidos de corre\u00e7\u00e3o: contato@aconteceunovale.com.br","sameAs":["http:\/\/www.aconteceunovale.com.br"],"url":"https:\/\/aconteceunovale.com.br\/portal\/?author=1"}]}},"_links":{"self":[{"href":"https:\/\/aconteceunovale.com.br\/portal\/index.php?rest_route=\/wp\/v2\/posts\/25975","targetHints":{"allow":["GET"]}}],"collection":[{"href":"https:\/\/aconteceunovale.com.br\/portal\/index.php?rest_route=\/wp\/v2\/posts"}],"about":[{"href":"https:\/\/aconteceunovale.com.br\/portal\/index.php?rest_route=\/wp\/v2\/types\/post"}],"author":[{"embeddable":true,"href":"https:\/\/aconteceunovale.com.br\/portal\/index.php?rest_route=\/wp\/v2\/users\/1"}],"replies":[{"embeddable":true,"href":"https:\/\/aconteceunovale.com.br\/portal\/index.php?rest_route=%2Fwp%2Fv2%2Fcomments&post=25975"}],"version-history":[{"count":0,"href":"https:\/\/aconteceunovale.com.br\/portal\/index.php?rest_route=\/wp\/v2\/posts\/25975\/revisions"}],"wp:featuredmedia":[{"embeddable":true,"href":"https:\/\/aconteceunovale.com.br\/portal\/index.php?rest_route=\/wp\/v2\/media\/16294"}],"wp:attachment":[{"href":"https:\/\/aconteceunovale.com.br\/portal\/index.php?rest_route=%2Fwp%2Fv2%2Fmedia&parent=25975"}],"wp:term":[{"taxonomy":"category","embeddable":true,"href":"https:\/\/aconteceunovale.com.br\/portal\/index.php?rest_route=%2Fwp%2Fv2%2Fcategories&post=25975"},{"taxonomy":"post_tag","embeddable":true,"href":"https:\/\/aconteceunovale.com.br\/portal\/index.php?rest_route=%2Fwp%2Fv2%2Ftags&post=25975"}],"curies":[{"name":"wp","href":"https:\/\/api.w.org\/{rel}","templated":true}]}}