{"id":25970,"date":"2014-04-07T09:15:33","date_gmt":"2014-04-07T12:15:33","guid":{"rendered":"http:\/\/aconteceunovale.com.br\/portal\/?p=25970"},"modified":"2014-04-07T09:15:33","modified_gmt":"2014-04-07T12:15:33","slug":"acidente-na-br-251-deixa-o-prefeito-de-curral-de-dentro-e-seu-motorista-feridos","status":"publish","type":"post","link":"https:\/\/aconteceunovale.com.br\/portal\/?p=25970","title":{"rendered":"Acidente na BR-251 deixa o prefeito de Curral de Dentro e seu motorista feridos"},"content":{"rendered":"<p>No final do dia deste domingo (06\/04), o prefeito de Curral de Dentro, Hermelino Malaquias e seu motorista, identificado por Paulinho, foram v\u00edtimas de um grave acidente na BR-251, h\u00e1 cerca de 20 quil\u00f4metros de Francisco S\u00e1.<\/p>\n<p>De acordo com relatos de testemunhas, o ve\u00edculo oficial do gabinete do prefeito seguia em dire\u00e7\u00e3o a Montes Claros, quando outro ve\u00edculo, em sentido contr\u00e1rio, bateu em um buraco na pista, estourou o pneu e chocou-se com o carro de Hermelino, que perdeu o controle e caiu em uma ribanceira. <\/p>\n<p>Conforme as primeiras informa\u00e7\u00f5es, o prefeito e o motorista sofreram v\u00e1rias fraturas, sendo socorridos no Hospital de Francisco S\u00e1. Por volta das 22 horas, eles estavam sendo preparados para transfer\u00eancia para Montes Claros. <\/p>\n<p>Segundo o vice-prefeito, Adaildo Rocha, que est\u00e1 acompanhando as v\u00edtimas, a transfer\u00eancia para Montes Claros permitir\u00e1 exames mais detalhados. Ele informa que, inicialmente, foram diagnosticadas fraturas no maxilar e nas costelas do prefeito.<\/p>\n<p><img decoding=\"async\" src=\"http:\/\/aconteceunovale.com.br\/portal\/wp-content\/uploads\/2014\/04\/acidente_prefeito_curral_de_dentro_06_04.jpg\" alt=\"\" \/><\/p>\n<p><strong>(Foto e informa\u00e7\u00f5es do Jornal Folha Regional)<\/strong><\/p>\n","protected":false},"excerpt":{"rendered":"<p>No final do dia deste domingo (06\/04), o prefeito de Curral de Dentro, Hermelino Malaquias e seu motorista, identificado por Paulinho, foram v\u00edtimas de um grave acidente na BR-251, h\u00e1 cerca de 20 quil\u00f4metros de Francisco S\u00e1. De acordo com relatos de testemunhas, o ve\u00edculo oficial do gabinete do prefeito seguia em dire\u00e7\u00e3o a Montes [&hellip;]<\/p>\n","protected":false},"author":1,"featured_media":25971,"comment_status":"open","ping_status":"closed","sticky":false,"template":"","format":"standard","meta":{"amp_status":"","footnotes":""},"categories":[1236],"tags":[6375,6374,1702,1018,1395,6376,210],"class_list":["post-25970","post","type-post","status-publish","format-standard","has-post-thumbnail","hentry","category-norte_de_minas","tag-acidente-com-o-prefeito-de-curral-de-dentro","tag-acidente-na-br-251-deixa-o-prefeito-de-curral-de-dentro-e-seu-motorista-feridos","tag-curral-de-dentro","tag-destaque","tag-francisco-sa","tag-hermelino-malaquias","tag-montes-claros"],"yoast_head":"<!-- This site is optimized with the Yoast SEO plugin v28.3 - https:\/\/yoast.com\/product\/yoast-seo-wordpress\/ -->\n<title>Acidente na BR-251 deixa o prefeito de Curral de Dentro e seu motorista feridos - Aconteceu no Vale<\/title>\n<meta name=\"robots\" content=\"index, follow, max-snippet:-1, max-image-preview:large, max-video-preview:-1\" \/>\n<link rel=\"canonical\" href=\"https:\/\/aconteceunovale.com.br\/portal\/?p=25970\" \/>\n<meta property=\"og:locale\" content=\"pt_BR\" \/>\n<meta property=\"og:type\" content=\"article\" \/>\n<meta property=\"og:title\" content=\"Acidente na BR-251 deixa o prefeito de Curral de Dentro e seu motorista feridos - Aconteceu no Vale\" \/>\n<meta property=\"og:description\" content=\"No final do dia deste domingo (06\/04), o prefeito de Curral de Dentro, Hermelino Malaquias e seu motorista, identificado por Paulinho, foram v\u00edtimas de um grave acidente na BR-251, h\u00e1 cerca de 20 quil\u00f4metros de Francisco S\u00e1. De acordo com relatos de testemunhas, o ve\u00edculo oficial do gabinete do prefeito seguia em dire\u00e7\u00e3o a Montes [&hellip;]\" \/>\n<meta property=\"og:url\" content=\"https:\/\/aconteceunovale.com.br\/portal\/?p=25970\" \/>\n<meta property=\"og:site_name\" content=\"Aconteceu no Vale\" \/>\n<meta property=\"article:publisher\" content=\"https:\/\/www.facebook.com\/aconteceunovale\/\" \/>\n<meta property=\"article:published_time\" content=\"2014-04-07T12:15:33+00:00\" \/>\n<meta property=\"og:image\" content=\"https:\/\/aconteceunovale.com.br\/portal\/wp-content\/uploads\/2014\/04\/acidente_prefeito_curral_de_dentro_06_04.jpg\" \/>\n\t<meta property=\"og:image:width\" content=\"602\" \/>\n\t<meta property=\"og:image:height\" content=\"450\" \/>\n\t<meta property=\"og:image:type\" content=\"image\/jpeg\" \/>\n<meta name=\"author\" content=\"Aconteceu no Vale\" \/>\n<meta name=\"twitter:card\" content=\"summary_large_image\" \/>\n<meta name=\"twitter:creator\" content=\"@noticiadosvales\" \/>\n<meta name=\"twitter:site\" content=\"@noticiadosvales\" \/>\n<meta name=\"twitter:label1\" content=\"Escrito por\" \/>\n\t<meta name=\"twitter:data1\" content=\"Aconteceu no Vale\" \/>\n\t<meta name=\"twitter:label2\" content=\"Est. tempo de leitura\" \/>\n\t<meta name=\"twitter:data2\" content=\"1 minuto\" \/>\n<script type=\"application\/ld+json\" class=\"yoast-schema-graph\">{\"@context\":\"https:\\\/\\\/schema.org\",\"@graph\":[{\"@type\":\"Article\",\"@id\":\"https:\\\/\\\/aconteceunovale.com.br\\\/portal\\\/?p=25970#article\",\"isPartOf\":{\"@id\":\"https:\\\/\\\/aconteceunovale.com.br\\\/portal\\\/?p=25970\"},\"author\":{\"name\":\"Aconteceu no Vale\",\"@id\":\"https:\\\/\\\/aconteceunovale.com.br\\\/portal\\\/#\\\/schema\\\/person\\\/633529146f2c94272bef50ac2953d589\"},\"headline\":\"Acidente na BR-251 deixa o prefeito de Curral de Dentro e seu motorista feridos\",\"datePublished\":\"2014-04-07T12:15:33+00:00\",\"mainEntityOfPage\":{\"@id\":\"https:\\\/\\\/aconteceunovale.com.br\\\/portal\\\/?p=25970\"},\"wordCount\":183,\"commentCount\":0,\"image\":{\"@id\":\"https:\\\/\\\/aconteceunovale.com.br\\\/portal\\\/?p=25970#primaryimage\"},\"thumbnailUrl\":\"https:\\\/\\\/aconteceunovale.com.br\\\/portal\\\/wp-content\\\/uploads\\\/2014\\\/04\\\/acidente_prefeito_curral_de_dentro_06_04.jpg\",\"keywords\":[\"acidente com o prefeito de curral de dentro\",\"Acidente na BR-251 deixa o prefeito de Curral de Dentro e seu motorista feridos\",\"Curral de Dentro\",\"destaque\",\"francisco s\u00e1\",\"Hermelino Malaquias\",\"Montes Claros\"],\"articleSection\":[\"Norte de Minas\"],\"inLanguage\":\"pt-BR\",\"potentialAction\":[{\"@type\":\"CommentAction\",\"name\":\"Comment\",\"target\":[\"https:\\\/\\\/aconteceunovale.com.br\\\/portal\\\/?p=25970#respond\"]}]},{\"@type\":\"WebPage\",\"@id\":\"https:\\\/\\\/aconteceunovale.com.br\\\/portal\\\/?p=25970\",\"url\":\"https:\\\/\\\/aconteceunovale.com.br\\\/portal\\\/?p=25970\",\"name\":\"Acidente na BR-251 deixa o prefeito de Curral de Dentro e seu motorista feridos - Aconteceu no Vale\",\"isPartOf\":{\"@id\":\"https:\\\/\\\/aconteceunovale.com.br\\\/portal\\\/#website\"},\"primaryImageOfPage\":{\"@id\":\"https:\\\/\\\/aconteceunovale.com.br\\\/portal\\\/?p=25970#primaryimage\"},\"image\":{\"@id\":\"https:\\\/\\\/aconteceunovale.com.br\\\/portal\\\/?p=25970#primaryimage\"},\"thumbnailUrl\":\"https:\\\/\\\/aconteceunovale.com.br\\\/portal\\\/wp-content\\\/uploads\\\/2014\\\/04\\\/acidente_prefeito_curral_de_dentro_06_04.jpg\",\"datePublished\":\"2014-04-07T12:15:33+00:00\",\"author\":{\"@id\":\"https:\\\/\\\/aconteceunovale.com.br\\\/portal\\\/#\\\/schema\\\/person\\\/633529146f2c94272bef50ac2953d589\"},\"breadcrumb\":{\"@id\":\"https:\\\/\\\/aconteceunovale.com.br\\\/portal\\\/?p=25970#breadcrumb\"},\"inLanguage\":\"pt-BR\",\"potentialAction\":[{\"@type\":\"ReadAction\",\"target\":[\"https:\\\/\\\/aconteceunovale.com.br\\\/portal\\\/?p=25970\"]}]},{\"@type\":\"ImageObject\",\"inLanguage\":\"pt-BR\",\"@id\":\"https:\\\/\\\/aconteceunovale.com.br\\\/portal\\\/?p=25970#primaryimage\",\"url\":\"https:\\\/\\\/aconteceunovale.com.br\\\/portal\\\/wp-content\\\/uploads\\\/2014\\\/04\\\/acidente_prefeito_curral_de_dentro_06_04.jpg\",\"contentUrl\":\"https:\\\/\\\/aconteceunovale.com.br\\\/portal\\\/wp-content\\\/uploads\\\/2014\\\/04\\\/acidente_prefeito_curral_de_dentro_06_04.jpg\",\"width\":602,\"height\":450},{\"@type\":\"BreadcrumbList\",\"@id\":\"https:\\\/\\\/aconteceunovale.com.br\\\/portal\\\/?p=25970#breadcrumb\",\"itemListElement\":[{\"@type\":\"ListItem\",\"position\":1,\"name\":\"In\u00edcio\",\"item\":\"https:\\\/\\\/aconteceunovale.com.br\\\/portal\\\/\"},{\"@type\":\"ListItem\",\"position\":2,\"name\":\"Acidente na BR-251 deixa o prefeito de Curral de Dentro e seu motorista feridos\"}]},{\"@type\":\"WebSite\",\"@id\":\"https:\\\/\\\/aconteceunovale.com.br\\\/portal\\\/#website\",\"url\":\"https:\\\/\\\/aconteceunovale.com.br\\\/portal\\\/\",\"name\":\"Aconteceu no Vale\",\"description\":\"Portal de Not\u00edcias\",\"potentialAction\":[{\"@type\":\"SearchAction\",\"target\":{\"@type\":\"EntryPoint\",\"urlTemplate\":\"https:\\\/\\\/aconteceunovale.com.br\\\/portal\\\/?s={search_term_string}\"},\"query-input\":{\"@type\":\"PropertyValueSpecification\",\"valueRequired\":true,\"valueName\":\"search_term_string\"}}],\"inLanguage\":\"pt-BR\"},{\"@type\":\"Person\",\"@id\":\"https:\\\/\\\/aconteceunovale.com.br\\\/portal\\\/#\\\/schema\\\/person\\\/633529146f2c94272bef50ac2953d589\",\"name\":\"Aconteceu no Vale\",\"description\":\"Equipe de reportagem do Aconteceu no Vale, portal de not\u00edcias do Vale do Jequitinhonha, em Minas Gerais. Cobrimos as 51 cidades do Vale desde 2013. Sugest\u00f5es de pauta e pedidos de corre\u00e7\u00e3o: contato@aconteceunovale.com.br\",\"sameAs\":[\"http:\\\/\\\/www.aconteceunovale.com.br\"],\"url\":\"https:\\\/\\\/aconteceunovale.com.br\\\/portal\\\/?author=1\"}]}<\/script>\n<!-- \/ Yoast SEO plugin. -->","yoast_head_json":{"title":"Acidente na BR-251 deixa o prefeito de Curral de Dentro e seu motorista feridos - Aconteceu no Vale","robots":{"index":"index","follow":"follow","max-snippet":"max-snippet:-1","max-image-preview":"max-image-preview:large","max-video-preview":"max-video-preview:-1"},"canonical":"https:\/\/aconteceunovale.com.br\/portal\/?p=25970","og_locale":"pt_BR","og_type":"article","og_title":"Acidente na BR-251 deixa o prefeito de Curral de Dentro e seu motorista feridos - Aconteceu no Vale","og_description":"No final do dia deste domingo (06\/04), o prefeito de Curral de Dentro, Hermelino Malaquias e seu motorista, identificado por Paulinho, foram v\u00edtimas de um grave acidente na BR-251, h\u00e1 cerca de 20 quil\u00f4metros de Francisco S\u00e1. De acordo com relatos de testemunhas, o ve\u00edculo oficial do gabinete do prefeito seguia em dire\u00e7\u00e3o a Montes [&hellip;]","og_url":"https:\/\/aconteceunovale.com.br\/portal\/?p=25970","og_site_name":"Aconteceu no Vale","article_publisher":"https:\/\/www.facebook.com\/aconteceunovale\/","article_published_time":"2014-04-07T12:15:33+00:00","og_image":[{"width":602,"height":450,"url":"https:\/\/aconteceunovale.com.br\/portal\/wp-content\/uploads\/2014\/04\/acidente_prefeito_curral_de_dentro_06_04.jpg","type":"image\/jpeg"}],"author":"Aconteceu no Vale","twitter_card":"summary_large_image","twitter_creator":"@noticiadosvales","twitter_site":"@noticiadosvales","twitter_misc":{"Escrito por":"Aconteceu no Vale","Est. tempo de leitura":"1 minuto"},"schema":{"@context":"https:\/\/schema.org","@graph":[{"@type":"Article","@id":"https:\/\/aconteceunovale.com.br\/portal\/?p=25970#article","isPartOf":{"@id":"https:\/\/aconteceunovale.com.br\/portal\/?p=25970"},"author":{"name":"Aconteceu no Vale","@id":"https:\/\/aconteceunovale.com.br\/portal\/#\/schema\/person\/633529146f2c94272bef50ac2953d589"},"headline":"Acidente na BR-251 deixa o prefeito de Curral de Dentro e seu motorista feridos","datePublished":"2014-04-07T12:15:33+00:00","mainEntityOfPage":{"@id":"https:\/\/aconteceunovale.com.br\/portal\/?p=25970"},"wordCount":183,"commentCount":0,"image":{"@id":"https:\/\/aconteceunovale.com.br\/portal\/?p=25970#primaryimage"},"thumbnailUrl":"https:\/\/aconteceunovale.com.br\/portal\/wp-content\/uploads\/2014\/04\/acidente_prefeito_curral_de_dentro_06_04.jpg","keywords":["acidente com o prefeito de curral de dentro","Acidente na BR-251 deixa o prefeito de Curral de Dentro e seu motorista feridos","Curral de Dentro","destaque","francisco s\u00e1","Hermelino Malaquias","Montes Claros"],"articleSection":["Norte de Minas"],"inLanguage":"pt-BR","potentialAction":[{"@type":"CommentAction","name":"Comment","target":["https:\/\/aconteceunovale.com.br\/portal\/?p=25970#respond"]}]},{"@type":"WebPage","@id":"https:\/\/aconteceunovale.com.br\/portal\/?p=25970","url":"https:\/\/aconteceunovale.com.br\/portal\/?p=25970","name":"Acidente na BR-251 deixa o prefeito de Curral de Dentro e seu motorista feridos - Aconteceu no Vale","isPartOf":{"@id":"https:\/\/aconteceunovale.com.br\/portal\/#website"},"primaryImageOfPage":{"@id":"https:\/\/aconteceunovale.com.br\/portal\/?p=25970#primaryimage"},"image":{"@id":"https:\/\/aconteceunovale.com.br\/portal\/?p=25970#primaryimage"},"thumbnailUrl":"https:\/\/aconteceunovale.com.br\/portal\/wp-content\/uploads\/2014\/04\/acidente_prefeito_curral_de_dentro_06_04.jpg","datePublished":"2014-04-07T12:15:33+00:00","author":{"@id":"https:\/\/aconteceunovale.com.br\/portal\/#\/schema\/person\/633529146f2c94272bef50ac2953d589"},"breadcrumb":{"@id":"https:\/\/aconteceunovale.com.br\/portal\/?p=25970#breadcrumb"},"inLanguage":"pt-BR","potentialAction":[{"@type":"ReadAction","target":["https:\/\/aconteceunovale.com.br\/portal\/?p=25970"]}]},{"@type":"ImageObject","inLanguage":"pt-BR","@id":"https:\/\/aconteceunovale.com.br\/portal\/?p=25970#primaryimage","url":"https:\/\/aconteceunovale.com.br\/portal\/wp-content\/uploads\/2014\/04\/acidente_prefeito_curral_de_dentro_06_04.jpg","contentUrl":"https:\/\/aconteceunovale.com.br\/portal\/wp-content\/uploads\/2014\/04\/acidente_prefeito_curral_de_dentro_06_04.jpg","width":602,"height":450},{"@type":"BreadcrumbList","@id":"https:\/\/aconteceunovale.com.br\/portal\/?p=25970#breadcrumb","itemListElement":[{"@type":"ListItem","position":1,"name":"In\u00edcio","item":"https:\/\/aconteceunovale.com.br\/portal\/"},{"@type":"ListItem","position":2,"name":"Acidente na BR-251 deixa o prefeito de Curral de Dentro e seu motorista feridos"}]},{"@type":"WebSite","@id":"https:\/\/aconteceunovale.com.br\/portal\/#website","url":"https:\/\/aconteceunovale.com.br\/portal\/","name":"Aconteceu no Vale","description":"Portal de Not\u00edcias","potentialAction":[{"@type":"SearchAction","target":{"@type":"EntryPoint","urlTemplate":"https:\/\/aconteceunovale.com.br\/portal\/?s={search_term_string}"},"query-input":{"@type":"PropertyValueSpecification","valueRequired":true,"valueName":"search_term_string"}}],"inLanguage":"pt-BR"},{"@type":"Person","@id":"https:\/\/aconteceunovale.com.br\/portal\/#\/schema\/person\/633529146f2c94272bef50ac2953d589","name":"Aconteceu no Vale","description":"Equipe de reportagem do Aconteceu no Vale, portal de not\u00edcias do Vale do Jequitinhonha, em Minas Gerais. Cobrimos as 51 cidades do Vale desde 2013. Sugest\u00f5es de pauta e pedidos de corre\u00e7\u00e3o: contato@aconteceunovale.com.br","sameAs":["http:\/\/www.aconteceunovale.com.br"],"url":"https:\/\/aconteceunovale.com.br\/portal\/?author=1"}]}},"_links":{"self":[{"href":"https:\/\/aconteceunovale.com.br\/portal\/index.php?rest_route=\/wp\/v2\/posts\/25970","targetHints":{"allow":["GET"]}}],"collection":[{"href":"https:\/\/aconteceunovale.com.br\/portal\/index.php?rest_route=\/wp\/v2\/posts"}],"about":[{"href":"https:\/\/aconteceunovale.com.br\/portal\/index.php?rest_route=\/wp\/v2\/types\/post"}],"author":[{"embeddable":true,"href":"https:\/\/aconteceunovale.com.br\/portal\/index.php?rest_route=\/wp\/v2\/users\/1"}],"replies":[{"embeddable":true,"href":"https:\/\/aconteceunovale.com.br\/portal\/index.php?rest_route=%2Fwp%2Fv2%2Fcomments&post=25970"}],"version-history":[{"count":0,"href":"https:\/\/aconteceunovale.com.br\/portal\/index.php?rest_route=\/wp\/v2\/posts\/25970\/revisions"}],"wp:featuredmedia":[{"embeddable":true,"href":"https:\/\/aconteceunovale.com.br\/portal\/index.php?rest_route=\/wp\/v2\/media\/25971"}],"wp:attachment":[{"href":"https:\/\/aconteceunovale.com.br\/portal\/index.php?rest_route=%2Fwp%2Fv2%2Fmedia&parent=25970"}],"wp:term":[{"taxonomy":"category","embeddable":true,"href":"https:\/\/aconteceunovale.com.br\/portal\/index.php?rest_route=%2Fwp%2Fv2%2Fcategories&post=25970"},{"taxonomy":"post_tag","embeddable":true,"href":"https:\/\/aconteceunovale.com.br\/portal\/index.php?rest_route=%2Fwp%2Fv2%2Ftags&post=25970"}],"curies":[{"name":"wp","href":"https:\/\/api.w.org\/{rel}","templated":true}]}}