{"id":25949,"date":"2014-04-06T21:01:37","date_gmt":"2014-04-07T00:01:37","guid":{"rendered":"http:\/\/aconteceunovale.com.br\/portal\/?p=25949"},"modified":"2014-04-07T09:59:54","modified_gmt":"2014-04-07T12:59:54","slug":"quatro-tremores-de-terra-em-menos-de-24-horas-assustam-moradores-de-montes-claros","status":"publish","type":"post","link":"https:\/\/aconteceunovale.com.br\/portal\/?p=25949","title":{"rendered":"Cinco tremores de terra em menos de 24 horas assustam moradores de Montes Claros"},"content":{"rendered":"<p>Moradores de Montes Claros, no Norte de Minas, se assustaram com mais dois tremores de terra que aconteceram na tarde deste domingo (6). Durante a manh\u00e3, outros tr\u00eas abalos foram registrados na cidade. A informa\u00e7\u00e3o foi divulgada pelo Corpo de Bombeiros, mas o  Observat\u00f3rio Sismol\u00f3gico (Obsis), do Instituto de Geoci\u00eancias da Universidade de Bras\u00edlia (UnB), ainda n\u00e3o confirmou a magnitude dos \u00faltimos tremores.<\/p>\n<p>De acordo com o aspirante Diego Passos, os \u00faltimos abalos aconteceram por volta das 16h30. \u201cDesta vez, a energia n\u00e3o acabou e ainda n\u00e3o tivemos solicita\u00e7\u00f5es para vistoria de im\u00f3veis. A princ\u00edpio, nos \u00faltimos tremores, ningu\u00e9m ficou ferido\u201d, contou o aspirante.<\/p>\n<p>Na manh\u00e3 desde domingo, o munic\u00edpio teve abalos de 2.5, 3.2 e 4.2 na  escala Richter. No dia 1\u00ba de abril, o Obsis registrou 3.7.<\/p>\n<p>Segundo o soldado Valmax de Emanoel da Pol\u00edcia Militar (PM), durante a manh\u00e3, as portas e as janelas da delegacia tremeram e o ch\u00e3o come\u00e7ou a se mexer. \u201cA sensa\u00e7\u00e3o \u00e9 que tem algo passando em baixo dos p\u00e9s\u201d, declara.<\/p>\n<p>Ainda segundo o militar, mesmo com os frequentes temores a popula\u00e7\u00e3o ainda se assusta com o fen\u00f4meno. \u201cSempre que acontece esse fato aqui na cidade \u00e9 poss\u00edvel observar uma correria da popula\u00e7\u00e3o. Sempre ligam para o Corpo de Bombeiros e para a Defesa Civil\u201d, afirma.<\/p>\n<p>Alguns bairros da cidade chegaram a ficar sem energia, por\u00e9m, n\u00e3o houve danos a estrutura f\u00edsica de pr\u00e9dios e casas.  As cidades de Gr\u00e3o Mogol e Cora\u00e7\u00e3o de Jesus tamb\u00e9m chegaram a ficar se luz, mas a energia foi restabelecida em menos de uma hora.<\/p>\n<p>Por causa dos tremores,  o comando do 7\u00ba BBM, acionou o Plano Integrado de Enfrentamento a Tremores de Terra de Montes Claros e montou o Sistema de Comando em Opera\u00e7\u00f5es (SCO). O plano prev\u00ea a exist\u00eancia de cinco cen\u00e1rios que variam de acordo com a gravidade dos danos materiais e presen\u00e7a de v\u00edtimas.  <\/p>\n<p>Representantes da corpora\u00e7\u00e3o, Pol\u00edcia Militar,  Defesa Civil Municipal, Guarda Municipal e Cemig se reuniram com o prefeito Ruy Muniz se reuniram para discutirem o ocorrido.<\/p>\n<h4><strong>Ocorr\u00eancias<\/strong><\/h4>\n<p>Segundo o Corpo de Bombeiros, a corpora\u00e7\u00e3o registrou mais de 200 liga\u00e7\u00f5es e fizeram vistoria em im\u00f3veis dos bairros Ibituruna, Morada do Sol, Centro, Morrinhos, S\u00e3o Judas, Delfino Magalh\u00e3es, Maracan\u00e3, Eldorado, Santos Reis, Renascen\u00e7a dentre outros.<\/p>\n<p>No bairro Delfino Magalh\u00e3es,  uma adolescente de 14 anos ficou levemente ferida ap\u00f3s parte do reboco do teto da sua resid\u00eancia, na rua Roque Ferreira, cair sobre a sua cabe\u00e7a. A v\u00edtima n\u00e3o precisou ser encaminhado ao hospital.<\/p>\n<p>Na casa dela, houve a necessidade de isolamento do c\u00f4modo onde o reboco caiu, para uma an\u00e1lise dos engenheiros da Defesa Civil de Montes Claros, por\u00e9m a estrutura do im\u00f3vel n\u00e3o foi danificada.<\/p>\n<p>Ainda foram registradas ocorr\u00eancias de trincas e rachaduras em im\u00f3veis da cidade. Cinco caso foram encaminhados \u00e0 Defesa Civil. Em tr\u00eas situa\u00e7\u00f5es, algumas pessoas ficaram presas em elevadores.<\/p>\n<h4><strong>Repercuss\u00e3o<\/strong><\/h4>\n<p>Os casos de tremores s\u00e3o comentados no Facebook. Apesar da Obsis n\u00e3o confirmar a magnitude dos \u00faltimos abalos, moradores afirmaram que eles foram os mais fortes desse domingo.<\/p>\n<h4><strong>Incid\u00eancia<\/strong><\/h4>\n<p>S\u00f3 em 2012, mais de 170 abalos atingiram Montes Claros. Em 2011, foram instalados sism\u00f3grafos na regi\u00e3o para registrar o fen\u00f4meno.<\/p>\n<p><img decoding=\"async\" src=\"http:\/\/aconteceunovale.com.br\/portal\/wp-content\/uploads\/2014\/04\/abalo_sismico_moc_06_04_04.jpg\" alt=\"\" \/><em>Parte do reboco do teto de uma casa no bairro Deufino Magalh\u00e3es desabou atingindo uma pessoa (Foto: Corpo de Bombeiros)<\/em><br \/>\n<\/br><\/p>\n<h4><strong>Tremor atrasa voo no aeroporto de M\u00e1rio Ribeiro em Montes Claros<\/strong><\/h4>\n<p>Tremor de terra na tarde deste domingo (6) em Montes Claros, Norte de Minas Gerais, afetou o embarque no aeroporto M\u00e1rio Ribeiro. O abalo s\u00edsmico deixou o terminal sem energia e sem internet, o que afetou  o check in para o v\u00f4o 1977 da GOl, com destino a Belo Horizonte.<\/p>\n<p>O problema foi amenizado, segundo a passageira \u00c9rika Rodrigues, porque os funcion\u00e1rios improvisaram o acessa a internet com um modem 3G. O voo saiu com quase uma hora de atraso.<\/p>\n<p>&#8220;Todos ficaram at\u00e9 calmos, porque na verdade o atendente da gol me disse que a torre deles da Oi parou de funcionar por volta das 16:45, logo depois do tremor da tarde&#8221;, diz Erika Rodrigues.<\/p>\n<p><img decoding=\"async\" src=\"http:\/\/aconteceunovale.com.br\/portal\/wp-content\/uploads\/2014\/04\/tremor_moc_1_4_2.jpg\" alt=\"\" \/><em>Voo saiu com quase uma hora de atraso. (Foto: \u00c9rika Rodrigues)<\/em><br \/>\n<\/br><\/p>\n<p><em>(Fonte: Corpo de Bombeiros \/ O Tempo \/ Inter TV Grande Minas)<\/em><\/p>\n","protected":false},"excerpt":{"rendered":"<p>Moradores de Montes Claros, no Norte de Minas, se assustaram com mais dois tremores de terra que aconteceram na tarde deste domingo (6). Durante a manh\u00e3, outros tr\u00eas abalos foram registrados na cidade. A informa\u00e7\u00e3o foi divulgada pelo Corpo de Bombeiros, mas o Observat\u00f3rio Sismol\u00f3gico (Obsis), do Instituto de Geoci\u00eancias da Universidade de Bras\u00edlia (UnB), [&hellip;]<\/p>\n","protected":false},"author":1,"featured_media":25953,"comment_status":"open","ping_status":"closed","sticky":false,"template":"","format":"standard","meta":{"amp_status":"","footnotes":""},"categories":[1236],"tags":[6367,1018,210],"class_list":["post-25949","post","type-post","status-publish","format-standard","has-post-thumbnail","hentry","category-norte_de_minas","tag-cinco-tremores-de-terra-em-menos-de-24-horas-assustam-moradores-de-montes-claros","tag-destaque","tag-montes-claros"],"yoast_head":"<!-- This site is optimized with the Yoast SEO plugin v28.3 - https:\/\/yoast.com\/product\/yoast-seo-wordpress\/ -->\n<title>Cinco tremores de terra em menos de 24 horas assustam moradores de Montes Claros - Aconteceu no Vale<\/title>\n<meta name=\"robots\" content=\"index, follow, max-snippet:-1, max-image-preview:large, max-video-preview:-1\" \/>\n<link rel=\"canonical\" href=\"https:\/\/aconteceunovale.com.br\/portal\/?p=25949\" \/>\n<meta property=\"og:locale\" content=\"pt_BR\" \/>\n<meta property=\"og:type\" content=\"article\" \/>\n<meta property=\"og:title\" content=\"Cinco tremores de terra em menos de 24 horas assustam moradores de Montes Claros - Aconteceu no Vale\" \/>\n<meta property=\"og:description\" content=\"Moradores de Montes Claros, no Norte de Minas, se assustaram com mais dois tremores de terra que aconteceram na tarde deste domingo (6). Durante a manh\u00e3, outros tr\u00eas abalos foram registrados na cidade. A informa\u00e7\u00e3o foi divulgada pelo Corpo de Bombeiros, mas o Observat\u00f3rio Sismol\u00f3gico (Obsis), do Instituto de Geoci\u00eancias da Universidade de Bras\u00edlia (UnB), [&hellip;]\" \/>\n<meta property=\"og:url\" content=\"https:\/\/aconteceunovale.com.br\/portal\/?p=25949\" \/>\n<meta property=\"og:site_name\" content=\"Aconteceu no Vale\" \/>\n<meta property=\"article:publisher\" content=\"https:\/\/www.facebook.com\/aconteceunovale\/\" \/>\n<meta property=\"article:published_time\" content=\"2014-04-07T00:01:37+00:00\" \/>\n<meta property=\"article:modified_time\" content=\"2014-04-07T12:59:54+00:00\" \/>\n<meta property=\"og:image\" content=\"https:\/\/aconteceunovale.com.br\/portal\/wp-content\/uploads\/2014\/04\/abalo_sismico_moc_06_04_04.jpg\" \/>\n\t<meta property=\"og:image:width\" content=\"620\" \/>\n\t<meta property=\"og:image:height\" content=\"420\" \/>\n\t<meta property=\"og:image:type\" content=\"image\/jpeg\" \/>\n<meta name=\"author\" content=\"Aconteceu no Vale\" \/>\n<meta name=\"twitter:card\" content=\"summary_large_image\" \/>\n<meta name=\"twitter:creator\" content=\"@noticiadosvales\" \/>\n<meta name=\"twitter:site\" content=\"@noticiadosvales\" \/>\n<meta name=\"twitter:label1\" content=\"Escrito por\" \/>\n\t<meta name=\"twitter:data1\" content=\"Aconteceu no Vale\" \/>\n\t<meta name=\"twitter:label2\" content=\"Est. tempo de leitura\" \/>\n\t<meta name=\"twitter:data2\" content=\"4 minutos\" \/>\n<script type=\"application\/ld+json\" class=\"yoast-schema-graph\">{\"@context\":\"https:\\\/\\\/schema.org\",\"@graph\":[{\"@type\":\"Article\",\"@id\":\"https:\\\/\\\/aconteceunovale.com.br\\\/portal\\\/?p=25949#article\",\"isPartOf\":{\"@id\":\"https:\\\/\\\/aconteceunovale.com.br\\\/portal\\\/?p=25949\"},\"author\":{\"name\":\"Aconteceu no Vale\",\"@id\":\"https:\\\/\\\/aconteceunovale.com.br\\\/portal\\\/#\\\/schema\\\/person\\\/633529146f2c94272bef50ac2953d589\"},\"headline\":\"Cinco tremores de terra em menos de 24 horas assustam moradores de Montes Claros\",\"datePublished\":\"2014-04-07T00:01:37+00:00\",\"dateModified\":\"2014-04-07T12:59:54+00:00\",\"mainEntityOfPage\":{\"@id\":\"https:\\\/\\\/aconteceunovale.com.br\\\/portal\\\/?p=25949\"},\"wordCount\":758,\"commentCount\":0,\"image\":{\"@id\":\"https:\\\/\\\/aconteceunovale.com.br\\\/portal\\\/?p=25949#primaryimage\"},\"thumbnailUrl\":\"https:\\\/\\\/aconteceunovale.com.br\\\/portal\\\/wp-content\\\/uploads\\\/2014\\\/04\\\/abalo_sismico_moc_06_04_04.jpg\",\"keywords\":[\"Cinco tremores de terra em menos de 24 horas assustam moradores de Montes Claros\",\"destaque\",\"Montes Claros\"],\"articleSection\":[\"Norte de Minas\"],\"inLanguage\":\"pt-BR\",\"potentialAction\":[{\"@type\":\"CommentAction\",\"name\":\"Comment\",\"target\":[\"https:\\\/\\\/aconteceunovale.com.br\\\/portal\\\/?p=25949#respond\"]}]},{\"@type\":\"WebPage\",\"@id\":\"https:\\\/\\\/aconteceunovale.com.br\\\/portal\\\/?p=25949\",\"url\":\"https:\\\/\\\/aconteceunovale.com.br\\\/portal\\\/?p=25949\",\"name\":\"Cinco tremores de terra em menos de 24 horas assustam moradores de Montes Claros - Aconteceu no Vale\",\"isPartOf\":{\"@id\":\"https:\\\/\\\/aconteceunovale.com.br\\\/portal\\\/#website\"},\"primaryImageOfPage\":{\"@id\":\"https:\\\/\\\/aconteceunovale.com.br\\\/portal\\\/?p=25949#primaryimage\"},\"image\":{\"@id\":\"https:\\\/\\\/aconteceunovale.com.br\\\/portal\\\/?p=25949#primaryimage\"},\"thumbnailUrl\":\"https:\\\/\\\/aconteceunovale.com.br\\\/portal\\\/wp-content\\\/uploads\\\/2014\\\/04\\\/abalo_sismico_moc_06_04_04.jpg\",\"datePublished\":\"2014-04-07T00:01:37+00:00\",\"dateModified\":\"2014-04-07T12:59:54+00:00\",\"author\":{\"@id\":\"https:\\\/\\\/aconteceunovale.com.br\\\/portal\\\/#\\\/schema\\\/person\\\/633529146f2c94272bef50ac2953d589\"},\"breadcrumb\":{\"@id\":\"https:\\\/\\\/aconteceunovale.com.br\\\/portal\\\/?p=25949#breadcrumb\"},\"inLanguage\":\"pt-BR\",\"potentialAction\":[{\"@type\":\"ReadAction\",\"target\":[\"https:\\\/\\\/aconteceunovale.com.br\\\/portal\\\/?p=25949\"]}]},{\"@type\":\"ImageObject\",\"inLanguage\":\"pt-BR\",\"@id\":\"https:\\\/\\\/aconteceunovale.com.br\\\/portal\\\/?p=25949#primaryimage\",\"url\":\"https:\\\/\\\/aconteceunovale.com.br\\\/portal\\\/wp-content\\\/uploads\\\/2014\\\/04\\\/abalo_sismico_moc_06_04_04.jpg\",\"contentUrl\":\"https:\\\/\\\/aconteceunovale.com.br\\\/portal\\\/wp-content\\\/uploads\\\/2014\\\/04\\\/abalo_sismico_moc_06_04_04.jpg\",\"width\":620,\"height\":420},{\"@type\":\"BreadcrumbList\",\"@id\":\"https:\\\/\\\/aconteceunovale.com.br\\\/portal\\\/?p=25949#breadcrumb\",\"itemListElement\":[{\"@type\":\"ListItem\",\"position\":1,\"name\":\"In\u00edcio\",\"item\":\"https:\\\/\\\/aconteceunovale.com.br\\\/portal\\\/\"},{\"@type\":\"ListItem\",\"position\":2,\"name\":\"Cinco tremores de terra em menos de 24 horas assustam moradores de Montes Claros\"}]},{\"@type\":\"WebSite\",\"@id\":\"https:\\\/\\\/aconteceunovale.com.br\\\/portal\\\/#website\",\"url\":\"https:\\\/\\\/aconteceunovale.com.br\\\/portal\\\/\",\"name\":\"Aconteceu no Vale\",\"description\":\"Portal de Not\u00edcias\",\"potentialAction\":[{\"@type\":\"SearchAction\",\"target\":{\"@type\":\"EntryPoint\",\"urlTemplate\":\"https:\\\/\\\/aconteceunovale.com.br\\\/portal\\\/?s={search_term_string}\"},\"query-input\":{\"@type\":\"PropertyValueSpecification\",\"valueRequired\":true,\"valueName\":\"search_term_string\"}}],\"inLanguage\":\"pt-BR\"},{\"@type\":\"Person\",\"@id\":\"https:\\\/\\\/aconteceunovale.com.br\\\/portal\\\/#\\\/schema\\\/person\\\/633529146f2c94272bef50ac2953d589\",\"name\":\"Aconteceu no Vale\",\"description\":\"Equipe de reportagem do Aconteceu no Vale, portal de not\u00edcias do Vale do Jequitinhonha, em Minas Gerais. Cobrimos as 51 cidades do Vale desde 2013. Sugest\u00f5es de pauta e pedidos de corre\u00e7\u00e3o: contato@aconteceunovale.com.br\",\"sameAs\":[\"http:\\\/\\\/www.aconteceunovale.com.br\"],\"url\":\"https:\\\/\\\/aconteceunovale.com.br\\\/portal\\\/?author=1\"}]}<\/script>\n<!-- \/ Yoast SEO plugin. -->","yoast_head_json":{"title":"Cinco tremores de terra em menos de 24 horas assustam moradores de Montes Claros - Aconteceu no Vale","robots":{"index":"index","follow":"follow","max-snippet":"max-snippet:-1","max-image-preview":"max-image-preview:large","max-video-preview":"max-video-preview:-1"},"canonical":"https:\/\/aconteceunovale.com.br\/portal\/?p=25949","og_locale":"pt_BR","og_type":"article","og_title":"Cinco tremores de terra em menos de 24 horas assustam moradores de Montes Claros - Aconteceu no Vale","og_description":"Moradores de Montes Claros, no Norte de Minas, se assustaram com mais dois tremores de terra que aconteceram na tarde deste domingo (6). Durante a manh\u00e3, outros tr\u00eas abalos foram registrados na cidade. A informa\u00e7\u00e3o foi divulgada pelo Corpo de Bombeiros, mas o Observat\u00f3rio Sismol\u00f3gico (Obsis), do Instituto de Geoci\u00eancias da Universidade de Bras\u00edlia (UnB), [&hellip;]","og_url":"https:\/\/aconteceunovale.com.br\/portal\/?p=25949","og_site_name":"Aconteceu no Vale","article_publisher":"https:\/\/www.facebook.com\/aconteceunovale\/","article_published_time":"2014-04-07T00:01:37+00:00","article_modified_time":"2014-04-07T12:59:54+00:00","og_image":[{"width":620,"height":420,"url":"https:\/\/aconteceunovale.com.br\/portal\/wp-content\/uploads\/2014\/04\/abalo_sismico_moc_06_04_04.jpg","type":"image\/jpeg"}],"author":"Aconteceu no Vale","twitter_card":"summary_large_image","twitter_creator":"@noticiadosvales","twitter_site":"@noticiadosvales","twitter_misc":{"Escrito por":"Aconteceu no Vale","Est. tempo de leitura":"4 minutos"},"schema":{"@context":"https:\/\/schema.org","@graph":[{"@type":"Article","@id":"https:\/\/aconteceunovale.com.br\/portal\/?p=25949#article","isPartOf":{"@id":"https:\/\/aconteceunovale.com.br\/portal\/?p=25949"},"author":{"name":"Aconteceu no Vale","@id":"https:\/\/aconteceunovale.com.br\/portal\/#\/schema\/person\/633529146f2c94272bef50ac2953d589"},"headline":"Cinco tremores de terra em menos de 24 horas assustam moradores de Montes Claros","datePublished":"2014-04-07T00:01:37+00:00","dateModified":"2014-04-07T12:59:54+00:00","mainEntityOfPage":{"@id":"https:\/\/aconteceunovale.com.br\/portal\/?p=25949"},"wordCount":758,"commentCount":0,"image":{"@id":"https:\/\/aconteceunovale.com.br\/portal\/?p=25949#primaryimage"},"thumbnailUrl":"https:\/\/aconteceunovale.com.br\/portal\/wp-content\/uploads\/2014\/04\/abalo_sismico_moc_06_04_04.jpg","keywords":["Cinco tremores de terra em menos de 24 horas assustam moradores de Montes Claros","destaque","Montes Claros"],"articleSection":["Norte de Minas"],"inLanguage":"pt-BR","potentialAction":[{"@type":"CommentAction","name":"Comment","target":["https:\/\/aconteceunovale.com.br\/portal\/?p=25949#respond"]}]},{"@type":"WebPage","@id":"https:\/\/aconteceunovale.com.br\/portal\/?p=25949","url":"https:\/\/aconteceunovale.com.br\/portal\/?p=25949","name":"Cinco tremores de terra em menos de 24 horas assustam moradores de Montes Claros - Aconteceu no Vale","isPartOf":{"@id":"https:\/\/aconteceunovale.com.br\/portal\/#website"},"primaryImageOfPage":{"@id":"https:\/\/aconteceunovale.com.br\/portal\/?p=25949#primaryimage"},"image":{"@id":"https:\/\/aconteceunovale.com.br\/portal\/?p=25949#primaryimage"},"thumbnailUrl":"https:\/\/aconteceunovale.com.br\/portal\/wp-content\/uploads\/2014\/04\/abalo_sismico_moc_06_04_04.jpg","datePublished":"2014-04-07T00:01:37+00:00","dateModified":"2014-04-07T12:59:54+00:00","author":{"@id":"https:\/\/aconteceunovale.com.br\/portal\/#\/schema\/person\/633529146f2c94272bef50ac2953d589"},"breadcrumb":{"@id":"https:\/\/aconteceunovale.com.br\/portal\/?p=25949#breadcrumb"},"inLanguage":"pt-BR","potentialAction":[{"@type":"ReadAction","target":["https:\/\/aconteceunovale.com.br\/portal\/?p=25949"]}]},{"@type":"ImageObject","inLanguage":"pt-BR","@id":"https:\/\/aconteceunovale.com.br\/portal\/?p=25949#primaryimage","url":"https:\/\/aconteceunovale.com.br\/portal\/wp-content\/uploads\/2014\/04\/abalo_sismico_moc_06_04_04.jpg","contentUrl":"https:\/\/aconteceunovale.com.br\/portal\/wp-content\/uploads\/2014\/04\/abalo_sismico_moc_06_04_04.jpg","width":620,"height":420},{"@type":"BreadcrumbList","@id":"https:\/\/aconteceunovale.com.br\/portal\/?p=25949#breadcrumb","itemListElement":[{"@type":"ListItem","position":1,"name":"In\u00edcio","item":"https:\/\/aconteceunovale.com.br\/portal\/"},{"@type":"ListItem","position":2,"name":"Cinco tremores de terra em menos de 24 horas assustam moradores de Montes Claros"}]},{"@type":"WebSite","@id":"https:\/\/aconteceunovale.com.br\/portal\/#website","url":"https:\/\/aconteceunovale.com.br\/portal\/","name":"Aconteceu no Vale","description":"Portal de Not\u00edcias","potentialAction":[{"@type":"SearchAction","target":{"@type":"EntryPoint","urlTemplate":"https:\/\/aconteceunovale.com.br\/portal\/?s={search_term_string}"},"query-input":{"@type":"PropertyValueSpecification","valueRequired":true,"valueName":"search_term_string"}}],"inLanguage":"pt-BR"},{"@type":"Person","@id":"https:\/\/aconteceunovale.com.br\/portal\/#\/schema\/person\/633529146f2c94272bef50ac2953d589","name":"Aconteceu no Vale","description":"Equipe de reportagem do Aconteceu no Vale, portal de not\u00edcias do Vale do Jequitinhonha, em Minas Gerais. Cobrimos as 51 cidades do Vale desde 2013. Sugest\u00f5es de pauta e pedidos de corre\u00e7\u00e3o: contato@aconteceunovale.com.br","sameAs":["http:\/\/www.aconteceunovale.com.br"],"url":"https:\/\/aconteceunovale.com.br\/portal\/?author=1"}]}},"_links":{"self":[{"href":"https:\/\/aconteceunovale.com.br\/portal\/index.php?rest_route=\/wp\/v2\/posts\/25949","targetHints":{"allow":["GET"]}}],"collection":[{"href":"https:\/\/aconteceunovale.com.br\/portal\/index.php?rest_route=\/wp\/v2\/posts"}],"about":[{"href":"https:\/\/aconteceunovale.com.br\/portal\/index.php?rest_route=\/wp\/v2\/types\/post"}],"author":[{"embeddable":true,"href":"https:\/\/aconteceunovale.com.br\/portal\/index.php?rest_route=\/wp\/v2\/users\/1"}],"replies":[{"embeddable":true,"href":"https:\/\/aconteceunovale.com.br\/portal\/index.php?rest_route=%2Fwp%2Fv2%2Fcomments&post=25949"}],"version-history":[{"count":0,"href":"https:\/\/aconteceunovale.com.br\/portal\/index.php?rest_route=\/wp\/v2\/posts\/25949\/revisions"}],"wp:featuredmedia":[{"embeddable":true,"href":"https:\/\/aconteceunovale.com.br\/portal\/index.php?rest_route=\/wp\/v2\/media\/25953"}],"wp:attachment":[{"href":"https:\/\/aconteceunovale.com.br\/portal\/index.php?rest_route=%2Fwp%2Fv2%2Fmedia&parent=25949"}],"wp:term":[{"taxonomy":"category","embeddable":true,"href":"https:\/\/aconteceunovale.com.br\/portal\/index.php?rest_route=%2Fwp%2Fv2%2Fcategories&post=25949"},{"taxonomy":"post_tag","embeddable":true,"href":"https:\/\/aconteceunovale.com.br\/portal\/index.php?rest_route=%2Fwp%2Fv2%2Ftags&post=25949"}],"curies":[{"name":"wp","href":"https:\/\/api.w.org\/{rel}","templated":true}]}}