{"id":25802,"date":"2014-04-04T18:08:45","date_gmt":"2014-04-04T21:08:45","guid":{"rendered":"http:\/\/aconteceunovale.com.br\/portal\/?p=25802"},"modified":"2014-04-04T18:09:24","modified_gmt":"2014-04-04T21:09:24","slug":"alberto-pinto-coelho-e-empossado-governador-e-diz-que-vai-dialogar-com-o-povo-mineiro","status":"publish","type":"post","link":"https:\/\/aconteceunovale.com.br\/portal\/?p=25802","title":{"rendered":"Alberto Pinto Coelho \u00e9 empossado governador e diz que vai dialogar com o povo mineiro"},"content":{"rendered":"<p>Marcado pela moderniza\u00e7\u00e3o da gest\u00e3o p\u00fablica, que levou o Estado a ser refer\u00eancia em todo o pa\u00eds, Minas Gerais passa a ter como novo l\u00edder o governador Alberto Pinto Coelho, um dos mais importantes e reconhecidos nomes da pol\u00edtica do Estado. O representante maior do Executivo mineiro foi empossado nesta sexta-feira (04\/04), pela Assembleia Legislativa de Minas Gerais (ALMG), com a presen\u00e7a de centenas de parlamentares e lideran\u00e7as pol\u00edticas do Brasil.<\/p>\n<p><iframe loading=\"lazy\" width=\"640\" height=\"360\" src=\"\/\/www.youtube.com\/embed\/pVbgvmTXMLM\" frameborder=\"0\" allowfullscreen><\/iframe><\/p>\n<p>Com o Plen\u00e1rio Juscelino Kubitscheck tomado por deputados, vereadores, prefeitos e senadores, Alberto Pinto Coelho assinou o termo de posse ap\u00f3s a execu\u00e7\u00e3o do Hino Nacional, cantado pelo grupo mineiro Trio Amaranto. O governador foi ainda homenageado por um v\u00eddeo, que contou sua trajet\u00f3ria pessoal e pol\u00edtica.<\/p>\n<p>Em seu discurso de posse, o governador de Minas enfatizou sua voca\u00e7\u00e3o para o municipalismo e federalismo, condi\u00e7\u00f5es, segundo ele, essenciais para a qualidade do servi\u00e7o p\u00fablico no pa\u00eds. A bandeira pelos direitos federativos, enaltecida por Minas ao longo dos \u00faltimos 11 anos, permite aos estados e munic\u00edpios dispor de recursos tribut\u00e1rios pr\u00f3prios, de forma justa e equ\u00e2nime, reduzindo a concentra\u00e7\u00e3o de tributos nas m\u00e3os da Uni\u00e3o.<\/p>\n<p>\u201cDefendo uma federa\u00e7\u00e3o diferente da que hoje existe no Brasil, onde, perpassando diferentes governos, floresce e se agrava uma grave e insidiosa concentra\u00e7\u00e3o de poderes e recursos. Este fen\u00f4meno \u00e9 o pano de fundo para as nossas mais graves mazelas e crises, em especial em dois campos fundamentais \u00e0 vida dos cidad\u00e3os: sa\u00fade e seguran\u00e7a\u201d, afirmou Alberto Pinto Coelho.<\/p>\n<p>Aplaudido pelos presentes \u00e0 cerim\u00f4nia, o governador lembrou um dos temas mais discutidos na atualidade, o aumento da viol\u00eancia em todo o pa\u00eds. Apesar dos fortes investimentos feitos pelo Estado nas pol\u00edticas p\u00fablicas voltadas ao setor, como aumento dos efetivos das pol\u00edcias, viaturas e vagas prisionais, Alberto Pinto Coelho destacou a necessidade de maior atua\u00e7\u00e3o do governo federal para o combate a problemas graves enfrentados pela popula\u00e7\u00e3o.<\/p>\n<p>\u201cFalta-nos uma Pol\u00edtica Nacional de Seguran\u00e7a P\u00fablica e uma inst\u00e2ncia federal coordenadora dos esfor\u00e7os dos entes federados. Na sa\u00fade, n\u00e3o \u00e9 diferente. Assistimos, perplexos, a flagrante precariedade do atendimento aos que mais precisam. Se nos permitirmos um diagn\u00f3stico mais ampliado, descobriremos que falta o sentido da Federa\u00e7\u00e3o tamb\u00e9m nas demais \u00e1reas\u201d, ressaltou.<\/p>\n<h4><strong>Esfor\u00e7o conjunto<\/strong><\/h4>\n<p>Ap\u00f3s anos dedicados \u00e0 vida p\u00fablica como deputado estadual e presidente da Assembleia Legislativa de Minas Gerais, Alberto Pinto Coelho assumiu o compromisso de dialogar e de promover a uni\u00e3o entre os poderes Executivo, Legislativo e Judici\u00e1rio para fortalecer o estado democr\u00e1tico de direito. O governador tamb\u00e9m lembrou os 25 anos da Constitui\u00e7\u00e3o Mineira, nascida da mobiliza\u00e7\u00e3o e da participa\u00e7\u00e3o efetiva dos poderes constitu\u00eddos e da sociedade civil. O texto, promulgado em 1988, garantiu o marco constitucional da vida democr\u00e1tica.<\/p>\n<p>\u201cFoi um momento singular, quando consagramos os princ\u00edpios de uma sociedade republicana, democr\u00e1tica e cidad\u00e3, regida, em plano ampliado, pela Carta Magna Brasileira de 1988. Ao assumir o comando do Pal\u00e1cio Tiradentes, busco inspira\u00e7\u00e3o naquele momento de forte interlocu\u00e7\u00e3o com os mineiros, como base para o pleno exerc\u00edcio de governan\u00e7a\u201d, disse o governador.<\/p>\n<p>Ao lado do presidente da Assembleia de Minas, deputado Dinis Pinheiro, que o sucedeu na presid\u00eancia da Casa, Alberto Pinto Coelho destacou a valoriza\u00e7\u00e3o e parceria com o Poder Legislativo, fundamental para a aprova\u00e7\u00e3o dos projetos destinados ao benef\u00edcio da popula\u00e7\u00e3o. \u201cAqui, nesta verdadeira escola pol\u00edtica, que \u00e9 a Assembleia de Minas, aprendi a alquimia de tornar o imposs\u00edvel, fact\u00edvel; o inating\u00edvel, conquist\u00e1vel\u201d, afirmou.<\/p>\n<p>Em seu discurso, o presidente da Assembleia, Dinis Pinheiro, destacou a gest\u00e3o eficiente implantada em Minas e afirmou que \u201co governador empossado conduzir\u00e1 o Governo de Minas com a mesma transpar\u00eancia e compet\u00eancia com que vem conduzindo o Estado nos \u00faltimos anos\u201d.<\/p>\n<p>Alberto Pinto Coelho exerceu quatro mandatos parlamentares, sendo votado em 750 dos 853 munic\u00edpios mineiros. Durante 16 anos de Parlamento, assumiu a Presid\u00eancia da Assembleia em 2007, sendo reeleito para o mesmo cargo em 2009.<\/p>\n<h4><strong>Gest\u00e3o moderna e eficiente<\/strong><\/h4>\n<p>Ao assumir o comando do Pal\u00e1cio Tiradentes, Alberto Pinto Coelho se comprometeu a continuar e avan\u00e7ar com o modelo reconhecido de administra\u00e7\u00e3o implantado no Estado. O novo l\u00edder destacou a gest\u00e3o iniciada em 2003, pelo ex-governador A\u00e9cio Neves, que investiu no equil\u00edbrio das contas p\u00fablicas, na qualidade do gasto e na revitaliza\u00e7\u00e3o do planejamento. Aprimorada pelo ent\u00e3o governador Antonio Anastasia, em 2010, a administra\u00e7\u00e3o criou instrumentos de gest\u00e3o para ampliar o foco nos resultados.<\/p>\n<p>\u201cEm um governo inovador e exemplar como o nosso, n\u00e3o haver\u00e1 nenhum espa\u00e7o para o improviso, a leni\u00eancia, ou insidioso aparelhamento que tanto faz mal ao pa\u00eds. Assumo a fun\u00e7\u00e3o de governador com a clara consci\u00eancia de que herdo e devo levar avante um grande legado: o da moderniza\u00e7\u00e3o da gest\u00e3o p\u00fablica em nosso Estado, refer\u00eancia em todo o pa\u00eds e reconhecida por organismos internacionais pela qualidade de gest\u00e3o e como exemplo a ser seguido e ampliado\u201d, concluiu o governador.<\/p>\n<h4><strong>Perfil<\/strong><\/h4>\n<p>Alberto Pinto Coelho nasceu em 1945, em Rio Verde, no Estado de Goi\u00e1s e aos tr\u00eas anos de idade veio com sua fam\u00edlia para Minas Gerais. \u00c9 filho do professor e advogado militante Dr. Alberto Pinto Coelho, um mineiro de Manhua\u00e7u, e de dona Abigail, mineira de S\u00e3o Domingos do Prata, professora prim\u00e1ria. O pai, Alberto Pinto Coelho, presidiu a Assembleia Legislativa de Goi\u00e1s entre 1947 e 1948.<\/p>\n<p>\u00c9 graduado em Administra\u00e7\u00e3o de Empresas. Ao longo de sua vida profissional, acumulou mais de 30 anos de experi\u00eancia no Setor de Telecomunica\u00e7\u00f5es, sendo 27 em gest\u00e3o de empresa estatal. Ocupou cargos de alta ger\u00eancia e de diretoria nas \u00e1reas de gest\u00e3o administrativa, comercial, planejamento operacional e de marketing. Foi representante do Minist\u00e9rio das Comunica\u00e7\u00f5es em Minas Gerais e comandou o Dentel-MG.<\/p>\n<p><iframe loading=\"lazy\" width=\"640\" height=\"360\" src=\"\/\/www.youtube.com\/embed\/fKmtQIvAH9s\" frameborder=\"0\" allowfullscreen><\/iframe><\/p>\n","protected":false},"excerpt":{"rendered":"<p>Marcado pela moderniza\u00e7\u00e3o da gest\u00e3o p\u00fablica, que levou o Estado a ser refer\u00eancia em todo o pa\u00eds, Minas Gerais passa a ter como novo l\u00edder o governador Alberto Pinto Coelho, um dos mais importantes e reconhecidos nomes da pol\u00edtica do Estado. O representante maior do Executivo mineiro foi empossado nesta sexta-feira (04\/04), pela Assembleia Legislativa [&hellip;]<\/p>\n","protected":false},"author":1,"featured_media":25803,"comment_status":"open","ping_status":"closed","sticky":false,"template":"","format":"standard","meta":{"amp_status":"","footnotes":""},"categories":[123],"tags":[1402,6306,1018,6307,6308],"class_list":["post-25802","post","type-post","status-publish","format-standard","has-post-thumbnail","hentry","category-gerais","tag-alberto-pinto-coelho","tag-alberto-pinto-coelho-e-empossado-governador-e-diz-que-vai-dialogar-com-o-povo-mineiro","tag-destaque","tag-novo-governador-de-minas-gerais","tag-posse-do-governador-alberto-pinto-coelho"],"_links":{"self":[{"href":"https:\/\/aconteceunovale.com.br\/portal\/index.php?rest_route=\/wp\/v2\/posts\/25802","targetHints":{"allow":["GET"]}}],"collection":[{"href":"https:\/\/aconteceunovale.com.br\/portal\/index.php?rest_route=\/wp\/v2\/posts"}],"about":[{"href":"https:\/\/aconteceunovale.com.br\/portal\/index.php?rest_route=\/wp\/v2\/types\/post"}],"author":[{"embeddable":true,"href":"https:\/\/aconteceunovale.com.br\/portal\/index.php?rest_route=\/wp\/v2\/users\/1"}],"replies":[{"embeddable":true,"href":"https:\/\/aconteceunovale.com.br\/portal\/index.php?rest_route=%2Fwp%2Fv2%2Fcomments&post=25802"}],"version-history":[{"count":0,"href":"https:\/\/aconteceunovale.com.br\/portal\/index.php?rest_route=\/wp\/v2\/posts\/25802\/revisions"}],"wp:featuredmedia":[{"embeddable":true,"href":"https:\/\/aconteceunovale.com.br\/portal\/index.php?rest_route=\/wp\/v2\/media\/25803"}],"wp:attachment":[{"href":"https:\/\/aconteceunovale.com.br\/portal\/index.php?rest_route=%2Fwp%2Fv2%2Fmedia&parent=25802"}],"wp:term":[{"taxonomy":"category","embeddable":true,"href":"https:\/\/aconteceunovale.com.br\/portal\/index.php?rest_route=%2Fwp%2Fv2%2Fcategories&post=25802"},{"taxonomy":"post_tag","embeddable":true,"href":"https:\/\/aconteceunovale.com.br\/portal\/index.php?rest_route=%2Fwp%2Fv2%2Ftags&post=25802"}],"curies":[{"name":"wp","href":"https:\/\/api.w.org\/{rel}","templated":true}]}}