{"id":25790,"date":"2014-04-04T13:14:40","date_gmt":"2014-04-04T16:14:40","guid":{"rendered":"http:\/\/aconteceunovale.com.br\/portal\/?p=25790"},"modified":"2014-04-04T13:14:40","modified_gmt":"2014-04-04T16:14:40","slug":"vereador-divulga-nota-sobre-veto-ao-projeto-de-regulamentacao-da-festa-do-capelinhense-ausente","status":"publish","type":"post","link":"https:\/\/aconteceunovale.com.br\/portal\/?p=25790","title":{"rendered":"Vereador divulga nota sobre veto ao projeto de regulamenta\u00e7\u00e3o da Festa do Capelinhense Ausente"},"content":{"rendered":"<p>O Vereador Cleuber Luiz divulgou na manh\u00e3 desta sexta-feira, 04 de mar\u00e7o, uma nota de esclarecimento sobre o veto do projeto 056\/2013, vetado integralmente em reuni\u00e3o da C\u00e2mara Municipal na \u00faltima segunda-feira.<\/p>\n<p>Leia a nota de esclarecimento na \u00edntegra:<\/p>\n<p><em><strong>&#8220;N\u00c3O SOU E NUNCA SEREI CONTRA A FESTA DO CAPELINHENSE E SIM, CONTRA A &#8220;A FARRA&#8221; DA FESTA DO CAPELINHENSE.<\/p>\n<p>Juntamente com o vereador Mazim do a\u00e7ougue, idealizamos o Projeto de Lei 056\/2013 \u201cREGULARIZANDO\u201d a Festa do Capelinhense.<\/p>\n<p>No decorrer da tramita\u00e7\u00e3o o vereador Jailson colaborou com duas Emendas para melhor\u00e1-lo. Por fim, foi vetado integralmente pelo Executivo. <\/p>\n<p>Temos convic\u00e7\u00e3o e posi\u00e7\u00e3o jur\u00eddica que cabia veto parcial a um artigo. At\u00e9 ai tudo bem; n\u00e3o somos donos da verdade. No entanto, o veto total considerei uma afronta ao povo capelinhense, aos artistas da terra, aos barraqueiros da terra e, principalmente, para onde iam os lucros do Galp\u00e3o e qual \u00e9 o gasto real da festa, pois n\u00e3o existe presta\u00e7\u00e3o de contas. <\/p>\n<p>Nosso interesse era \u00fanica e exclusivamente tornar a Festa Transparente, organizada e cada vez mais acess\u00edvel ao p\u00fablico de menor renda. Hoje, estou sendo, por alguns maldosos, \u201ctaxado como vereador, que queria acabar com a festa do Capelinhense\u201d, repito: N\u00c3O SOU E NUNCA SEREI CONTRA A FESTA DO CAPELINHENSE E SIM, CONTRA A &#8220;A FARRA&#8221; DA FESTA DO CAPELINHENSE.<\/p>\n<p>Mas, Capelinha quer transpar\u00eancia ou n\u00e3o? Quer presta\u00e7\u00e3o de contas do dinheiro p\u00fablico, ou n\u00e3o? Quer vereadores que fiscalizam, ou n\u00e3o? Desculpem-me o desabafo e este ser\u00e1 nessa hist\u00f3ria, o \u00faltimo: Luto por uma Capelinha melhor, com novos rumos, com a participa\u00e7\u00e3o da comunidade em seu destino e principalmente, com uma Capelinha em que seus gestores mostrem o que fazem com o dinheiro p\u00fablico que \u00e9 arrecadado de todos n\u00f3s. <\/p>\n<p>Agrade\u00e7o aos que comigo comungam estes ideais e estes ser\u00e3o sempre, os meus ideais como homem p\u00fablico e como cidad\u00e3o.&#8221; <\/strong><\/em>(Vereador Cleuber Luiz)<\/p>\n","protected":false},"excerpt":{"rendered":"<p>O Vereador Cleuber Luiz divulgou na manh\u00e3 desta sexta-feira, 04 de mar\u00e7o, uma nota de esclarecimento sobre o veto do projeto 056\/2013, vetado integralmente em reuni\u00e3o da C\u00e2mara Municipal na \u00faltima segunda-feira. Leia a nota de esclarecimento na \u00edntegra: &#8220;N\u00c3O SOU E NUNCA SEREI CONTRA A FESTA DO CAPELINHENSE E SIM, CONTRA A &#8220;A FARRA&#8221; [&hellip;]<\/p>\n","protected":false},"author":1,"featured_media":25791,"comment_status":"open","ping_status":"closed","sticky":false,"template":"","format":"standard","meta":{"amp_status":"","footnotes":""},"categories":[120],"tags":[132,837,6303],"class_list":["post-25790","post","type-post","status-publish","format-standard","has-post-thumbnail","hentry","category-jequi","tag-capelinha","tag-festa-do-capelinhense-ausente-2014","tag-vereador-divulga-nota-sobre-veto-ao-projeto-de-regulamentacao-da-festa-do-capelinhense-ausente"],"_links":{"self":[{"href":"https:\/\/aconteceunovale.com.br\/portal\/index.php?rest_route=\/wp\/v2\/posts\/25790","targetHints":{"allow":["GET"]}}],"collection":[{"href":"https:\/\/aconteceunovale.com.br\/portal\/index.php?rest_route=\/wp\/v2\/posts"}],"about":[{"href":"https:\/\/aconteceunovale.com.br\/portal\/index.php?rest_route=\/wp\/v2\/types\/post"}],"author":[{"embeddable":true,"href":"https:\/\/aconteceunovale.com.br\/portal\/index.php?rest_route=\/wp\/v2\/users\/1"}],"replies":[{"embeddable":true,"href":"https:\/\/aconteceunovale.com.br\/portal\/index.php?rest_route=%2Fwp%2Fv2%2Fcomments&post=25790"}],"version-history":[{"count":0,"href":"https:\/\/aconteceunovale.com.br\/portal\/index.php?rest_route=\/wp\/v2\/posts\/25790\/revisions"}],"wp:featuredmedia":[{"embeddable":true,"href":"https:\/\/aconteceunovale.com.br\/portal\/index.php?rest_route=\/wp\/v2\/media\/25791"}],"wp:attachment":[{"href":"https:\/\/aconteceunovale.com.br\/portal\/index.php?rest_route=%2Fwp%2Fv2%2Fmedia&parent=25790"}],"wp:term":[{"taxonomy":"category","embeddable":true,"href":"https:\/\/aconteceunovale.com.br\/portal\/index.php?rest_route=%2Fwp%2Fv2%2Fcategories&post=25790"},{"taxonomy":"post_tag","embeddable":true,"href":"https:\/\/aconteceunovale.com.br\/portal\/index.php?rest_route=%2Fwp%2Fv2%2Ftags&post=25790"}],"curies":[{"name":"wp","href":"https:\/\/api.w.org\/{rel}","templated":true}]}}