{"id":25732,"date":"2014-04-03T23:42:47","date_gmt":"2014-04-04T02:42:47","guid":{"rendered":"http:\/\/aconteceunovale.com.br\/portal\/?p=25732"},"modified":"2014-04-03T23:42:47","modified_gmt":"2014-04-04T02:42:47","slug":"trip-e-condenada-por-cancelamento-de-voo-de-montes-claros-para-bh","status":"publish","type":"post","link":"https:\/\/aconteceunovale.com.br\/portal\/?p=25732","title":{"rendered":"Trip \u00e9 condenada por cancelamento de voo de Montes Claros para BH"},"content":{"rendered":"<p>A companhia a\u00e9rea Trip foi condenada a indenizar um casal pelo cancelamento de um voo entre Montes Claros e S\u00e3o Paulo, com escala em Belo Horizonte, em maio de 2012. Conforme a decis\u00e3o em segunda inst\u00e2ncia, a empresa alegou problemas t\u00e9cnicos na aeronave e o voo da cidade do Norte de Minas at\u00e9 a capital mineira foi cancelado, transferindo os passageiros para outro voo, no final da tarde do mesmo dia, at\u00e9 o aeroporto da Pampulha.<\/p>\n<p>No entanto, uma das passageiras n\u00e3o aceitou a situa\u00e7\u00e3o alegando que tinha um compromisso na capital paulista na manh\u00e3 do dia seguinte. Por isso, ela e o marido compraram passagens de outra companhia, pelo custo de R$ 2.326,08 e ajuizaram a\u00e7\u00e3o na Justi\u00e7a contra a Trip.<\/p>\n<p>Mas, a empresa a\u00e9rea alegou que agiu de maneira a zelar pela seguran\u00e7a dos passageiros, pois o avi\u00e3o que faria o voo apresentou problemas t\u00e9cnicos, na \u00faltima hora. Al\u00e9m disso, a companhia alegou que tomou a medida correta ao transferir o casal para o voo seguinte.<\/p>\n<p>Entretanto, a Justi\u00e7a entendeu que a empresa \u00e9 respons\u00e1vel por qualquer dano, independentemente de culpa ou da causa dos problemas. \u201cA alega\u00e7\u00e3o de problemas t\u00e9cnicos na aeronave n\u00e3o afasta a responsabilidade da empresa a\u00e9rea pelo cancelamento do voo, devendo responder pelos danos materiais e morais causados aos consumidores\u201d, informa a senten\u00e7a da 14\u00aa C\u00e2mara C\u00edvel do Tribunal de Justi\u00e7a de Minas Gerais (TJMG), que confirmou a decis\u00e3o do juiz Leopoldo Mameluque, da 3\u00aa Vara C\u00edvel de Montes Claros.<\/p>\n","protected":false},"excerpt":{"rendered":"<p>A companhia a\u00e9rea Trip foi condenada a indenizar um casal pelo cancelamento de um voo entre Montes Claros e S\u00e3o Paulo, com escala em Belo Horizonte, em maio de 2012. Conforme a decis\u00e3o em segunda inst\u00e2ncia, a empresa alegou problemas t\u00e9cnicos na aeronave e o voo da cidade do Norte de Minas at\u00e9 a capital [&hellip;]<\/p>\n","protected":false},"author":1,"featured_media":25733,"comment_status":"open","ping_status":"closed","sticky":false,"template":"","format":"standard","meta":{"amp_status":"","footnotes":""},"categories":[1236],"tags":[210,6283],"class_list":["post-25732","post","type-post","status-publish","format-standard","has-post-thumbnail","hentry","category-norte_de_minas","tag-montes-claros","tag-trip-e-condenada-por-cancelamento-de-voo-de-montes-claros-para-bh"],"_links":{"self":[{"href":"https:\/\/aconteceunovale.com.br\/portal\/index.php?rest_route=\/wp\/v2\/posts\/25732","targetHints":{"allow":["GET"]}}],"collection":[{"href":"https:\/\/aconteceunovale.com.br\/portal\/index.php?rest_route=\/wp\/v2\/posts"}],"about":[{"href":"https:\/\/aconteceunovale.com.br\/portal\/index.php?rest_route=\/wp\/v2\/types\/post"}],"author":[{"embeddable":true,"href":"https:\/\/aconteceunovale.com.br\/portal\/index.php?rest_route=\/wp\/v2\/users\/1"}],"replies":[{"embeddable":true,"href":"https:\/\/aconteceunovale.com.br\/portal\/index.php?rest_route=%2Fwp%2Fv2%2Fcomments&post=25732"}],"version-history":[{"count":0,"href":"https:\/\/aconteceunovale.com.br\/portal\/index.php?rest_route=\/wp\/v2\/posts\/25732\/revisions"}],"wp:featuredmedia":[{"embeddable":true,"href":"https:\/\/aconteceunovale.com.br\/portal\/index.php?rest_route=\/wp\/v2\/media\/25733"}],"wp:attachment":[{"href":"https:\/\/aconteceunovale.com.br\/portal\/index.php?rest_route=%2Fwp%2Fv2%2Fmedia&parent=25732"}],"wp:term":[{"taxonomy":"category","embeddable":true,"href":"https:\/\/aconteceunovale.com.br\/portal\/index.php?rest_route=%2Fwp%2Fv2%2Fcategories&post=25732"},{"taxonomy":"post_tag","embeddable":true,"href":"https:\/\/aconteceunovale.com.br\/portal\/index.php?rest_route=%2Fwp%2Fv2%2Ftags&post=25732"}],"curies":[{"name":"wp","href":"https:\/\/api.w.org\/{rel}","templated":true}]}}