{"id":25639,"date":"2014-04-03T18:00:50","date_gmt":"2014-04-03T21:00:50","guid":{"rendered":"http:\/\/aconteceunovale.com.br\/portal\/?p=25639"},"modified":"2014-04-03T18:51:09","modified_gmt":"2014-04-03T21:51:09","slug":"acidente-entre-carreta-e-carro-deixa-tres-mortos-no-norte-de-minas","status":"publish","type":"post","link":"https:\/\/aconteceunovale.com.br\/portal\/?p=25639","title":{"rendered":"Acidente entre carreta e carro deixa tr\u00eas mortos no Norte de Minas"},"content":{"rendered":"<p>Tr\u00eas pessoas morreram e uma ficou ferida em acidente ocorrido na manh\u00e3 desta quinta-feira, 03\/04, na BR-135, no trevo que d\u00e1 acesso ao munic\u00edpio de Olhos D\u2019\u00c1gua, no Norte de Minas. Um carro que seguia no sentido Olhos D\u2019\u00c1gua colidiu lateralmente contra um caminh\u00e3o que seguia no sentido Belo Horizonte. Das quatro pessoas que estavam no carro, uma, que estava no banco traseiro, foi a \u00f3bito no momento do acidente, e as outras tr\u00eas ficaram feridas, sendo socorridas pelo SAMU e encaminhadas ao hospital de Bocaiuva. <\/p>\n<p>Zenita In\u00e1cia Pereira, 57 anos, que conduzia o carro, teve ferimentos leves e est\u00e1 em observa\u00e7\u00e3o no hospital municipal de Bocaiuva. Onilda Pereira Oliveira, de 77 anos e Silvana In\u00e1cia Pereira Alves, 47 anos, ficaram gravemente feridas e n\u00e3o resistiram aos ferimentos, indo a \u00f3bito no hospital. Jair Isa\u00edas de Oliveira, 80 anos, morreu no local. O motorista do caminh\u00e3o nada sofreu. N\u00e3o houve interrup\u00e7\u00e3o do tr\u00e2nsito no local.<\/p>\n<p><img decoding=\"async\" src=\"http:\/\/aconteceunovale.com.br\/portal\/wp-content\/uploads\/2014\/04\/acidente_olhos_dagua_03.jpg\" alt=\"\" \/><\/p>\n<p><em>(Foto e informa\u00e7\u00f5es do Samu Macro Norte)<\/em><\/p>\n","protected":false},"excerpt":{"rendered":"<p>Tr\u00eas pessoas morreram e uma ficou ferida em acidente ocorrido na manh\u00e3 desta quinta-feira, 03\/04, na BR-135, no trevo que d\u00e1 acesso ao munic\u00edpio de Olhos D\u2019\u00c1gua, no Norte de Minas. Um carro que seguia no sentido Olhos D\u2019\u00c1gua colidiu lateralmente contra um caminh\u00e3o que seguia no sentido Belo Horizonte. Das quatro pessoas que estavam [&hellip;]<\/p>\n","protected":false},"author":1,"featured_media":25663,"comment_status":"open","ping_status":"closed","sticky":false,"template":"","format":"standard","meta":{"amp_status":"","footnotes":""},"categories":[1236],"tags":[6269,6268,645,973],"class_list":["post-25639","post","type-post","status-publish","format-standard","has-post-thumbnail","hentry","category-norte_de_minas","tag-acidente-em-olhos-dagua","tag-acidente-entre-carreta-e-carro-deixa-tres-mortos-no-norte-de-minas","tag-bocaiuva","tag-olhos-dagua"],"_links":{"self":[{"href":"https:\/\/aconteceunovale.com.br\/portal\/index.php?rest_route=\/wp\/v2\/posts\/25639","targetHints":{"allow":["GET"]}}],"collection":[{"href":"https:\/\/aconteceunovale.com.br\/portal\/index.php?rest_route=\/wp\/v2\/posts"}],"about":[{"href":"https:\/\/aconteceunovale.com.br\/portal\/index.php?rest_route=\/wp\/v2\/types\/post"}],"author":[{"embeddable":true,"href":"https:\/\/aconteceunovale.com.br\/portal\/index.php?rest_route=\/wp\/v2\/users\/1"}],"replies":[{"embeddable":true,"href":"https:\/\/aconteceunovale.com.br\/portal\/index.php?rest_route=%2Fwp%2Fv2%2Fcomments&post=25639"}],"version-history":[{"count":0,"href":"https:\/\/aconteceunovale.com.br\/portal\/index.php?rest_route=\/wp\/v2\/posts\/25639\/revisions"}],"wp:featuredmedia":[{"embeddable":true,"href":"https:\/\/aconteceunovale.com.br\/portal\/index.php?rest_route=\/wp\/v2\/media\/25663"}],"wp:attachment":[{"href":"https:\/\/aconteceunovale.com.br\/portal\/index.php?rest_route=%2Fwp%2Fv2%2Fmedia&parent=25639"}],"wp:term":[{"taxonomy":"category","embeddable":true,"href":"https:\/\/aconteceunovale.com.br\/portal\/index.php?rest_route=%2Fwp%2Fv2%2Fcategories&post=25639"},{"taxonomy":"post_tag","embeddable":true,"href":"https:\/\/aconteceunovale.com.br\/portal\/index.php?rest_route=%2Fwp%2Fv2%2Ftags&post=25639"}],"curies":[{"name":"wp","href":"https:\/\/api.w.org\/{rel}","templated":true}]}}