{"id":25626,"date":"2014-04-03T17:21:49","date_gmt":"2014-04-03T20:21:49","guid":{"rendered":"http:\/\/aconteceunovale.com.br\/portal\/?p=25626"},"modified":"2014-04-03T17:21:49","modified_gmt":"2014-04-03T20:21:49","slug":"estado-entrega-200-veiculos-para-reforcar-frota-da-policia-civil","status":"publish","type":"post","link":"https:\/\/aconteceunovale.com.br\/portal\/?p=25626","title":{"rendered":"Estado entrega 200 ve\u00edculos para refor\u00e7ar frota da Pol\u00edcia Civil"},"content":{"rendered":"<p>Com investimentos de R$ 7,8 milh\u00f5es do Governo de Minas, o governador Antonio Anastasia entregou, nesta quinta-feira (03\/04), 200 ve\u00edculos para a Pol\u00edcia Civil. Os 166 Fiestas e 34 Focus ir\u00e3o beneficiar 200 unidades da Pol\u00edcia Civil de 148 munic\u00edpios de todo o Estado. Somente para Belo Horizonte, ser\u00e3o 31 ve\u00edculos para as delegacias especializadas, como de Homic\u00eddios, de Atendimento \u00e0 Mulher, de Prote\u00e7\u00e3o \u00e0 Crian\u00e7a e ao Adolescente e Antidrogas.<\/p>\n<p><iframe loading=\"lazy\" width=\"640\" height=\"360\" src=\"\/\/www.youtube.com\/embed\/OzX20oDCwPA\" frameborder=\"0\" allowfullscreen><\/iframe><\/p>\n<p>Ao fazer a entrega dos novos ve\u00edculos, Anastasia destacou o esfor\u00e7o realizado pelo Governo de Minas para fortalecer a seguran\u00e7a p\u00fablica em todo o Estado. \u201cNesse dia 3 de abril, \u00e9 o derradeiro dia em que estou em exerc\u00edcio no cargo de governador de nosso Estado, com muita honra e orgulho. Digo a toda c\u00fapula da seguran\u00e7a p\u00fablica que fizemos um esfor\u00e7o imenso e que essa entrega de viaturas \u00e9 a comprova\u00e7\u00e3o do que foi feito. \u00c9 claro que temos de fazer muito mais, mas o saldo \u00e9 muito positivo. Deixo o Governo de Minas extremamente leve, tranquilo e com a sensa\u00e7\u00e3o de dever cumprido, da responsabilidade implementada e da consci\u00eancia do realizado\u201d, afirmou o governador.<\/p>\n<p>Os autom\u00f3veis s\u00e3o equipados para a atividade policial, mas n\u00e3o s\u00e3o caracterizados como viaturas, porque ser\u00e3o utilizados em trabalhos estrat\u00e9gicos, nos quais a presen\u00e7a do investigador deve ser mantida de forma velada. Al\u00e9m de capital mineira, receber\u00e3o mais de um ve\u00edculo os munic\u00edpios de Betim (04), Contagem (06), Ribeir\u00e3o das Neves (03), Santa Luzia (03), Nova Lima (02), Vespasiano (03), Sabar\u00e1 (03), Juiz de Fora (02) e Uberaba (03). Cada uma das demais cidades ser\u00e1 beneficiada com um carro.<\/p>\n<p>Os novos ve\u00edculos fazem parte do lote de 436 viaturas j\u00e1 adquiridas, com investimento total de R$ 17,5 milh\u00f5es, composto de 249 ve\u00edculos Fiesta e 187 Focus. A previs\u00e3o \u00e9 que os 236 ve\u00edculos restantes sejam entregues nos pr\u00f3ximos 60 dias. Os 436 ve\u00edculos integram o pacote de pelo menos 700 viaturas que a Pol\u00edcia Civil receber\u00e1 ao longo deste ano. Os demais est\u00e3o em fase final de licita\u00e7\u00e3o e come\u00e7ar\u00e3o a ser entregues ainda neste semestre.<\/p>\n<p>Durante a solenidade, o chefe da Pol\u00edcia Civil, Cylton Brand\u00e3o, falou sobre a import\u00e2ncia da renova\u00e7\u00e3o da frota e sobre os investimentos realizados na \u00e1rea de pessoal da institui\u00e7\u00e3o nos \u00faltimos anos. \u201cAs 200 viaturas entregues nesta solenidade s\u00e3o parte de um montante de quase mil ve\u00edculos entregues nesta gest\u00e3o e que impactar\u00e1 positivamente no nosso trabalho. Tamb\u00e9m foram realizados concursos p\u00fablicos para as carreiras de delegado de pol\u00edcia, m\u00e9dico legista, perito criminal e escriv\u00e3o, que oportunizaram uma oxigena\u00e7\u00e3o na Pol\u00edcia Civil. Hoje, saiu publicado no Di\u00e1rio Oficial do Estado (Minas Gerais) o edital para o concurso p\u00fablico para investigador, com mil vagas. Esse esfor\u00e7o foi conquistado atrav\u00e9s da cren\u00e7a do nosso governador sobre a import\u00e2ncia da investiga\u00e7\u00e3o policial para redu\u00e7\u00e3o da criminalidade em todo o Estado\u201d, disse. <\/p>\n<h4><strong>Delegacia M\u00f3vel<\/strong><\/h4>\n<p>Durante o evento, o governador Anastasia recebeu e visitou um \u00f4nibus da Pol\u00edcia Civil que ser\u00e1 usado como Delegacia M\u00f3vel para refor\u00e7ar a atua\u00e7\u00e3o da corpora\u00e7\u00e3o em pontos estrat\u00e9gicos da capital. Avaliada em R$ 1,2 milh\u00e3o, a unidade m\u00f3vel foi adquirida com recursos do governo federal. O ve\u00edculo ser\u00e1 utilizado na Fan Fest, na Expominas, durante a Copa do Mundo de 2014. As Fan Fests ser\u00e3o eventos de confraterniza\u00e7\u00e3o e de divulga\u00e7\u00e3o das tradi\u00e7\u00f5es culturais locais para acolhimento de torcedores, onde os jogos ser\u00e3o exibidos em tel\u00f5es.<\/p>\n<p>A delegacia m\u00f3vel conta com infraestrutura de tecnologia da informa\u00e7\u00e3o completa (com acesso a redes sociais), de telefonia, de radiocomunica\u00e7\u00e3o, de comunica\u00e7\u00e3o direta com a rede de dados da institui\u00e7\u00e3o e gerador pr\u00f3prio de energia, al\u00e9m de sistema de v\u00eddeo monitoramento interno e externo.<\/p>\n<h4><strong>Mais seguran\u00e7a para todos<\/strong><\/h4>\n<p>Em 2013, o Governo de Minas investiu R$ 12 milh\u00f5es na compra de 182 novas viaturas para a Pol\u00edcia Civil. Com investimentos de R$ 4,3 milh\u00f5es, a compra de 30 novos rabec\u00f5es resultou em uma reorganiza\u00e7\u00e3o no servi\u00e7o de remo\u00e7\u00e3o de corpos na capital e no interior.       <\/p>\n<p>Em 2013 e 2014, o Sistema de Defesa Social est\u00e1 investindo R$ 165 milh\u00f5es para a compra de 3.283 novas viaturas, sendo que 2.021 ve\u00edculos j\u00e1 est\u00e3o em atividade. S\u00e3o carros para a Pol\u00edcia Militar, Pol\u00edcia Civil, Sistema Prisional e Socioeducativo, entregues at\u00e9 2014. Para essas aquisi\u00e7\u00f5es est\u00e3o sendo utilizados recursos oriundos de opera\u00e7\u00f5es de cr\u00e9dito e de emendas parlamentares.<\/p>\n<p>Tamb\u00e9m participaram da solenidade, o secret\u00e1rio de Estado de Defesa Social, R\u00f4mulo Ferraz, demais representantes do Sistema de Defesa Social, parlamentares e prefeitos dos munic\u00edpios beneficiados com novas viaturas.<\/p>\n<p><a href=\"http:\/\/agenciaminas.mg.gov.br\/media\/uploads\/2014\/04\/03\/municipiospcmg.pdf\" target=\"_blank\"><strong>Clique aqui e confira a lista dos munic\u00edpios beneficiados com os ve\u00edculos.<\/strong><\/a> (Arquivo em PDF)<\/p>\n","protected":false},"excerpt":{"rendered":"<p>Com investimentos de R$ 7,8 milh\u00f5es do Governo de Minas, o governador Antonio Anastasia entregou, nesta quinta-feira (03\/04), 200 ve\u00edculos para a Pol\u00edcia Civil. Os 166 Fiestas e 34 Focus ir\u00e3o beneficiar 200 unidades da Pol\u00edcia Civil de 148 munic\u00edpios de todo o Estado. Somente para Belo Horizonte, ser\u00e3o 31 ve\u00edculos para as delegacias especializadas, [&hellip;]<\/p>\n","protected":false},"author":1,"featured_media":25627,"comment_status":"open","ping_status":"closed","sticky":false,"template":"","format":"standard","meta":{"amp_status":"","footnotes":""},"categories":[123],"tags":[1018,6261,6262],"class_list":["post-25626","post","type-post","status-publish","format-standard","has-post-thumbnail","hentry","category-gerais","tag-destaque","tag-estado-entrega-200-veiculos-para-reforcar-frota-da-policia-civil","tag-novos-veiculos-para-a-policia-civil-de-minas-gerais"],"_links":{"self":[{"href":"https:\/\/aconteceunovale.com.br\/portal\/index.php?rest_route=\/wp\/v2\/posts\/25626","targetHints":{"allow":["GET"]}}],"collection":[{"href":"https:\/\/aconteceunovale.com.br\/portal\/index.php?rest_route=\/wp\/v2\/posts"}],"about":[{"href":"https:\/\/aconteceunovale.com.br\/portal\/index.php?rest_route=\/wp\/v2\/types\/post"}],"author":[{"embeddable":true,"href":"https:\/\/aconteceunovale.com.br\/portal\/index.php?rest_route=\/wp\/v2\/users\/1"}],"replies":[{"embeddable":true,"href":"https:\/\/aconteceunovale.com.br\/portal\/index.php?rest_route=%2Fwp%2Fv2%2Fcomments&post=25626"}],"version-history":[{"count":0,"href":"https:\/\/aconteceunovale.com.br\/portal\/index.php?rest_route=\/wp\/v2\/posts\/25626\/revisions"}],"wp:featuredmedia":[{"embeddable":true,"href":"https:\/\/aconteceunovale.com.br\/portal\/index.php?rest_route=\/wp\/v2\/media\/25627"}],"wp:attachment":[{"href":"https:\/\/aconteceunovale.com.br\/portal\/index.php?rest_route=%2Fwp%2Fv2%2Fmedia&parent=25626"}],"wp:term":[{"taxonomy":"category","embeddable":true,"href":"https:\/\/aconteceunovale.com.br\/portal\/index.php?rest_route=%2Fwp%2Fv2%2Fcategories&post=25626"},{"taxonomy":"post_tag","embeddable":true,"href":"https:\/\/aconteceunovale.com.br\/portal\/index.php?rest_route=%2Fwp%2Fv2%2Ftags&post=25626"}],"curies":[{"name":"wp","href":"https:\/\/api.w.org\/{rel}","templated":true}]}}