{"id":25596,"date":"2014-04-03T14:26:32","date_gmt":"2014-04-03T17:26:32","guid":{"rendered":"http:\/\/aconteceunovale.com.br\/portal\/?p=25596"},"modified":"2014-04-03T17:42:30","modified_gmt":"2014-04-03T20:42:30","slug":"rapaz-de-22-anos-e-morto-por-causa-da-namorada-em-santa-rita-de-minas","status":"publish","type":"post","link":"https:\/\/aconteceunovale.com.br\/portal\/?p=25596","title":{"rendered":"Rapaz de 22 anos \u00e9 morto por causa da namorada em Santa Rita de Minas"},"content":{"rendered":"<p>Um rapaz de 22 anos, identificado como Douglas Carlos Pereira, foi morto a tiros na noite dessa quarta-feira (2) em um posto de combust\u00edveis na cidade de Santa Rita de Minas, no Leste de Minas Gerais. Segundo informa\u00e7\u00f5es da Pol\u00edcia Militar, um frentista do posto, Ronivaldo Teixeira Damasceno, de 27 anos, seria o autor dos disparos.<\/p>\n<p>Ainda segundo informa\u00e7\u00f5es da Pol\u00edcia Militar, a v\u00edtima tamb\u00e9m era funcion\u00e1ria do posto. Uma testemunha contou que o frentista estava no fim do expediente, e que a v\u00edtima, que era vigia do estabelecimento, estava iniciando o seu turno.<\/p>\n<p>De acordo com a PM, testemunhas contaram que crime teria sido motivado porque o autor estaria &#8216;dando em cima&#8221; da namorada da v\u00edtima, que teria descoberto e reclamado com ele.<\/p>\n<p>O rapaz de 22 anos foi atingido por dois disparos de arma de fogo, um deles na cabe\u00e7a. O suspeito \u00e9 procurado pela pol\u00edcia. <\/p>\n<p><iframe loading=\"lazy\" width=\"640\" height=\"480\" src=\"\/\/www.youtube.com\/embed\/oNOHya8eHYg\" frameborder=\"0\" allowfullscreen><\/iframe><\/p>\n<p>(G1\/Super Canal)<\/p>\n","protected":false},"excerpt":{"rendered":"<p>Um rapaz de 22 anos, identificado como Douglas Carlos Pereira, foi morto a tiros na noite dessa quarta-feira (2) em um posto de combust\u00edveis na cidade de Santa Rita de Minas, no Leste de Minas Gerais. Segundo informa\u00e7\u00f5es da Pol\u00edcia Militar, um frentista do posto, Ronivaldo Teixeira Damasceno, de 27 anos, seria o autor dos [&hellip;]<\/p>\n","protected":false},"author":1,"featured_media":23328,"comment_status":"open","ping_status":"closed","sticky":false,"template":"","format":"standard","meta":{"amp_status":"","footnotes":""},"categories":[121],"tags":[6257,313],"class_list":["post-25596","post","type-post","status-publish","format-standard","has-post-thumbnail","hentry","category-leste","tag-rapaz-de-22-anos-e-morto-por-causa-da-namorada-em-santa-rita-de-minas","tag-santa-rita-de-minas"],"_links":{"self":[{"href":"https:\/\/aconteceunovale.com.br\/portal\/index.php?rest_route=\/wp\/v2\/posts\/25596","targetHints":{"allow":["GET"]}}],"collection":[{"href":"https:\/\/aconteceunovale.com.br\/portal\/index.php?rest_route=\/wp\/v2\/posts"}],"about":[{"href":"https:\/\/aconteceunovale.com.br\/portal\/index.php?rest_route=\/wp\/v2\/types\/post"}],"author":[{"embeddable":true,"href":"https:\/\/aconteceunovale.com.br\/portal\/index.php?rest_route=\/wp\/v2\/users\/1"}],"replies":[{"embeddable":true,"href":"https:\/\/aconteceunovale.com.br\/portal\/index.php?rest_route=%2Fwp%2Fv2%2Fcomments&post=25596"}],"version-history":[{"count":0,"href":"https:\/\/aconteceunovale.com.br\/portal\/index.php?rest_route=\/wp\/v2\/posts\/25596\/revisions"}],"wp:featuredmedia":[{"embeddable":true,"href":"https:\/\/aconteceunovale.com.br\/portal\/index.php?rest_route=\/wp\/v2\/media\/23328"}],"wp:attachment":[{"href":"https:\/\/aconteceunovale.com.br\/portal\/index.php?rest_route=%2Fwp%2Fv2%2Fmedia&parent=25596"}],"wp:term":[{"taxonomy":"category","embeddable":true,"href":"https:\/\/aconteceunovale.com.br\/portal\/index.php?rest_route=%2Fwp%2Fv2%2Fcategories&post=25596"},{"taxonomy":"post_tag","embeddable":true,"href":"https:\/\/aconteceunovale.com.br\/portal\/index.php?rest_route=%2Fwp%2Fv2%2Ftags&post=25596"}],"curies":[{"name":"wp","href":"https:\/\/api.w.org\/{rel}","templated":true}]}}