{"id":25587,"date":"2014-04-03T14:14:43","date_gmt":"2014-04-03T17:14:43","guid":{"rendered":"http:\/\/aconteceunovale.com.br\/portal\/?p=25587"},"modified":"2014-04-03T18:12:26","modified_gmt":"2014-04-03T21:12:26","slug":"mulher-fica-ferida-em-acidente-no-centro-de-governador-valadares","status":"publish","type":"post","link":"https:\/\/aconteceunovale.com.br\/portal\/?p=25587","title":{"rendered":"Mulher fica ferida em acidente no Centro de Governador Valadares"},"content":{"rendered":"<p><em><strong>Por Felipe Spencer \/ Portal Aconteceu no Vale<\/strong><\/em><\/p>\n<p>Uma mulher ficou ferida em um acidente no in\u00edcio da tarde desta quinta-feira, 03 de mar\u00e7o, no cruzamento das ruas Israel Pinheiro com Belo Horizonte, no Centro de Governador Valadares. Segundo informa\u00e7\u00f5es de populares o ve\u00edculo colidiu com uma motocicleta conduzida por uma mulher. A motocicleta conduzida pela v\u00edtima foi parar embaixo do ve\u00edculo e foi retirada por populares.<\/p>\n<p>A Pol\u00edcia Militar compareceu ao local e fez o boletim de ocorr\u00eancias e posteriormente encaminhou a acidentada para o Hospital Municipal. Aparentemente sem nenhuma les\u00e3o s\u00e9ria, a mulher reclamava apenas de dores nas n\u00e1degas, por ter batido no ch\u00e3o ap\u00f3s o impacto com o ve\u00edculo.<\/p>\n<p><strong>FOTOS DO ACIDENTE:<\/strong><br \/>\n<em>(Fotos: Felipe Spencer \/ Aconteceu no Vale)<\/em><\/p>\n<p><img decoding=\"async\" src=\"http:\/\/aconteceunovale.com.br\/portal\/wp-content\/uploads\/2014\/04\/acidente_gv_centro_03_04_022.jpg\" alt=\"\" \/><\/p>\n<p><img decoding=\"async\" src=\"http:\/\/aconteceunovale.com.br\/portal\/wp-content\/uploads\/2014\/04\/acidente_gv_centro_03_04_012.jpg\" alt=\"\" \/><\/p>\n<p><img decoding=\"async\" src=\"http:\/\/aconteceunovale.com.br\/portal\/wp-content\/uploads\/2014\/04\/acidente_gv_centro_03_04_031.jpg1.jpg\" alt=\"\" \/><\/p>\n","protected":false},"excerpt":{"rendered":"<p>Por Felipe Spencer \/ Portal Aconteceu no Vale Uma mulher ficou ferida em um acidente no in\u00edcio da tarde desta quinta-feira, 03 de mar\u00e7o, no cruzamento das ruas Israel Pinheiro com Belo Horizonte, no Centro de Governador Valadares. Segundo informa\u00e7\u00f5es de populares o ve\u00edculo colidiu com uma motocicleta conduzida por uma mulher. A motocicleta conduzida [&hellip;]<\/p>\n","protected":false},"author":1,"featured_media":25642,"comment_status":"open","ping_status":"closed","sticky":false,"template":"","format":"standard","meta":{"amp_status":"","footnotes":""},"categories":[121],"tags":[247,6256],"class_list":["post-25587","post","type-post","status-publish","format-standard","has-post-thumbnail","hentry","category-leste","tag-governador-valadares","tag-mulher-fica-ferida-em-acidente-no-centro-de-governador-valadares"],"_links":{"self":[{"href":"https:\/\/aconteceunovale.com.br\/portal\/index.php?rest_route=\/wp\/v2\/posts\/25587","targetHints":{"allow":["GET"]}}],"collection":[{"href":"https:\/\/aconteceunovale.com.br\/portal\/index.php?rest_route=\/wp\/v2\/posts"}],"about":[{"href":"https:\/\/aconteceunovale.com.br\/portal\/index.php?rest_route=\/wp\/v2\/types\/post"}],"author":[{"embeddable":true,"href":"https:\/\/aconteceunovale.com.br\/portal\/index.php?rest_route=\/wp\/v2\/users\/1"}],"replies":[{"embeddable":true,"href":"https:\/\/aconteceunovale.com.br\/portal\/index.php?rest_route=%2Fwp%2Fv2%2Fcomments&post=25587"}],"version-history":[{"count":0,"href":"https:\/\/aconteceunovale.com.br\/portal\/index.php?rest_route=\/wp\/v2\/posts\/25587\/revisions"}],"wp:featuredmedia":[{"embeddable":true,"href":"https:\/\/aconteceunovale.com.br\/portal\/index.php?rest_route=\/wp\/v2\/media\/25642"}],"wp:attachment":[{"href":"https:\/\/aconteceunovale.com.br\/portal\/index.php?rest_route=%2Fwp%2Fv2%2Fmedia&parent=25587"}],"wp:term":[{"taxonomy":"category","embeddable":true,"href":"https:\/\/aconteceunovale.com.br\/portal\/index.php?rest_route=%2Fwp%2Fv2%2Fcategories&post=25587"},{"taxonomy":"post_tag","embeddable":true,"href":"https:\/\/aconteceunovale.com.br\/portal\/index.php?rest_route=%2Fwp%2Fv2%2Ftags&post=25587"}],"curies":[{"name":"wp","href":"https:\/\/api.w.org\/{rel}","templated":true}]}}