{"id":25583,"date":"2014-04-03T13:27:53","date_gmt":"2014-04-03T16:27:53","guid":{"rendered":"http:\/\/aconteceunovale.com.br\/portal\/?p=25583"},"modified":"2014-04-04T10:29:29","modified_gmt":"2014-04-04T13:29:29","slug":"moradora-de-sabinopolis-encontra-sapo-morto-dentro-de-embalagem-de-leite-do-programa-leite-pela-vida","status":"publish","type":"post","link":"https:\/\/aconteceunovale.com.br\/portal\/?p=25583","title":{"rendered":"Moradora de Sabin\u00f3polis encontra sapo morto dentro de embalagem de leite do programa Leite pela Vida"},"content":{"rendered":"<p>Uma moradora do Bairro Alenir de Pinho, em Sabin\u00f3polis, no Leste de Minas Gerais encontrou teve uma surpresa nada agrad\u00e1vel na noite desta quarta-feira (02\/04) ao abrir uma embalagem de leite do Programa \u201cLeite pela Vida\u201d do Governo Federal.<\/p>\n<p>De acordo com a moradora, ela pegou o leite na segunda-feira e para sua surpresa, ao abrir a embalagem na ter\u00e7a-feira a noite, deparou-se com um sapo morto em meio ao leite.<\/p>\n<p>Imediatamente ela procurou por um vereador e juntamente com ele, foi at\u00e9 a vigil\u00e2ncia sanit\u00e1ria, no departamento de sa\u00fade para que tomassem conhecimento do caso.<\/p>\n<p>A moradora tem quatro filhos e uma neta com idades entre 02 e 08 anos. Ela est\u00e1 revoltada, pois ap\u00f3s dois dias, nenhuma provid\u00eancia foi tomada e continuam a distribuir o leite como se nada tivesse acontecido.<\/p>\n<p>\u201cEstou chateada, porque at\u00e9 agora ningu\u00e9m me recebeu ou procurou para conversar sobre o assunto. Se ao abrir o saquinho, o sapo n\u00e3o boiasse, poderia ter dado o leite para meus filhos e minha neta. E neste momento eles poderiam estar mortos por envenenamento.\u201d, desabafou a moradora.<\/p>\n<p><img decoding=\"async\" src=\"http:\/\/aconteceunovale.com.br\/portal\/wp-content\/uploads\/2014\/04\/sapo_morto_leite_sabinopolis_1.jpg\" alt=\"\" \/><br \/>\n<\/br><\/p>\n<h4><strong>Esclarecimentos<\/strong><\/h4>\n<p>Procurada pela reportagem do Aconteceu no Vale, \u00e0 coordenadora da Vigil\u00e2ncia Sanit\u00e1ria, Priscila Santos Queiroz falou sobre o que aconteceu e o motivo pelo qual n\u00e3o foi encontrada.<\/p>\n<p><em><strong>\u201cEm atendimento aos questionamentos verbais sobre o fato de ter sido encontrada um &#8220;sapo&#8221; dentro da embalagem de leite, informo que a Vigil\u00e2ncia Sanit\u00e1ria Municipal recebeu uma den\u00fancia nesta data, protocolada sob n\u00ba 58\/2014 onde uma benefici\u00e1ria do Programa Leite pela Vida relatou ter recebido o leite na segunda-feira, dia 31 de mar\u00e7o, e ao abrir a embalagem teve uma desagrad\u00e1vel surpresa. <\/p>\n<p>Percebeu que havia algo diferente dentro da embalagem, mas n\u00e3o sabia exatamente o que era. Ao colocar o leite no recipiente, verificou que se tratava de uma (perereca). Ontem \u00e0 tarde, a reclamante esteve na Secretaria de Sa\u00fade, mas eu estava numa reuni\u00e3o e hoje pela manh\u00e3, ela retornou com a embalagem em m\u00e3os.<\/p>\n<p>Assim que tive conhecimento sobre os fatos, registrei as imagens e encaminhei para o Estado (Superintend\u00eancia Regional de Sa\u00fade de Diamantina) para conhecimento, com intuito de que as provid\u00eancias necess\u00e1rias sejam tomadas a n\u00edvel Estadual.<\/p>\n<p>Al\u00e9m do Estado, a den\u00fancia foi repassada para o Minist\u00e9rio do Desenvolvimento, respons\u00e1vel pelo programa, atrav\u00e9s do 0800 dispon\u00edvel na embalagem. <\/p>\n<p>Gostaria de enfatizar que as usinas de beneficiamento de produtos de origem animal, s\u00e3o inspecionados pelo IMA (Instituto Mineiro de Agropecu\u00e1ria) e n\u00e3o pela Vigil\u00e2ncia Sanit\u00e1ria. Assim, o IMA Regional tamb\u00e9m ser\u00e1 comunicado para devidas provid\u00eancias.<\/p>\n<p>Portanto, a den\u00fancia foi repassada aos \u00f3rg\u00e3os competentes para averigua\u00e7\u00e3o.\u201d <\/strong><\/em> (Priscila Santos Queiroz &#8211; Coordenadora da Vigil\u00e2ncia Sanit\u00e1ria Secretaria Municipal de Sa\u00fade de Sabin\u00f3polis)<\/p>\n<p>Nossa reportagem tamb\u00e9m tentou fazer contato com o a Usina de Beneficiamento Leite do vale Ltda., mas n\u00e3o tivemos \u00eaxito. Continuaremos a contat\u00e1-los para que nos d\u00ea algum esclarecimento sobre o fato.<\/p>\n<p><img decoding=\"async\" src=\"http:\/\/aconteceunovale.com.br\/portal\/wp-content\/uploads\/2014\/04\/sapo_morto_leite_sabinopolis_1.jpg\" alt=\"\" \/><\/p>\n<p><img decoding=\"async\" src=\"http:\/\/aconteceunovale.com.br\/portal\/wp-content\/uploads\/2014\/04\/sapo_morto_leite_sabinopolis_2.jpg\" alt=\"\" \/><\/p>\n<p><img decoding=\"async\" src=\"http:\/\/aconteceunovale.com.br\/portal\/wp-content\/uploads\/2014\/04\/sapo_morto_leite_sabinopolis_4.jpg\" alt=\"\" \/><\/p>\n<p><img decoding=\"async\" src=\"http:\/\/aconteceunovale.com.br\/portal\/wp-content\/uploads\/2014\/04\/sapo_no_leite_sabinopolis_03_04_1.jpg\" alt=\"\" \/><\/p>\n<p><img decoding=\"async\" src=\"http:\/\/aconteceunovale.com.br\/portal\/wp-content\/uploads\/2014\/04\/sapo_no_leite_sabinopolis_03_04_2.jpg\" alt=\"\" \/><\/p>\n<p><strong>(Reda\u00e7\u00e3o do Portal Aconteceu no Vale e TV em Foco)<\/strong><\/p>\n","protected":false},"excerpt":{"rendered":"<p>Uma moradora do Bairro Alenir de Pinho, em Sabin\u00f3polis, no Leste de Minas Gerais encontrou teve uma surpresa nada agrad\u00e1vel na noite desta quarta-feira (02\/04) ao abrir uma embalagem de leite do Programa \u201cLeite pela Vida\u201d do Governo Federal. De acordo com a moradora, ela pegou o leite na segunda-feira e para sua surpresa, ao [&hellip;]<\/p>\n","protected":false},"author":1,"featured_media":25661,"comment_status":"open","ping_status":"closed","sticky":false,"template":"","format":"standard","meta":{"amp_status":"","footnotes":""},"categories":[121],"tags":[1018,6255,977,310],"class_list":["post-25583","post","type-post","status-publish","format-standard","has-post-thumbnail","hentry","category-leste","tag-destaque","tag-moradora-de-sabinopolis-encontra-sapo-morto-dentro-de-embalagem-de-leite-do-programa-leite-pela-vida","tag-programa-leite-pela-vida","tag-sabinopolis"],"_links":{"self":[{"href":"https:\/\/aconteceunovale.com.br\/portal\/index.php?rest_route=\/wp\/v2\/posts\/25583","targetHints":{"allow":["GET"]}}],"collection":[{"href":"https:\/\/aconteceunovale.com.br\/portal\/index.php?rest_route=\/wp\/v2\/posts"}],"about":[{"href":"https:\/\/aconteceunovale.com.br\/portal\/index.php?rest_route=\/wp\/v2\/types\/post"}],"author":[{"embeddable":true,"href":"https:\/\/aconteceunovale.com.br\/portal\/index.php?rest_route=\/wp\/v2\/users\/1"}],"replies":[{"embeddable":true,"href":"https:\/\/aconteceunovale.com.br\/portal\/index.php?rest_route=%2Fwp%2Fv2%2Fcomments&post=25583"}],"version-history":[{"count":0,"href":"https:\/\/aconteceunovale.com.br\/portal\/index.php?rest_route=\/wp\/v2\/posts\/25583\/revisions"}],"wp:featuredmedia":[{"embeddable":true,"href":"https:\/\/aconteceunovale.com.br\/portal\/index.php?rest_route=\/wp\/v2\/media\/25661"}],"wp:attachment":[{"href":"https:\/\/aconteceunovale.com.br\/portal\/index.php?rest_route=%2Fwp%2Fv2%2Fmedia&parent=25583"}],"wp:term":[{"taxonomy":"category","embeddable":true,"href":"https:\/\/aconteceunovale.com.br\/portal\/index.php?rest_route=%2Fwp%2Fv2%2Fcategories&post=25583"},{"taxonomy":"post_tag","embeddable":true,"href":"https:\/\/aconteceunovale.com.br\/portal\/index.php?rest_route=%2Fwp%2Fv2%2Ftags&post=25583"}],"curies":[{"name":"wp","href":"https:\/\/api.w.org\/{rel}","templated":true}]}}