{"id":25573,"date":"2014-04-03T09:02:12","date_gmt":"2014-04-03T12:02:12","guid":{"rendered":"http:\/\/aconteceunovale.com.br\/portal\/?p=25573"},"modified":"2014-04-03T18:36:33","modified_gmt":"2014-04-03T21:36:33","slug":"grave-acidente-em-sao-goncalo-do-rio-preto-deixa-duas-vitimas-fatais-e-sete-feridos","status":"publish","type":"post","link":"https:\/\/aconteceunovale.com.br\/portal\/?p=25573","title":{"rendered":"Grave acidente em S\u00e3o Gon\u00e7alo do Rio Preto deixa duas v\u00edtimas fatais e seis feridos"},"content":{"rendered":"<h4><strong>Ve\u00edculo teria perdido os freios na descida da serra na entrada da cidade. Caminh\u00e3o transportava estrutura do palco do evento &#8216;Minas ao Luar&#8217; em Itamarandiba.<\/strong><\/h4>\n<p><img decoding=\"async\" src=\"http:\/\/aconteceunovale.com.br\/portal\/wp-content\/uploads\/2014\/04\/acidente_rio_preto_03_04_2.jpg\" alt=\"\" \/><em>(Foto: Andr\u00e9 Luiz Vieira)<\/em><br \/>\n<\/br><\/p>\n<p>Um grave acidente na madrugada desta quinta-feira, 03 de abril, deixou duas v\u00edtimas fatais e 6 feridos gravemente em S\u00e3o Gon\u00e7alo do Rio Preto, na Microrregi\u00e3o de Diamantina, no Vale do Jequitinhonha.<\/p>\n<p>De acordo com a Pol\u00edcia Militar, um caminh\u00e3o carregado com estruturas met\u00e1licas de palcos perdeu o freio na descida da Serra, chegando na cidade sentido Diamantina\/Senador Modestino Gon\u00e7alves.<\/p>\n<p>Ainda de acordo com a PM, o caminh\u00e3o ba\u00fa, que transportava a estrutura do palco do evento &#8220;Minas ao Luar&#8221;, percorreu por quase 1 km sem os freios, bateu na mureta da Pra\u00e7a da Matriz e foi parar da parede de uma borracharia. Com o impacto a estrutura de metal transportada ficou espalhada pela rua.<\/p>\n<p>Segundo testemunhas, no caminh\u00e3o viajavam 8 pessoas, sendo 3 na cabine e 5 dentro do ba\u00fa em meio a estrutura. <\/p>\n<p>As v\u00edtimas eram os trabalhadores que montariam a estrutura na cidade de Itamarandiba.Paulo J\u00fanio Ramos Gomes, de 19 anos, e Paulo S\u00e9rgio Gomes de S\u00e1, de 32, morreram no local do acidente. Os outros foram socorridos e levados pelos bombeiros, Servi\u00e7o de Atendimento M\u00f3vel de Urg\u00eancia (Samu) e uma ambul\u00e2ncia do munic\u00edpio ao Pronto Atendimento Santa Isabel, em Diamantina, que fica a cerca de 56 km do local.<\/p>\n<p>Ficaram feridos Jo\u00e3o Carlos dos Santos Silva, de 34, Kaike de Almeida Silva, de 32, St\u00eanio Lib\u00e9rio Nunes, de 28, Cristiano Corr\u00eaa Daniel de Souza, de 26, D\u00eanis de Carvalho, de 28, e Thiago Martins dos Santos, de 30. <\/p>\n<p>Segundo informa\u00e7\u00f5es do hospital, um deles teve fratura na perna e vai ser transferido para a ortopedia. Outros dois tiveram escoria\u00e7\u00f5es mais graves e se encontram no bloco cir\u00fargico. Os demais j\u00e1 foram liberados. O motorista sofreu um corte na testa.<\/p>\n<p>A Pol\u00edcia Civil fez uma per\u00edcia no local e apurar\u00e1 as causas do acidente. <\/p>\n<h4><strong>Nota do Sesc<\/strong><\/h4>\n<p>O Sesc enviou nota em que afirma que &#8220;lamenta profundamente o acidente ocorrido na manh\u00e3 de hoje (03\/04), em S\u00e3o Gon\u00e7alo do Rio Preto, envolvendo caminh\u00e3o-ba\u00fa que transportava a estrutura de palco do Minas ao Luar&#8221;.<\/p>\n<p>Diz ainda que o Sesc &#8220;est\u00e1 acompanhando a apura\u00e7\u00e3o dos fatos junto \u00e0 empresa contratada, Panda Promo\u00e7\u00f5es e Eventos e seus subcontratados, observando todos os aspectos legais, para que n\u00e3o falte nenhum tipo de apoio \u00e0s v\u00edtimas e aos seus familiares. Informa\u00e7\u00f5es detalhadas sobre a ocorr\u00eancia est\u00e3o sendo levantadas visando outras provid\u00eancias que se fizerem necess\u00e1rias&#8221;.<\/p>\n<p>Em virtude dos acontecimentos, o show em Itamarandiba foi adiado e a nova data ainda ser\u00e1 marcada, segundo a institui\u00e7\u00e3o, que n\u00e3o informou previs\u00f5es.<\/p>\n<p><em>Atualizado as 14h35min<\/em><br \/>\n<\/br><\/p>\n<h4><strong>FOTOS DO ACIDENTE:<\/strong><\/h4>\n<p><em>(Fotos publicadas por Andr\u00e9 Luiz Vieira e Messias Leite)<\/em><\/p>\n<p><img decoding=\"async\" src=\"http:\/\/aconteceunovale.com.br\/portal\/wp-content\/uploads\/2014\/04\/acidente_rio_preto_03_04_1.jpg\" alt=\"\" \/><br \/>\n<img decoding=\"async\" src=\"http:\/\/aconteceunovale.com.br\/portal\/wp-content\/uploads\/2014\/04\/acidente_rio_preto_03_04_3.jpg\" alt=\"\" \/><br \/>\n<img decoding=\"async\" src=\"http:\/\/aconteceunovale.com.br\/portal\/wp-content\/uploads\/2014\/04\/acidente_rio_preto_03_04_4.jpg\" alt=\"\" \/><br \/>\n<div id='gallery-1' class='gallery galleryid-25573 gallery-columns-5 gallery-size-thumbnail'><figure class='gallery-item'>\n\t\t\t<div class='gallery-icon landscape'>\n\t\t\t\t<a href='https:\/\/aconteceunovale.com.br\/portal\/wp-content\/uploads\/2014\/04\/acidente_sgrp_03_04_8.jpg'><img loading=\"lazy\" decoding=\"async\" width=\"150\" height=\"150\" src=\"https:\/\/aconteceunovale.com.br\/portal\/wp-content\/uploads\/2014\/04\/acidente_sgrp_03_04_8-150x150.jpg\" class=\"attachment-thumbnail size-thumbnail\" alt=\"\" \/><\/a>\n\t\t\t<\/div><\/figure><figure class='gallery-item'>\n\t\t\t<div class='gallery-icon landscape'>\n\t\t\t\t<a href='https:\/\/aconteceunovale.com.br\/portal\/wp-content\/uploads\/2014\/04\/acidente_sgrp_03_04_7.jpg'><img loading=\"lazy\" decoding=\"async\" width=\"150\" height=\"150\" src=\"https:\/\/aconteceunovale.com.br\/portal\/wp-content\/uploads\/2014\/04\/acidente_sgrp_03_04_7-150x150.jpg\" class=\"attachment-thumbnail size-thumbnail\" alt=\"\" \/><\/a>\n\t\t\t<\/div><\/figure><figure class='gallery-item'>\n\t\t\t<div class='gallery-icon landscape'>\n\t\t\t\t<a href='https:\/\/aconteceunovale.com.br\/portal\/wp-content\/uploads\/2014\/04\/acidente_sgrp_03_04_6.jpg'><img loading=\"lazy\" decoding=\"async\" width=\"150\" height=\"150\" src=\"https:\/\/aconteceunovale.com.br\/portal\/wp-content\/uploads\/2014\/04\/acidente_sgrp_03_04_6-150x150.jpg\" class=\"attachment-thumbnail size-thumbnail\" alt=\"\" \/><\/a>\n\t\t\t<\/div><\/figure><figure class='gallery-item'>\n\t\t\t<div class='gallery-icon landscape'>\n\t\t\t\t<a href='https:\/\/aconteceunovale.com.br\/portal\/wp-content\/uploads\/2014\/04\/acidente_sgrp_03_04_5.jpg'><img loading=\"lazy\" decoding=\"async\" width=\"150\" height=\"150\" src=\"https:\/\/aconteceunovale.com.br\/portal\/wp-content\/uploads\/2014\/04\/acidente_sgrp_03_04_5-150x150.jpg\" class=\"attachment-thumbnail size-thumbnail\" alt=\"\" \/><\/a>\n\t\t\t<\/div><\/figure><figure class='gallery-item'>\n\t\t\t<div class='gallery-icon landscape'>\n\t\t\t\t<a href='https:\/\/aconteceunovale.com.br\/portal\/wp-content\/uploads\/2014\/04\/acidente_sgrp_03_04_4.jpg'><img loading=\"lazy\" decoding=\"async\" width=\"150\" height=\"150\" src=\"https:\/\/aconteceunovale.com.br\/portal\/wp-content\/uploads\/2014\/04\/acidente_sgrp_03_04_4-150x150.jpg\" class=\"attachment-thumbnail size-thumbnail\" alt=\"\" \/><\/a>\n\t\t\t<\/div><\/figure><figure class='gallery-item'>\n\t\t\t<div class='gallery-icon landscape'>\n\t\t\t\t<a href='https:\/\/aconteceunovale.com.br\/portal\/wp-content\/uploads\/2014\/04\/acidente_sgrp_03_04_3.jpg'><img loading=\"lazy\" decoding=\"async\" width=\"150\" height=\"150\" src=\"https:\/\/aconteceunovale.com.br\/portal\/wp-content\/uploads\/2014\/04\/acidente_sgrp_03_04_3-150x150.jpg\" class=\"attachment-thumbnail size-thumbnail\" alt=\"\" \/><\/a>\n\t\t\t<\/div><\/figure><figure class='gallery-item'>\n\t\t\t<div class='gallery-icon landscape'>\n\t\t\t\t<a href='https:\/\/aconteceunovale.com.br\/portal\/wp-content\/uploads\/2014\/04\/acidente_sgrp_03_04_2.jpg'><img loading=\"lazy\" decoding=\"async\" width=\"150\" height=\"150\" src=\"https:\/\/aconteceunovale.com.br\/portal\/wp-content\/uploads\/2014\/04\/acidente_sgrp_03_04_2-150x150.jpg\" class=\"attachment-thumbnail size-thumbnail\" alt=\"\" \/><\/a>\n\t\t\t<\/div><\/figure><figure class='gallery-item'>\n\t\t\t<div class='gallery-icon landscape'>\n\t\t\t\t<a href='https:\/\/aconteceunovale.com.br\/portal\/wp-content\/uploads\/2014\/04\/acidente_sgrp_03_04_1.jpg'><img loading=\"lazy\" decoding=\"async\" width=\"150\" height=\"150\" src=\"https:\/\/aconteceunovale.com.br\/portal\/wp-content\/uploads\/2014\/04\/acidente_sgrp_03_04_1-150x150.jpg\" class=\"attachment-thumbnail size-thumbnail\" alt=\"\" \/><\/a>\n\t\t\t<\/div><\/figure><figure class='gallery-item'>\n\t\t\t<div class='gallery-icon landscape'>\n\t\t\t\t<a href='https:\/\/aconteceunovale.com.br\/portal\/wp-content\/uploads\/2014\/04\/acidente_rio_preto_03_04_1.jpg'><img loading=\"lazy\" decoding=\"async\" width=\"150\" height=\"150\" src=\"https:\/\/aconteceunovale.com.br\/portal\/wp-content\/uploads\/2014\/04\/acidente_rio_preto_03_04_1-150x150.jpg\" class=\"attachment-thumbnail size-thumbnail\" alt=\"\" \/><\/a>\n\t\t\t<\/div><\/figure><figure class='gallery-item'>\n\t\t\t<div class='gallery-icon landscape'>\n\t\t\t\t<a href='https:\/\/aconteceunovale.com.br\/portal\/wp-content\/uploads\/2014\/04\/acidente_rio_preto_03_04_2.jpg'><img loading=\"lazy\" decoding=\"async\" width=\"150\" height=\"150\" src=\"https:\/\/aconteceunovale.com.br\/portal\/wp-content\/uploads\/2014\/04\/acidente_rio_preto_03_04_2-150x150.jpg\" class=\"attachment-thumbnail size-thumbnail\" alt=\"\" \/><\/a>\n\t\t\t<\/div><\/figure><figure class='gallery-item'>\n\t\t\t<div class='gallery-icon landscape'>\n\t\t\t\t<a href='https:\/\/aconteceunovale.com.br\/portal\/wp-content\/uploads\/2014\/04\/acidente_rio_preto_03_04_3.jpg'><img loading=\"lazy\" decoding=\"async\" width=\"150\" height=\"150\" src=\"https:\/\/aconteceunovale.com.br\/portal\/wp-content\/uploads\/2014\/04\/acidente_rio_preto_03_04_3-150x150.jpg\" class=\"attachment-thumbnail size-thumbnail\" alt=\"\" \/><\/a>\n\t\t\t<\/div><\/figure><figure class='gallery-item'>\n\t\t\t<div class='gallery-icon landscape'>\n\t\t\t\t<a href='https:\/\/aconteceunovale.com.br\/portal\/wp-content\/uploads\/2014\/04\/acidente_rio_preto_03_04_4.jpg'><img loading=\"lazy\" decoding=\"async\" width=\"150\" height=\"150\" src=\"https:\/\/aconteceunovale.com.br\/portal\/wp-content\/uploads\/2014\/04\/acidente_rio_preto_03_04_4-150x150.jpg\" class=\"attachment-thumbnail size-thumbnail\" alt=\"\" \/><\/a>\n\t\t\t<\/div><\/figure><figure class='gallery-item'>\n\t\t\t<div class='gallery-icon landscape'>\n\t\t\t\t<a href='https:\/\/aconteceunovale.com.br\/portal\/wp-content\/uploads\/2014\/04\/acidente_rio_preto_03_04_5.jpg'><img loading=\"lazy\" decoding=\"async\" width=\"150\" height=\"150\" src=\"https:\/\/aconteceunovale.com.br\/portal\/wp-content\/uploads\/2014\/04\/acidente_rio_preto_03_04_5-150x150.jpg\" class=\"attachment-thumbnail size-thumbnail\" alt=\"\" \/><\/a>\n\t\t\t<\/div><\/figure><figure class='gallery-item'>\n\t\t\t<div class='gallery-icon landscape'>\n\t\t\t\t<a href='https:\/\/aconteceunovale.com.br\/portal\/wp-content\/uploads\/2014\/04\/acidente_rio_preto_03_04_6.jpg'><img loading=\"lazy\" decoding=\"async\" width=\"150\" height=\"150\" src=\"https:\/\/aconteceunovale.com.br\/portal\/wp-content\/uploads\/2014\/04\/acidente_rio_preto_03_04_6-150x150.jpg\" class=\"attachment-thumbnail size-thumbnail\" alt=\"\" \/><\/a>\n\t\t\t<\/div><\/figure><figure class='gallery-item'>\n\t\t\t<div class='gallery-icon landscape'>\n\t\t\t\t<a href='https:\/\/aconteceunovale.com.br\/portal\/wp-content\/uploads\/2014\/04\/acidente_rio_preto_03_04_7.jpg'><img loading=\"lazy\" decoding=\"async\" width=\"150\" height=\"150\" src=\"https:\/\/aconteceunovale.com.br\/portal\/wp-content\/uploads\/2014\/04\/acidente_rio_preto_03_04_7-150x150.jpg\" class=\"attachment-thumbnail size-thumbnail\" alt=\"\" \/><\/a>\n\t\t\t<\/div><\/figure>\n\t\t<\/div>\n<\/p>\n<p><em>(Se for copiar favor citar a fonte do Portal Aconteceu no Vale. Respeite o nosso trabalho!)<\/em><\/p>\n","protected":false},"excerpt":{"rendered":"<p>Ve\u00edculo teria perdido os freios na descida da serra na entrada da cidade. Caminh\u00e3o transportava estrutura do palco do evento &#8216;Minas ao Luar&#8217; em Itamarandiba. (Foto: Andr\u00e9 Luiz Vieira) Um grave acidente na madrugada desta quinta-feira, 03 de abril, deixou duas v\u00edtimas fatais e 6 feridos gravemente em S\u00e3o Gon\u00e7alo do Rio Preto, na Microrregi\u00e3o [&hellip;]<\/p>\n","protected":false},"author":1,"featured_media":25578,"comment_status":"open","ping_status":"closed","sticky":false,"template":"","format":"standard","meta":{"amp_status":"","footnotes":""},"categories":[120],"tags":[6253,194,1018,198,6254,6252,149,783],"class_list":["post-25573","post","type-post","status-publish","format-standard","has-post-thumbnail","hentry","category-jequi","tag-acidente-com-caminhao-em-sao-goncalo-do-rio-preto","tag-belo-horizonte","tag-destaque","tag-diamantina","tag-fotos-acidente-com-caminhao-em-sao-goncalo-do-rio-preto","tag-grave-acidente-em-sao-goncalo-do-rio-preto-deixa-duas-vitimas-fatais-e-sete-feridos","tag-itamarandiba","tag-sao-goncalo-do-rio-preto"],"_links":{"self":[{"href":"https:\/\/aconteceunovale.com.br\/portal\/index.php?rest_route=\/wp\/v2\/posts\/25573","targetHints":{"allow":["GET"]}}],"collection":[{"href":"https:\/\/aconteceunovale.com.br\/portal\/index.php?rest_route=\/wp\/v2\/posts"}],"about":[{"href":"https:\/\/aconteceunovale.com.br\/portal\/index.php?rest_route=\/wp\/v2\/types\/post"}],"author":[{"embeddable":true,"href":"https:\/\/aconteceunovale.com.br\/portal\/index.php?rest_route=\/wp\/v2\/users\/1"}],"replies":[{"embeddable":true,"href":"https:\/\/aconteceunovale.com.br\/portal\/index.php?rest_route=%2Fwp%2Fv2%2Fcomments&post=25573"}],"version-history":[{"count":0,"href":"https:\/\/aconteceunovale.com.br\/portal\/index.php?rest_route=\/wp\/v2\/posts\/25573\/revisions"}],"wp:featuredmedia":[{"embeddable":true,"href":"https:\/\/aconteceunovale.com.br\/portal\/index.php?rest_route=\/wp\/v2\/media\/25578"}],"wp:attachment":[{"href":"https:\/\/aconteceunovale.com.br\/portal\/index.php?rest_route=%2Fwp%2Fv2%2Fmedia&parent=25573"}],"wp:term":[{"taxonomy":"category","embeddable":true,"href":"https:\/\/aconteceunovale.com.br\/portal\/index.php?rest_route=%2Fwp%2Fv2%2Fcategories&post=25573"},{"taxonomy":"post_tag","embeddable":true,"href":"https:\/\/aconteceunovale.com.br\/portal\/index.php?rest_route=%2Fwp%2Fv2%2Ftags&post=25573"}],"curies":[{"name":"wp","href":"https:\/\/api.w.org\/{rel}","templated":true}]}}